{"id":9426,"date":"2025-03-19T21:16:04","date_gmt":"2025-03-20T03:16:04","guid":{"rendered":"https:\/\/ndpnoticias.com.mx\/?p=9426"},"modified":"2025-03-19T21:16:07","modified_gmt":"2025-03-20T03:16:07","slug":"gobernadora-delfina-gomez-reconoce-a-los-artesanos-con-primer-galardon","status":"publish","type":"post","link":"https:\/\/ndpnoticias.com.mx\/?p=9426","title":{"rendered":"GOBERNADORA DELFINA G\u00d3MEZ RECONOCE A LOS ARTESANOS CON PRIMER GALARD\u00d3N"},"content":{"rendered":"\n<ul class=\"wp-block-list\">\n<li>Impulso hist\u00f3rico con actualizaci\u00f3n de padr\u00f3n, apoyos econ\u00f3micos y digitalizaci\u00f3n para el sector artesanal<\/li>\n<\/ul>\n\n\n\n<p>Toluca, M\u00e9x.\u2013 En una ceremonia celebrada en el Centro de Convenciones de Toluca con motivo del D\u00eda Internacional del Artesano, la Gobernadora Delfina G\u00f3mez \u00c1lvarez otorg\u00f3 el Primer Galard\u00f3n Artesanal a 78 destacados creadores del Estado de M\u00e9xico. La entrega forma parte de una estrategia integral para fortalecer el gremio, que incluye la ampliaci\u00f3n del padr\u00f3n de artesanos, nuevos apoyos econ\u00f3micos y la digitalizaci\u00f3n de la credencializaci\u00f3n.<\/p>\n\n\n\n<p>La mandataria destac\u00f3 que la actualizaci\u00f3n del registro, que ya cuenta con 1,200 artesanos, es fundamental para potenciar la oferta y venta de artesan\u00edas mexiquenses en mercados nacionales e internacionales, permitiendo a los creadores comercializar sus productos de forma directa, sin intermediarios. Asimismo, resalt\u00f3 el impacto positivo del programa \u201cManos M\u00e1gicas\u201d, dise\u00f1ado para proporcionar incentivos econ\u00f3micos que fortalezcan el desarrollo de espacios artesanales en destinos con alto potencial tur\u00edstico.<\/p>\n\n\n\n<p>En el marco de esta pol\u00edtica, el Gobierno del Estado de M\u00e9xico ha impulsado m\u00e1s de 200 exposiciones y ferias durante 2024, beneficiando a m\u00e1s de 1,800 creadores, y ha capacitado a 5,750 personas en 13 ramas artesanales, que abarcan desde textiles y alfarer\u00eda hasta talabarter\u00eda y lapidaria. La Secretaria de Cultura y Turismo, Nelly Minerva Carrasco God\u00ednez, enfatiz\u00f3 que estas acciones consolidan a la entidad como la tercera a nivel nacional en empadronamiento del sector, parte esencial del Plan de Desarrollo enfocado en \u201cEmpleo digno y Desarrollo econ\u00f3mico\u201d.<\/p>\n\n\n\n<p>Por su parte, Agust\u00edn Herrera P\u00e9rez, Director General del IIFAEM, asegur\u00f3 que se seguir\u00e1n promoviendo jornadas de credencializaci\u00f3n y se ampliar\u00e1 la digitalizaci\u00f3n del registro para que ning\u00fan artesano quede fuera de los nuevos apoyos y convocatorias. Entre los asistentes a la ceremonia se encontraban tambi\u00e9n Horacio Duarte Olivares, Jos\u00e9 Francisco V\u00e1zquez Rodr\u00edguez y Ricardo Moreno Bastida, quienes reforzaron el compromiso conjunto para impulsar el desarrollo del sector artesanal.<\/p>\n","protected":false},"excerpt":{"rendered":"<p>Toluca, M\u00e9x.\u2013 En una ceremonia celebrada en el Centro de Convenciones de Toluca con motivo del D\u00eda Internacional del Artesano, la Gobernadora Delfina G\u00f3mez \u00c1lvarez otorg\u00f3 el Primer Galard\u00f3n Artesanal&hellip; <\/p>\n","protected":false},"author":1,"featured_media":9427,"comment_status":"open","ping_status":"closed","sticky":false,"template":"","format":"standard","meta":{"footnotes":""},"categories":[20],"tags":[],"class_list":["post-9426","post","type-post","status-publish","format-standard","has-post-thumbnail","hentry","category-destacadas"],"yoast_head":"<!-- This site is optimized with the Yoast SEO plugin v22.9 - https:\/\/yoast.com\/wordpress\/plugins\/seo\/ -->\n<title>GOBERNADORA DELFINA G\u00d3MEZ RECONOCE A LOS ARTESANOS CON PRIMER GALARD\u00d3N - NDP Noticias<\/title>\n<meta name=\"robots\" content=\"index, follow, max-snippet:-1, max-image-preview:large, max-video-preview:-1\" \/>\n<link rel=\"canonical\" href=\"https:\/\/ndpnoticias.com.mx\/?p=9426\" \/>\n<meta property=\"og:locale\" content=\"es_ES\" \/>\n<meta property=\"og:type\" content=\"article\" \/>\n<meta property=\"og:title\" content=\"GOBERNADORA DELFINA G\u00d3MEZ RECONOCE A LOS ARTESANOS CON PRIMER GALARD\u00d3N - NDP Noticias\" \/>\n<meta property=\"og:description\" content=\"Toluca, M\u00e9x.\u2013 En una ceremonia celebrada en el Centro de Convenciones de Toluca con motivo del D\u00eda Internacional del Artesano, la Gobernadora Delfina G\u00f3mez \u00c1lvarez otorg\u00f3 el Primer Galard\u00f3n Artesanal&hellip;\" \/>\n<meta property=\"og:url\" content=\"https:\/\/ndpnoticias.com.mx\/?p=9426\" \/>\n<meta property=\"og:site_name\" content=\"NDP Noticias\" \/>\n<meta property=\"article:published_time\" content=\"2025-03-20T03:16:04+00:00\" \/>\n<meta property=\"article:modified_time\" content=\"2025-03-20T03:16:07+00:00\" \/>\n<meta property=\"og:image\" content=\"https:\/\/ndpnoticias.com.mx\/wp-content\/uploads\/2025\/03\/90b65fe7-ed3f-4918-a9e9-0eca852f48cd.jpeg\" \/>\n\t<meta property=\"og:image:width\" content=\"1600\" \/>\n\t<meta property=\"og:image:height\" content=\"900\" \/>\n\t<meta property=\"og:image:type\" content=\"image\/jpeg\" \/>\n<meta name=\"author\" content=\"admin\" \/>\n<meta name=\"twitter:card\" content=\"summary_large_image\" \/>\n<meta name=\"twitter:label1\" content=\"Escrito por\" \/>\n\t<meta name=\"twitter:data1\" content=\"admin\" \/>\n\t<meta name=\"twitter:label2\" content=\"Tiempo de lectura\" \/>\n\t<meta name=\"twitter:data2\" content=\"2 minutos\" \/>\n<script type=\"application\/ld+json\" class=\"yoast-schema-graph\">{\"@context\":\"https:\/\/schema.org\",\"@graph\":[{\"@type\":\"Article\",\"@id\":\"https:\/\/ndpnoticias.com.mx\/?p=9426#article\",\"isPartOf\":{\"@id\":\"https:\/\/ndpnoticias.com.mx\/?p=9426\"},\"author\":{\"name\":\"admin\",\"@id\":\"https:\/\/ndpnoticias.com.mx\/#\/schema\/person\/76f3f372c2bedd0bf44c0c3fb0adc6ca\"},\"headline\":\"GOBERNADORA DELFINA G\u00d3MEZ RECONOCE A LOS ARTESANOS CON PRIMER GALARD\u00d3N\",\"datePublished\":\"2025-03-20T03:16:04+00:00\",\"dateModified\":\"2025-03-20T03:16:07+00:00\",\"mainEntityOfPage\":{\"@id\":\"https:\/\/ndpnoticias.com.mx\/?p=9426\"},\"wordCount\":351,\"commentCount\":0,\"publisher\":{\"@id\":\"https:\/\/ndpnoticias.com.mx\/#organization\"},\"image\":{\"@id\":\"https:\/\/ndpnoticias.com.mx\/?p=9426#primaryimage\"},\"thumbnailUrl\":\"https:\/\/ndpnoticias.com.mx\/wp-content\/uploads\/2025\/03\/90b65fe7-ed3f-4918-a9e9-0eca852f48cd.jpeg\",\"articleSection\":[\"Destacadas\"],\"inLanguage\":\"es\",\"potentialAction\":[{\"@type\":\"CommentAction\",\"name\":\"Comment\",\"target\":[\"https:\/\/ndpnoticias.com.mx\/?p=9426#respond\"]}]},{\"@type\":\"WebPage\",\"@id\":\"https:\/\/ndpnoticias.com.mx\/?p=9426\",\"url\":\"https:\/\/ndpnoticias.com.mx\/?p=9426\",\"name\":\"GOBERNADORA DELFINA G\u00d3MEZ RECONOCE A LOS ARTESANOS CON PRIMER GALARD\u00d3N - NDP Noticias\",\"isPartOf\":{\"@id\":\"https:\/\/ndpnoticias.com.mx\/#website\"},\"primaryImageOfPage\":{\"@id\":\"https:\/\/ndpnoticias.com.mx\/?p=9426#primaryimage\"},\"image\":{\"@id\":\"https:\/\/ndpnoticias.com.mx\/?p=9426#primaryimage\"},\"thumbnailUrl\":\"https:\/\/ndpnoticias.com.mx\/wp-content\/uploads\/2025\/03\/90b65fe7-ed3f-4918-a9e9-0eca852f48cd.jpeg\",\"datePublished\":\"2025-03-20T03:16:04+00:00\",\"dateModified\":\"2025-03-20T03:16:07+00:00\",\"breadcrumb\":{\"@id\":\"https:\/\/ndpnoticias.com.mx\/?p=9426#breadcrumb\"},\"inLanguage\":\"es\",\"potentialAction\":[{\"@type\":\"ReadAction\",\"target\":[\"https:\/\/ndpnoticias.com.mx\/?p=9426\"]}]},{\"@type\":\"ImageObject\",\"inLanguage\":\"es\",\"@id\":\"https:\/\/ndpnoticias.com.mx\/?p=9426#primaryimage\",\"url\":\"https:\/\/ndpnoticias.com.mx\/wp-content\/uploads\/2025\/03\/90b65fe7-ed3f-4918-a9e9-0eca852f48cd.jpeg\",\"contentUrl\":\"https:\/\/ndpnoticias.com.mx\/wp-content\/uploads\/2025\/03\/90b65fe7-ed3f-4918-a9e9-0eca852f48cd.jpeg\",\"width\":1600,\"height\":900},{\"@type\":\"BreadcrumbList\",\"@id\":\"https:\/\/ndpnoticias.com.mx\/?p=9426#breadcrumb\",\"itemListElement\":[{\"@type\":\"ListItem\",\"position\":1,\"name\":\"Portada\",\"item\":\"https:\/\/ndpnoticias.com.mx\/\"},{\"@type\":\"ListItem\",\"position\":2,\"name\":\"GOBERNADORA DELFINA G\u00d3MEZ RECONOCE A LOS ARTESANOS CON PRIMER GALARD\u00d3N\"}]},{\"@type\":\"WebSite\",\"@id\":\"https:\/\/ndpnoticias.com.mx\/#website\",\"url\":\"https:\/\/ndpnoticias.com.mx\/\",\"name\":\"NDP Noticias\",\"description\":\"\",\"publisher\":{\"@id\":\"https:\/\/ndpnoticias.com.mx\/#organization\"},\"potentialAction\":[{\"@type\":\"SearchAction\",\"target\":{\"@type\":\"EntryPoint\",\"urlTemplate\":\"https:\/\/ndpnoticias.com.mx\/?s={search_term_string}\"},\"query-input\":\"required name=search_term_string\"}],\"inLanguage\":\"es\"},{\"@type\":\"Organization\",\"@id\":\"https:\/\/ndpnoticias.com.mx\/#organization\",\"name\":\"NDP Noticias\",\"url\":\"https:\/\/ndpnoticias.com.mx\/\",\"logo\":{\"@type\":\"ImageObject\",\"inLanguage\":\"es\",\"@id\":\"https:\/\/ndpnoticias.com.mx\/#\/schema\/logo\/image\/\",\"url\":\"https:\/\/ndpnoticias.com.mx\/wp-content\/uploads\/2024\/01\/cropped-IMG_3802-1.jpeg\",\"contentUrl\":\"https:\/\/ndpnoticias.com.mx\/wp-content\/uploads\/2024\/01\/cropped-IMG_3802-1.jpeg\",\"width\":472,\"height\":80,\"caption\":\"NDP Noticias\"},\"image\":{\"@id\":\"https:\/\/ndpnoticias.com.mx\/#\/schema\/logo\/image\/\"}},{\"@type\":\"Person\",\"@id\":\"https:\/\/ndpnoticias.com.mx\/#\/schema\/person\/76f3f372c2bedd0bf44c0c3fb0adc6ca\",\"name\":\"admin\",\"image\":{\"@type\":\"ImageObject\",\"inLanguage\":\"es\",\"@id\":\"https:\/\/ndpnoticias.com.mx\/#\/schema\/person\/image\/\",\"url\":\"https:\/\/secure.gravatar.com\/avatar\/76d7e481f585a42e41243c8312642a6f526d9b06cd67b616fc58155ca4786d1a?s=96&d=mm&r=g\",\"contentUrl\":\"https:\/\/secure.gravatar.com\/avatar\/76d7e481f585a42e41243c8312642a6f526d9b06cd67b616fc58155ca4786d1a?s=96&d=mm&r=g\",\"caption\":\"admin\"},\"sameAs\":[\"https:\/\/ndpnoticias.com.mx\"],\"url\":\"https:\/\/ndpnoticias.com.mx\/?author=1\"}]}<\/script>\n<!-- \/ Yoast SEO plugin. -->","yoast_head_json":{"title":"GOBERNADORA DELFINA G\u00d3MEZ RECONOCE A LOS ARTESANOS CON PRIMER GALARD\u00d3N - NDP Noticias","robots":{"index":"index","follow":"follow","max-snippet":"max-snippet:-1","max-image-preview":"max-image-preview:large","max-video-preview":"max-video-preview:-1"},"canonical":"https:\/\/ndpnoticias.com.mx\/?p=9426","og_locale":"es_ES","og_type":"article","og_title":"GOBERNADORA DELFINA G\u00d3MEZ RECONOCE A LOS ARTESANOS CON PRIMER GALARD\u00d3N - NDP Noticias","og_description":"Toluca, M\u00e9x.\u2013 En una ceremonia celebrada en el Centro de Convenciones de Toluca con motivo del D\u00eda Internacional del Artesano, la Gobernadora Delfina G\u00f3mez \u00c1lvarez otorg\u00f3 el Primer Galard\u00f3n Artesanal&hellip;","og_url":"https:\/\/ndpnoticias.com.mx\/?p=9426","og_site_name":"NDP Noticias","article_published_time":"2025-03-20T03:16:04+00:00","article_modified_time":"2025-03-20T03:16:07+00:00","og_image":[{"width":1600,"height":900,"url":"https:\/\/ndpnoticias.com.mx\/wp-content\/uploads\/2025\/03\/90b65fe7-ed3f-4918-a9e9-0eca852f48cd.jpeg","type":"image\/jpeg"}],"author":"admin","twitter_card":"summary_large_image","twitter_misc":{"Escrito por":"admin","Tiempo de lectura":"2 minutos"},"schema":{"@context":"https:\/\/schema.org","@graph":[{"@type":"Article","@id":"https:\/\/ndpnoticias.com.mx\/?p=9426#article","isPartOf":{"@id":"https:\/\/ndpnoticias.com.mx\/?p=9426"},"author":{"name":"admin","@id":"https:\/\/ndpnoticias.com.mx\/#\/schema\/person\/76f3f372c2bedd0bf44c0c3fb0adc6ca"},"headline":"GOBERNADORA DELFINA G\u00d3MEZ RECONOCE A LOS ARTESANOS CON PRIMER GALARD\u00d3N","datePublished":"2025-03-20T03:16:04+00:00","dateModified":"2025-03-20T03:16:07+00:00","mainEntityOfPage":{"@id":"https:\/\/ndpnoticias.com.mx\/?p=9426"},"wordCount":351,"commentCount":0,"publisher":{"@id":"https:\/\/ndpnoticias.com.mx\/#organization"},"image":{"@id":"https:\/\/ndpnoticias.com.mx\/?p=9426#primaryimage"},"thumbnailUrl":"https:\/\/ndpnoticias.com.mx\/wp-content\/uploads\/2025\/03\/90b65fe7-ed3f-4918-a9e9-0eca852f48cd.jpeg","articleSection":["Destacadas"],"inLanguage":"es","potentialAction":[{"@type":"CommentAction","name":"Comment","target":["https:\/\/ndpnoticias.com.mx\/?p=9426#respond"]}]},{"@type":"WebPage","@id":"https:\/\/ndpnoticias.com.mx\/?p=9426","url":"https:\/\/ndpnoticias.com.mx\/?p=9426","name":"GOBERNADORA DELFINA G\u00d3MEZ RECONOCE A LOS ARTESANOS CON PRIMER GALARD\u00d3N - NDP Noticias","isPartOf":{"@id":"https:\/\/ndpnoticias.com.mx\/#website"},"primaryImageOfPage":{"@id":"https:\/\/ndpnoticias.com.mx\/?p=9426#primaryimage"},"image":{"@id":"https:\/\/ndpnoticias.com.mx\/?p=9426#primaryimage"},"thumbnailUrl":"https:\/\/ndpnoticias.com.mx\/wp-content\/uploads\/2025\/03\/90b65fe7-ed3f-4918-a9e9-0eca852f48cd.jpeg","datePublished":"2025-03-20T03:16:04+00:00","dateModified":"2025-03-20T03:16:07+00:00","breadcrumb":{"@id":"https:\/\/ndpnoticias.com.mx\/?p=9426#breadcrumb"},"inLanguage":"es","potentialAction":[{"@type":"ReadAction","target":["https:\/\/ndpnoticias.com.mx\/?p=9426"]}]},{"@type":"ImageObject","inLanguage":"es","@id":"https:\/\/ndpnoticias.com.mx\/?p=9426#primaryimage","url":"https:\/\/ndpnoticias.com.mx\/wp-content\/uploads\/2025\/03\/90b65fe7-ed3f-4918-a9e9-0eca852f48cd.jpeg","contentUrl":"https:\/\/ndpnoticias.com.mx\/wp-content\/uploads\/2025\/03\/90b65fe7-ed3f-4918-a9e9-0eca852f48cd.jpeg","width":1600,"height":900},{"@type":"BreadcrumbList","@id":"https:\/\/ndpnoticias.com.mx\/?p=9426#breadcrumb","itemListElement":[{"@type":"ListItem","position":1,"name":"Portada","item":"https:\/\/ndpnoticias.com.mx\/"},{"@type":"ListItem","position":2,"name":"GOBERNADORA DELFINA G\u00d3MEZ RECONOCE A LOS ARTESANOS CON PRIMER GALARD\u00d3N"}]},{"@type":"WebSite","@id":"https:\/\/ndpnoticias.com.mx\/#website","url":"https:\/\/ndpnoticias.com.mx\/","name":"NDP Noticias","description":"","publisher":{"@id":"https:\/\/ndpnoticias.com.mx\/#organization"},"potentialAction":[{"@type":"SearchAction","target":{"@type":"EntryPoint","urlTemplate":"https:\/\/ndpnoticias.com.mx\/?s={search_term_string}"},"query-input":"required name=search_term_string"}],"inLanguage":"es"},{"@type":"Organization","@id":"https:\/\/ndpnoticias.com.mx\/#organization","name":"NDP Noticias","url":"https:\/\/ndpnoticias.com.mx\/","logo":{"@type":"ImageObject","inLanguage":"es","@id":"https:\/\/ndpnoticias.com.mx\/#\/schema\/logo\/image\/","url":"https:\/\/ndpnoticias.com.mx\/wp-content\/uploads\/2024\/01\/cropped-IMG_3802-1.jpeg","contentUrl":"https:\/\/ndpnoticias.com.mx\/wp-content\/uploads\/2024\/01\/cropped-IMG_3802-1.jpeg","width":472,"height":80,"caption":"NDP Noticias"},"image":{"@id":"https:\/\/ndpnoticias.com.mx\/#\/schema\/logo\/image\/"}},{"@type":"Person","@id":"https:\/\/ndpnoticias.com.mx\/#\/schema\/person\/76f3f372c2bedd0bf44c0c3fb0adc6ca","name":"admin","image":{"@type":"ImageObject","inLanguage":"es","@id":"https:\/\/ndpnoticias.com.mx\/#\/schema\/person\/image\/","url":"https:\/\/secure.gravatar.com\/avatar\/76d7e481f585a42e41243c8312642a6f526d9b06cd67b616fc58155ca4786d1a?s=96&d=mm&r=g","contentUrl":"https:\/\/secure.gravatar.com\/avatar\/76d7e481f585a42e41243c8312642a6f526d9b06cd67b616fc58155ca4786d1a?s=96&d=mm&r=g","caption":"admin"},"sameAs":["https:\/\/ndpnoticias.com.mx"],"url":"https:\/\/ndpnoticias.com.mx\/?author=1"}]}},"_links":{"self":[{"href":"https:\/\/ndpnoticias.com.mx\/index.php?rest_route=\/wp\/v2\/posts\/9426","targetHints":{"allow":["GET"]}}],"collection":[{"href":"https:\/\/ndpnoticias.com.mx\/index.php?rest_route=\/wp\/v2\/posts"}],"about":[{"href":"https:\/\/ndpnoticias.com.mx\/index.php?rest_route=\/wp\/v2\/types\/post"}],"author":[{"embeddable":true,"href":"https:\/\/ndpnoticias.com.mx\/index.php?rest_route=\/wp\/v2\/users\/1"}],"replies":[{"embeddable":true,"href":"https:\/\/ndpnoticias.com.mx\/index.php?rest_route=%2Fwp%2Fv2%2Fcomments&post=9426"}],"version-history":[{"count":1,"href":"https:\/\/ndpnoticias.com.mx\/index.php?rest_route=\/wp\/v2\/posts\/9426\/revisions"}],"predecessor-version":[{"id":9428,"href":"https:\/\/ndpnoticias.com.mx\/index.php?rest_route=\/wp\/v2\/posts\/9426\/revisions\/9428"}],"wp:featuredmedia":[{"embeddable":true,"href":"https:\/\/ndpnoticias.com.mx\/index.php?rest_route=\/wp\/v2\/media\/9427"}],"wp:attachment":[{"href":"https:\/\/ndpnoticias.com.mx\/index.php?rest_route=%2Fwp%2Fv2%2Fmedia&parent=9426"}],"wp:term":[{"taxonomy":"category","embeddable":true,"href":"https:\/\/ndpnoticias.com.mx\/index.php?rest_route=%2Fwp%2Fv2%2Fcategories&post=9426"},{"taxonomy":"post_tag","embeddable":true,"href":"https:\/\/ndpnoticias.com.mx\/index.php?rest_route=%2Fwp%2Fv2%2Ftags&post=9426"}],"curies":[{"name":"wp","href":"https:\/\/api.w.org\/{rel}","templated":true}]}}