{"id":8246,"date":"2025-01-28T18:22:19","date_gmt":"2025-01-29T00:22:19","guid":{"rendered":"https:\/\/ndpnoticias.com.mx\/?p=8246"},"modified":"2025-01-28T18:22:21","modified_gmt":"2025-01-29T00:22:21","slug":"enrique-vargas-declina-coordinacion-del-pan-en-el-senado","status":"publish","type":"post","link":"https:\/\/ndpnoticias.com.mx\/?p=8246","title":{"rendered":"ENRIQUE VARGAS DECLINA COORDINACI\u00d3N DEL PAN EN EL SENADO"},"content":{"rendered":"\n<ul class=\"wp-block-list\">\n<li><strong>Respaldar\u00e1 la continuidad de Guadalupe Murgu\u00eda en el cargo<\/strong><\/li>\n<\/ul>\n\n\n\n<p><strong>Ciudad de M\u00e9xico.- El senador Enrique Vargas del Villar anunci\u00f3 que no buscar\u00e1 asumir la coordinaci\u00f3n del Grupo Parlamentario del PAN en el Senado de la Rep\u00fablica, manifestando su respaldo para que la senadora Guadalupe Murgu\u00eda contin\u00fae al frente de esta posici\u00f3n.<\/strong><\/p>\n\n\n\n<p><strong>Vargas del Villar destac\u00f3 que la designaci\u00f3n del coordinador recae en el presidente del Comit\u00e9 Ejecutivo Nacional del PAN, Jorge Romero, y asegur\u00f3 que la decisi\u00f3n ser\u00e1 oficializada en los pr\u00f3ximos d\u00edas.<\/strong><\/p>\n\n\n\n<p><strong>El legislador enfatiz\u00f3 que la bancada panista en la C\u00e1mara Alta se encuentra unida y enfocada en dar una batalla estrat\u00e9gica durante el pr\u00f3ximo periodo de sesiones, particularmente en las discusiones relacionadas con reformas clave, subrayando que la prioridad ser\u00e1 la defensa de los intereses de M\u00e9xico.<\/strong><\/p>\n\n\n\n<p><strong>Con este pronunciamiento, Enrique Vargas refuerza su postura de apoyo a la actual dirigencia del grupo parlamentario y reafirma el compromiso del PAN de participar de manera activa y propositiva en los debates legislativos.<\/strong><\/p>\n","protected":false},"excerpt":{"rendered":"<p>Ciudad de M\u00e9xico.- El senador Enrique Vargas del Villar anunci\u00f3 que no buscar\u00e1 asumir la coordinaci\u00f3n del Grupo Parlamentario del PAN en el Senado de la Rep\u00fablica, manifestando su respaldo&hellip; <\/p>\n","protected":false},"author":1,"featured_media":8247,"comment_status":"open","ping_status":"closed","sticky":false,"template":"","format":"standard","meta":{"footnotes":""},"categories":[44],"tags":[],"class_list":["post-8246","post","type-post","status-publish","format-standard","has-post-thumbnail","hentry","category-senado"],"yoast_head":"<!-- This site is optimized with the Yoast SEO plugin v22.9 - https:\/\/yoast.com\/wordpress\/plugins\/seo\/ -->\n<title>ENRIQUE VARGAS DECLINA COORDINACI\u00d3N DEL PAN EN EL SENADO - NDP Noticias<\/title>\n<meta name=\"robots\" content=\"index, follow, max-snippet:-1, max-image-preview:large, max-video-preview:-1\" \/>\n<link rel=\"canonical\" href=\"https:\/\/ndpnoticias.com.mx\/?p=8246\" \/>\n<meta property=\"og:locale\" content=\"es_ES\" \/>\n<meta property=\"og:type\" content=\"article\" \/>\n<meta property=\"og:title\" content=\"ENRIQUE VARGAS DECLINA COORDINACI\u00d3N DEL PAN EN EL SENADO - NDP Noticias\" \/>\n<meta property=\"og:description\" content=\"Ciudad de M\u00e9xico.- El senador Enrique Vargas del Villar anunci\u00f3 que no buscar\u00e1 asumir la coordinaci\u00f3n del Grupo Parlamentario del PAN en el Senado de la Rep\u00fablica, manifestando su respaldo&hellip;\" \/>\n<meta property=\"og:url\" content=\"https:\/\/ndpnoticias.com.mx\/?p=8246\" \/>\n<meta property=\"og:site_name\" content=\"NDP Noticias\" \/>\n<meta property=\"article:published_time\" content=\"2025-01-29T00:22:19+00:00\" \/>\n<meta property=\"article:modified_time\" content=\"2025-01-29T00:22:21+00:00\" \/>\n<meta property=\"og:image\" content=\"https:\/\/ndpnoticias.com.mx\/wp-content\/uploads\/2025\/01\/IMG_0058.jpeg\" \/>\n\t<meta property=\"og:image:width\" content=\"1290\" \/>\n\t<meta property=\"og:image:height\" content=\"726\" \/>\n\t<meta property=\"og:image:type\" content=\"image\/jpeg\" \/>\n<meta name=\"author\" content=\"admin\" \/>\n<meta name=\"twitter:card\" content=\"summary_large_image\" \/>\n<meta name=\"twitter:label1\" content=\"Escrito por\" \/>\n\t<meta name=\"twitter:data1\" content=\"admin\" \/>\n\t<meta name=\"twitter:label2\" content=\"Tiempo de lectura\" \/>\n\t<meta name=\"twitter:data2\" content=\"1 minuto\" \/>\n<script type=\"application\/ld+json\" class=\"yoast-schema-graph\">{\"@context\":\"https:\/\/schema.org\",\"@graph\":[{\"@type\":\"Article\",\"@id\":\"https:\/\/ndpnoticias.com.mx\/?p=8246#article\",\"isPartOf\":{\"@id\":\"https:\/\/ndpnoticias.com.mx\/?p=8246\"},\"author\":{\"name\":\"admin\",\"@id\":\"https:\/\/ndpnoticias.com.mx\/#\/schema\/person\/76f3f372c2bedd0bf44c0c3fb0adc6ca\"},\"headline\":\"ENRIQUE VARGAS DECLINA COORDINACI\u00d3N DEL PAN EN EL SENADO\",\"datePublished\":\"2025-01-29T00:22:19+00:00\",\"dateModified\":\"2025-01-29T00:22:21+00:00\",\"mainEntityOfPage\":{\"@id\":\"https:\/\/ndpnoticias.com.mx\/?p=8246\"},\"wordCount\":190,\"commentCount\":0,\"publisher\":{\"@id\":\"https:\/\/ndpnoticias.com.mx\/#organization\"},\"image\":{\"@id\":\"https:\/\/ndpnoticias.com.mx\/?p=8246#primaryimage\"},\"thumbnailUrl\":\"https:\/\/ndpnoticias.com.mx\/wp-content\/uploads\/2025\/01\/IMG_0058.jpeg\",\"articleSection\":[\"Senado\"],\"inLanguage\":\"es\",\"potentialAction\":[{\"@type\":\"CommentAction\",\"name\":\"Comment\",\"target\":[\"https:\/\/ndpnoticias.com.mx\/?p=8246#respond\"]}]},{\"@type\":\"WebPage\",\"@id\":\"https:\/\/ndpnoticias.com.mx\/?p=8246\",\"url\":\"https:\/\/ndpnoticias.com.mx\/?p=8246\",\"name\":\"ENRIQUE VARGAS DECLINA COORDINACI\u00d3N DEL PAN EN EL SENADO - NDP Noticias\",\"isPartOf\":{\"@id\":\"https:\/\/ndpnoticias.com.mx\/#website\"},\"primaryImageOfPage\":{\"@id\":\"https:\/\/ndpnoticias.com.mx\/?p=8246#primaryimage\"},\"image\":{\"@id\":\"https:\/\/ndpnoticias.com.mx\/?p=8246#primaryimage\"},\"thumbnailUrl\":\"https:\/\/ndpnoticias.com.mx\/wp-content\/uploads\/2025\/01\/IMG_0058.jpeg\",\"datePublished\":\"2025-01-29T00:22:19+00:00\",\"dateModified\":\"2025-01-29T00:22:21+00:00\",\"breadcrumb\":{\"@id\":\"https:\/\/ndpnoticias.com.mx\/?p=8246#breadcrumb\"},\"inLanguage\":\"es\",\"potentialAction\":[{\"@type\":\"ReadAction\",\"target\":[\"https:\/\/ndpnoticias.com.mx\/?p=8246\"]}]},{\"@type\":\"ImageObject\",\"inLanguage\":\"es\",\"@id\":\"https:\/\/ndpnoticias.com.mx\/?p=8246#primaryimage\",\"url\":\"https:\/\/ndpnoticias.com.mx\/wp-content\/uploads\/2025\/01\/IMG_0058.jpeg\",\"contentUrl\":\"https:\/\/ndpnoticias.com.mx\/wp-content\/uploads\/2025\/01\/IMG_0058.jpeg\",\"width\":1290,\"height\":726},{\"@type\":\"BreadcrumbList\",\"@id\":\"https:\/\/ndpnoticias.com.mx\/?p=8246#breadcrumb\",\"itemListElement\":[{\"@type\":\"ListItem\",\"position\":1,\"name\":\"Portada\",\"item\":\"https:\/\/ndpnoticias.com.mx\/\"},{\"@type\":\"ListItem\",\"position\":2,\"name\":\"ENRIQUE VARGAS DECLINA COORDINACI\u00d3N DEL PAN EN EL SENADO\"}]},{\"@type\":\"WebSite\",\"@id\":\"https:\/\/ndpnoticias.com.mx\/#website\",\"url\":\"https:\/\/ndpnoticias.com.mx\/\",\"name\":\"NDP Noticias\",\"description\":\"\",\"publisher\":{\"@id\":\"https:\/\/ndpnoticias.com.mx\/#organization\"},\"potentialAction\":[{\"@type\":\"SearchAction\",\"target\":{\"@type\":\"EntryPoint\",\"urlTemplate\":\"https:\/\/ndpnoticias.com.mx\/?s={search_term_string}\"},\"query-input\":\"required name=search_term_string\"}],\"inLanguage\":\"es\"},{\"@type\":\"Organization\",\"@id\":\"https:\/\/ndpnoticias.com.mx\/#organization\",\"name\":\"NDP Noticias\",\"url\":\"https:\/\/ndpnoticias.com.mx\/\",\"logo\":{\"@type\":\"ImageObject\",\"inLanguage\":\"es\",\"@id\":\"https:\/\/ndpnoticias.com.mx\/#\/schema\/logo\/image\/\",\"url\":\"https:\/\/ndpnoticias.com.mx\/wp-content\/uploads\/2024\/01\/cropped-IMG_3802-1.jpeg\",\"contentUrl\":\"https:\/\/ndpnoticias.com.mx\/wp-content\/uploads\/2024\/01\/cropped-IMG_3802-1.jpeg\",\"width\":472,\"height\":80,\"caption\":\"NDP Noticias\"},\"image\":{\"@id\":\"https:\/\/ndpnoticias.com.mx\/#\/schema\/logo\/image\/\"}},{\"@type\":\"Person\",\"@id\":\"https:\/\/ndpnoticias.com.mx\/#\/schema\/person\/76f3f372c2bedd0bf44c0c3fb0adc6ca\",\"name\":\"admin\",\"image\":{\"@type\":\"ImageObject\",\"inLanguage\":\"es\",\"@id\":\"https:\/\/ndpnoticias.com.mx\/#\/schema\/person\/image\/\",\"url\":\"https:\/\/secure.gravatar.com\/avatar\/76d7e481f585a42e41243c8312642a6f526d9b06cd67b616fc58155ca4786d1a?s=96&d=mm&r=g\",\"contentUrl\":\"https:\/\/secure.gravatar.com\/avatar\/76d7e481f585a42e41243c8312642a6f526d9b06cd67b616fc58155ca4786d1a?s=96&d=mm&r=g\",\"caption\":\"admin\"},\"sameAs\":[\"https:\/\/ndpnoticias.com.mx\"],\"url\":\"https:\/\/ndpnoticias.com.mx\/?author=1\"}]}<\/script>\n<!-- \/ Yoast SEO plugin. -->","yoast_head_json":{"title":"ENRIQUE VARGAS DECLINA COORDINACI\u00d3N DEL PAN EN EL SENADO - NDP Noticias","robots":{"index":"index","follow":"follow","max-snippet":"max-snippet:-1","max-image-preview":"max-image-preview:large","max-video-preview":"max-video-preview:-1"},"canonical":"https:\/\/ndpnoticias.com.mx\/?p=8246","og_locale":"es_ES","og_type":"article","og_title":"ENRIQUE VARGAS DECLINA COORDINACI\u00d3N DEL PAN EN EL SENADO - NDP Noticias","og_description":"Ciudad de M\u00e9xico.- El senador Enrique Vargas del Villar anunci\u00f3 que no buscar\u00e1 asumir la coordinaci\u00f3n del Grupo Parlamentario del PAN en el Senado de la Rep\u00fablica, manifestando su respaldo&hellip;","og_url":"https:\/\/ndpnoticias.com.mx\/?p=8246","og_site_name":"NDP Noticias","article_published_time":"2025-01-29T00:22:19+00:00","article_modified_time":"2025-01-29T00:22:21+00:00","og_image":[{"width":1290,"height":726,"url":"https:\/\/ndpnoticias.com.mx\/wp-content\/uploads\/2025\/01\/IMG_0058.jpeg","type":"image\/jpeg"}],"author":"admin","twitter_card":"summary_large_image","twitter_misc":{"Escrito por":"admin","Tiempo de lectura":"1 minuto"},"schema":{"@context":"https:\/\/schema.org","@graph":[{"@type":"Article","@id":"https:\/\/ndpnoticias.com.mx\/?p=8246#article","isPartOf":{"@id":"https:\/\/ndpnoticias.com.mx\/?p=8246"},"author":{"name":"admin","@id":"https:\/\/ndpnoticias.com.mx\/#\/schema\/person\/76f3f372c2bedd0bf44c0c3fb0adc6ca"},"headline":"ENRIQUE VARGAS DECLINA COORDINACI\u00d3N DEL PAN EN EL SENADO","datePublished":"2025-01-29T00:22:19+00:00","dateModified":"2025-01-29T00:22:21+00:00","mainEntityOfPage":{"@id":"https:\/\/ndpnoticias.com.mx\/?p=8246"},"wordCount":190,"commentCount":0,"publisher":{"@id":"https:\/\/ndpnoticias.com.mx\/#organization"},"image":{"@id":"https:\/\/ndpnoticias.com.mx\/?p=8246#primaryimage"},"thumbnailUrl":"https:\/\/ndpnoticias.com.mx\/wp-content\/uploads\/2025\/01\/IMG_0058.jpeg","articleSection":["Senado"],"inLanguage":"es","potentialAction":[{"@type":"CommentAction","name":"Comment","target":["https:\/\/ndpnoticias.com.mx\/?p=8246#respond"]}]},{"@type":"WebPage","@id":"https:\/\/ndpnoticias.com.mx\/?p=8246","url":"https:\/\/ndpnoticias.com.mx\/?p=8246","name":"ENRIQUE VARGAS DECLINA COORDINACI\u00d3N DEL PAN EN EL SENADO - NDP Noticias","isPartOf":{"@id":"https:\/\/ndpnoticias.com.mx\/#website"},"primaryImageOfPage":{"@id":"https:\/\/ndpnoticias.com.mx\/?p=8246#primaryimage"},"image":{"@id":"https:\/\/ndpnoticias.com.mx\/?p=8246#primaryimage"},"thumbnailUrl":"https:\/\/ndpnoticias.com.mx\/wp-content\/uploads\/2025\/01\/IMG_0058.jpeg","datePublished":"2025-01-29T00:22:19+00:00","dateModified":"2025-01-29T00:22:21+00:00","breadcrumb":{"@id":"https:\/\/ndpnoticias.com.mx\/?p=8246#breadcrumb"},"inLanguage":"es","potentialAction":[{"@type":"ReadAction","target":["https:\/\/ndpnoticias.com.mx\/?p=8246"]}]},{"@type":"ImageObject","inLanguage":"es","@id":"https:\/\/ndpnoticias.com.mx\/?p=8246#primaryimage","url":"https:\/\/ndpnoticias.com.mx\/wp-content\/uploads\/2025\/01\/IMG_0058.jpeg","contentUrl":"https:\/\/ndpnoticias.com.mx\/wp-content\/uploads\/2025\/01\/IMG_0058.jpeg","width":1290,"height":726},{"@type":"BreadcrumbList","@id":"https:\/\/ndpnoticias.com.mx\/?p=8246#breadcrumb","itemListElement":[{"@type":"ListItem","position":1,"name":"Portada","item":"https:\/\/ndpnoticias.com.mx\/"},{"@type":"ListItem","position":2,"name":"ENRIQUE VARGAS DECLINA COORDINACI\u00d3N DEL PAN EN EL SENADO"}]},{"@type":"WebSite","@id":"https:\/\/ndpnoticias.com.mx\/#website","url":"https:\/\/ndpnoticias.com.mx\/","name":"NDP Noticias","description":"","publisher":{"@id":"https:\/\/ndpnoticias.com.mx\/#organization"},"potentialAction":[{"@type":"SearchAction","target":{"@type":"EntryPoint","urlTemplate":"https:\/\/ndpnoticias.com.mx\/?s={search_term_string}"},"query-input":"required name=search_term_string"}],"inLanguage":"es"},{"@type":"Organization","@id":"https:\/\/ndpnoticias.com.mx\/#organization","name":"NDP Noticias","url":"https:\/\/ndpnoticias.com.mx\/","logo":{"@type":"ImageObject","inLanguage":"es","@id":"https:\/\/ndpnoticias.com.mx\/#\/schema\/logo\/image\/","url":"https:\/\/ndpnoticias.com.mx\/wp-content\/uploads\/2024\/01\/cropped-IMG_3802-1.jpeg","contentUrl":"https:\/\/ndpnoticias.com.mx\/wp-content\/uploads\/2024\/01\/cropped-IMG_3802-1.jpeg","width":472,"height":80,"caption":"NDP Noticias"},"image":{"@id":"https:\/\/ndpnoticias.com.mx\/#\/schema\/logo\/image\/"}},{"@type":"Person","@id":"https:\/\/ndpnoticias.com.mx\/#\/schema\/person\/76f3f372c2bedd0bf44c0c3fb0adc6ca","name":"admin","image":{"@type":"ImageObject","inLanguage":"es","@id":"https:\/\/ndpnoticias.com.mx\/#\/schema\/person\/image\/","url":"https:\/\/secure.gravatar.com\/avatar\/76d7e481f585a42e41243c8312642a6f526d9b06cd67b616fc58155ca4786d1a?s=96&d=mm&r=g","contentUrl":"https:\/\/secure.gravatar.com\/avatar\/76d7e481f585a42e41243c8312642a6f526d9b06cd67b616fc58155ca4786d1a?s=96&d=mm&r=g","caption":"admin"},"sameAs":["https:\/\/ndpnoticias.com.mx"],"url":"https:\/\/ndpnoticias.com.mx\/?author=1"}]}},"_links":{"self":[{"href":"https:\/\/ndpnoticias.com.mx\/index.php?rest_route=\/wp\/v2\/posts\/8246","targetHints":{"allow":["GET"]}}],"collection":[{"href":"https:\/\/ndpnoticias.com.mx\/index.php?rest_route=\/wp\/v2\/posts"}],"about":[{"href":"https:\/\/ndpnoticias.com.mx\/index.php?rest_route=\/wp\/v2\/types\/post"}],"author":[{"embeddable":true,"href":"https:\/\/ndpnoticias.com.mx\/index.php?rest_route=\/wp\/v2\/users\/1"}],"replies":[{"embeddable":true,"href":"https:\/\/ndpnoticias.com.mx\/index.php?rest_route=%2Fwp%2Fv2%2Fcomments&post=8246"}],"version-history":[{"count":1,"href":"https:\/\/ndpnoticias.com.mx\/index.php?rest_route=\/wp\/v2\/posts\/8246\/revisions"}],"predecessor-version":[{"id":8248,"href":"https:\/\/ndpnoticias.com.mx\/index.php?rest_route=\/wp\/v2\/posts\/8246\/revisions\/8248"}],"wp:featuredmedia":[{"embeddable":true,"href":"https:\/\/ndpnoticias.com.mx\/index.php?rest_route=\/wp\/v2\/media\/8247"}],"wp:attachment":[{"href":"https:\/\/ndpnoticias.com.mx\/index.php?rest_route=%2Fwp%2Fv2%2Fmedia&parent=8246"}],"wp:term":[{"taxonomy":"category","embeddable":true,"href":"https:\/\/ndpnoticias.com.mx\/index.php?rest_route=%2Fwp%2Fv2%2Fcategories&post=8246"},{"taxonomy":"post_tag","embeddable":true,"href":"https:\/\/ndpnoticias.com.mx\/index.php?rest_route=%2Fwp%2Fv2%2Ftags&post=8246"}],"curies":[{"name":"wp","href":"https:\/\/api.w.org\/{rel}","templated":true}]}}