{"id":7138,"date":"2024-12-02T17:27:37","date_gmt":"2024-12-02T23:27:37","guid":{"rendered":"https:\/\/ndpnoticias.com.mx\/?p=7138"},"modified":"2024-12-02T17:27:40","modified_gmt":"2024-12-02T23:27:40","slug":"delfina-gomez-fortalece-su-liderazgo-politico-con-nueva-dirigencia-de-morena-en-edomex","status":"publish","type":"post","link":"https:\/\/ndpnoticias.com.mx\/?p=7138","title":{"rendered":"DELFINA G\u00d3MEZ FORTALECE SU LIDERAZGO POL\u00cdTICO CON NUEVA DIRIGENCIA DE MORENA EN EDOMEX"},"content":{"rendered":"\n<ul class=\"wp-block-list\">\n<li><strong>El partido ser\u00e1 un pilar clave para impulsar la transformaci\u00f3n en la entidad, asegura Max Correa<\/strong><\/li>\n<\/ul>\n\n\n\n<p><strong>Tlalnepantla, M\u00e9x.-&nbsp;<\/strong><strong>El reciente proceso de elecci\u00f3n en el Comit\u00e9 Ejecutivo Estatal de Morena en el Estado de M\u00e9xico refuerza la posici\u00f3n de liderazgo de la gobernadora Delfina G\u00f3mez \u00c1lvarez, asegur\u00f3 Max Correa Hern\u00e1ndez, consejero estatal del partido. Seg\u00fan el tambi\u00e9n dirigente de la Central Campesina Cardenista (CCC), la nueva dirigencia ser\u00e1 un respaldo crucial para avanzar en los objetivos de la Cuarta Transformaci\u00f3n en la entidad.<\/strong><\/p>\n\n\n\n<p><strong>Correa destac\u00f3 que la elecci\u00f3n de Luz Mar\u00eda Hern\u00e1ndez como presidenta estatal de Morena, con 259 votos, y de Ana Mar\u00eda Olvera como secretaria de Organizaci\u00f3n, con 246 votos, fue un ejercicio democr\u00e1tico aunque no exento de desaf\u00edos. \u201cSi bien se logr\u00f3 una participaci\u00f3n amplia, lamentablemente no se concret\u00f3 una planilla de unidad. Esto dividi\u00f3 a los consejeros en dos bloques: uno apoyado por dos senadores y otro respaldando a la gobernadora Delfina G\u00f3mez\u201d, explic\u00f3.<\/strong><\/p>\n\n\n\n<p><strong>PRIORIDADES DE LA NUEVA DIRIGENCIA<\/strong><\/p>\n\n\n\n<p><strong>El consejero enfatiz\u00f3 que la Presidencia y la Secretar\u00eda de Organizaci\u00f3n eran fundamentales para avanzar en la meta de afiliar a 10 millones de ciudadanos a nivel nacional, como lo estableci\u00f3 el Congreso Nacional de Morena. En el caso del Estado de M\u00e9xico, la estrategia se centrar\u00e1 en la formaci\u00f3n de comit\u00e9s seccionales en las m\u00e1s de 6 mil secciones electorales de la entidad, con miras a consolidar a Morena como la principal fuerza pol\u00edtica en los comicios de 2025.<\/strong><\/p>\n\n\n\n<p><strong>DESAF\u00cdOS Y EXPECTATIVAS<\/strong><\/p>\n\n\n\n<p><strong>Correa subray\u00f3 que el principal reto para Morena ser\u00e1 cumplir con las expectativas de la ciudadan\u00eda, especialmente cuando los gobiernos municipales morenistas asuman funciones el 1 de enero de 2025, aline\u00e1ndose con los gobiernos estatal y federal. \u201cDebemos demostrar resultados en gobernabilidad y transformaci\u00f3n para que Morena mantenga su liderazgo en el Estado de M\u00e9xico y a nivel nacional\u201d, concluy\u00f3.<\/strong><\/p>\n\n\n\n<p><strong>La elecci\u00f3n marca un nuevo cap\u00edtulo para Morena en la entidad, con el partido posicion\u00e1ndose como un eje central en los esfuerzos de transformaci\u00f3n liderados por Delfina G\u00f3mez.<\/strong><\/p>\n","protected":false},"excerpt":{"rendered":"<p>Tlalnepantla, M\u00e9x.-&nbsp;El reciente proceso de elecci\u00f3n en el Comit\u00e9 Ejecutivo Estatal de Morena en el Estado de M\u00e9xico refuerza la posici\u00f3n de liderazgo de la gobernadora Delfina G\u00f3mez \u00c1lvarez, asegur\u00f3&hellip; <\/p>\n","protected":false},"author":1,"featured_media":7139,"comment_status":"open","ping_status":"closed","sticky":false,"template":"","format":"standard","meta":{"footnotes":""},"categories":[35],"tags":[],"class_list":["post-7138","post","type-post","status-publish","format-standard","has-post-thumbnail","hentry","category-morena"],"yoast_head":"<!-- This site is optimized with the Yoast SEO plugin v22.9 - https:\/\/yoast.com\/wordpress\/plugins\/seo\/ -->\n<title>DELFINA G\u00d3MEZ FORTALECE SU LIDERAZGO POL\u00cdTICO CON NUEVA DIRIGENCIA DE MORENA EN EDOMEX - NDP Noticias<\/title>\n<meta name=\"robots\" content=\"index, follow, max-snippet:-1, max-image-preview:large, max-video-preview:-1\" \/>\n<link rel=\"canonical\" href=\"https:\/\/ndpnoticias.com.mx\/?p=7138\" \/>\n<meta property=\"og:locale\" content=\"es_ES\" \/>\n<meta property=\"og:type\" content=\"article\" \/>\n<meta property=\"og:title\" content=\"DELFINA G\u00d3MEZ FORTALECE SU LIDERAZGO POL\u00cdTICO CON NUEVA DIRIGENCIA DE MORENA EN EDOMEX - NDP Noticias\" \/>\n<meta property=\"og:description\" content=\"Tlalnepantla, M\u00e9x.-&nbsp;El reciente proceso de elecci\u00f3n en el Comit\u00e9 Ejecutivo Estatal de Morena en el Estado de M\u00e9xico refuerza la posici\u00f3n de liderazgo de la gobernadora Delfina G\u00f3mez \u00c1lvarez, asegur\u00f3&hellip;\" \/>\n<meta property=\"og:url\" content=\"https:\/\/ndpnoticias.com.mx\/?p=7138\" \/>\n<meta property=\"og:site_name\" content=\"NDP Noticias\" \/>\n<meta property=\"article:published_time\" content=\"2024-12-02T23:27:37+00:00\" \/>\n<meta property=\"article:modified_time\" content=\"2024-12-02T23:27:40+00:00\" \/>\n<meta property=\"og:image\" content=\"https:\/\/ndpnoticias.com.mx\/wp-content\/uploads\/2024\/12\/75110db3-c058-4bdb-b5d0-3a2775dcd157.jpeg\" \/>\n\t<meta property=\"og:image:width\" content=\"1540\" \/>\n\t<meta property=\"og:image:height\" content=\"866\" \/>\n\t<meta property=\"og:image:type\" content=\"image\/jpeg\" \/>\n<meta name=\"author\" content=\"admin\" \/>\n<meta name=\"twitter:card\" content=\"summary_large_image\" \/>\n<meta name=\"twitter:label1\" content=\"Escrito por\" \/>\n\t<meta name=\"twitter:data1\" content=\"admin\" \/>\n\t<meta name=\"twitter:label2\" content=\"Tiempo de lectura\" \/>\n\t<meta name=\"twitter:data2\" content=\"2 minutos\" \/>\n<script type=\"application\/ld+json\" class=\"yoast-schema-graph\">{\"@context\":\"https:\/\/schema.org\",\"@graph\":[{\"@type\":\"Article\",\"@id\":\"https:\/\/ndpnoticias.com.mx\/?p=7138#article\",\"isPartOf\":{\"@id\":\"https:\/\/ndpnoticias.com.mx\/?p=7138\"},\"author\":{\"name\":\"admin\",\"@id\":\"https:\/\/ndpnoticias.com.mx\/#\/schema\/person\/76f3f372c2bedd0bf44c0c3fb0adc6ca\"},\"headline\":\"DELFINA G\u00d3MEZ FORTALECE SU LIDERAZGO POL\u00cdTICO CON NUEVA DIRIGENCIA DE MORENA EN EDOMEX\",\"datePublished\":\"2024-12-02T23:27:37+00:00\",\"dateModified\":\"2024-12-02T23:27:40+00:00\",\"mainEntityOfPage\":{\"@id\":\"https:\/\/ndpnoticias.com.mx\/?p=7138\"},\"wordCount\":380,\"commentCount\":0,\"publisher\":{\"@id\":\"https:\/\/ndpnoticias.com.mx\/#organization\"},\"image\":{\"@id\":\"https:\/\/ndpnoticias.com.mx\/?p=7138#primaryimage\"},\"thumbnailUrl\":\"https:\/\/ndpnoticias.com.mx\/wp-content\/uploads\/2024\/12\/75110db3-c058-4bdb-b5d0-3a2775dcd157.jpeg\",\"articleSection\":[\"Morena\"],\"inLanguage\":\"es\",\"potentialAction\":[{\"@type\":\"CommentAction\",\"name\":\"Comment\",\"target\":[\"https:\/\/ndpnoticias.com.mx\/?p=7138#respond\"]}]},{\"@type\":\"WebPage\",\"@id\":\"https:\/\/ndpnoticias.com.mx\/?p=7138\",\"url\":\"https:\/\/ndpnoticias.com.mx\/?p=7138\",\"name\":\"DELFINA G\u00d3MEZ FORTALECE SU LIDERAZGO POL\u00cdTICO CON NUEVA DIRIGENCIA DE MORENA EN EDOMEX - NDP Noticias\",\"isPartOf\":{\"@id\":\"https:\/\/ndpnoticias.com.mx\/#website\"},\"primaryImageOfPage\":{\"@id\":\"https:\/\/ndpnoticias.com.mx\/?p=7138#primaryimage\"},\"image\":{\"@id\":\"https:\/\/ndpnoticias.com.mx\/?p=7138#primaryimage\"},\"thumbnailUrl\":\"https:\/\/ndpnoticias.com.mx\/wp-content\/uploads\/2024\/12\/75110db3-c058-4bdb-b5d0-3a2775dcd157.jpeg\",\"datePublished\":\"2024-12-02T23:27:37+00:00\",\"dateModified\":\"2024-12-02T23:27:40+00:00\",\"breadcrumb\":{\"@id\":\"https:\/\/ndpnoticias.com.mx\/?p=7138#breadcrumb\"},\"inLanguage\":\"es\",\"potentialAction\":[{\"@type\":\"ReadAction\",\"target\":[\"https:\/\/ndpnoticias.com.mx\/?p=7138\"]}]},{\"@type\":\"ImageObject\",\"inLanguage\":\"es\",\"@id\":\"https:\/\/ndpnoticias.com.mx\/?p=7138#primaryimage\",\"url\":\"https:\/\/ndpnoticias.com.mx\/wp-content\/uploads\/2024\/12\/75110db3-c058-4bdb-b5d0-3a2775dcd157.jpeg\",\"contentUrl\":\"https:\/\/ndpnoticias.com.mx\/wp-content\/uploads\/2024\/12\/75110db3-c058-4bdb-b5d0-3a2775dcd157.jpeg\",\"width\":1540,\"height\":866},{\"@type\":\"BreadcrumbList\",\"@id\":\"https:\/\/ndpnoticias.com.mx\/?p=7138#breadcrumb\",\"itemListElement\":[{\"@type\":\"ListItem\",\"position\":1,\"name\":\"Portada\",\"item\":\"https:\/\/ndpnoticias.com.mx\/\"},{\"@type\":\"ListItem\",\"position\":2,\"name\":\"DELFINA G\u00d3MEZ FORTALECE SU LIDERAZGO POL\u00cdTICO CON NUEVA DIRIGENCIA DE MORENA EN EDOMEX\"}]},{\"@type\":\"WebSite\",\"@id\":\"https:\/\/ndpnoticias.com.mx\/#website\",\"url\":\"https:\/\/ndpnoticias.com.mx\/\",\"name\":\"NDP Noticias\",\"description\":\"\",\"publisher\":{\"@id\":\"https:\/\/ndpnoticias.com.mx\/#organization\"},\"potentialAction\":[{\"@type\":\"SearchAction\",\"target\":{\"@type\":\"EntryPoint\",\"urlTemplate\":\"https:\/\/ndpnoticias.com.mx\/?s={search_term_string}\"},\"query-input\":\"required name=search_term_string\"}],\"inLanguage\":\"es\"},{\"@type\":\"Organization\",\"@id\":\"https:\/\/ndpnoticias.com.mx\/#organization\",\"name\":\"NDP Noticias\",\"url\":\"https:\/\/ndpnoticias.com.mx\/\",\"logo\":{\"@type\":\"ImageObject\",\"inLanguage\":\"es\",\"@id\":\"https:\/\/ndpnoticias.com.mx\/#\/schema\/logo\/image\/\",\"url\":\"https:\/\/ndpnoticias.com.mx\/wp-content\/uploads\/2024\/01\/cropped-IMG_3802-1.jpeg\",\"contentUrl\":\"https:\/\/ndpnoticias.com.mx\/wp-content\/uploads\/2024\/01\/cropped-IMG_3802-1.jpeg\",\"width\":472,\"height\":80,\"caption\":\"NDP Noticias\"},\"image\":{\"@id\":\"https:\/\/ndpnoticias.com.mx\/#\/schema\/logo\/image\/\"}},{\"@type\":\"Person\",\"@id\":\"https:\/\/ndpnoticias.com.mx\/#\/schema\/person\/76f3f372c2bedd0bf44c0c3fb0adc6ca\",\"name\":\"admin\",\"image\":{\"@type\":\"ImageObject\",\"inLanguage\":\"es\",\"@id\":\"https:\/\/ndpnoticias.com.mx\/#\/schema\/person\/image\/\",\"url\":\"https:\/\/secure.gravatar.com\/avatar\/76d7e481f585a42e41243c8312642a6f526d9b06cd67b616fc58155ca4786d1a?s=96&d=mm&r=g\",\"contentUrl\":\"https:\/\/secure.gravatar.com\/avatar\/76d7e481f585a42e41243c8312642a6f526d9b06cd67b616fc58155ca4786d1a?s=96&d=mm&r=g\",\"caption\":\"admin\"},\"sameAs\":[\"https:\/\/ndpnoticias.com.mx\"],\"url\":\"https:\/\/ndpnoticias.com.mx\/?author=1\"}]}<\/script>\n<!-- \/ Yoast SEO plugin. -->","yoast_head_json":{"title":"DELFINA G\u00d3MEZ FORTALECE SU LIDERAZGO POL\u00cdTICO CON NUEVA DIRIGENCIA DE MORENA EN EDOMEX - NDP Noticias","robots":{"index":"index","follow":"follow","max-snippet":"max-snippet:-1","max-image-preview":"max-image-preview:large","max-video-preview":"max-video-preview:-1"},"canonical":"https:\/\/ndpnoticias.com.mx\/?p=7138","og_locale":"es_ES","og_type":"article","og_title":"DELFINA G\u00d3MEZ FORTALECE SU LIDERAZGO POL\u00cdTICO CON NUEVA DIRIGENCIA DE MORENA EN EDOMEX - NDP Noticias","og_description":"Tlalnepantla, M\u00e9x.-&nbsp;El reciente proceso de elecci\u00f3n en el Comit\u00e9 Ejecutivo Estatal de Morena en el Estado de M\u00e9xico refuerza la posici\u00f3n de liderazgo de la gobernadora Delfina G\u00f3mez \u00c1lvarez, asegur\u00f3&hellip;","og_url":"https:\/\/ndpnoticias.com.mx\/?p=7138","og_site_name":"NDP Noticias","article_published_time":"2024-12-02T23:27:37+00:00","article_modified_time":"2024-12-02T23:27:40+00:00","og_image":[{"width":1540,"height":866,"url":"https:\/\/ndpnoticias.com.mx\/wp-content\/uploads\/2024\/12\/75110db3-c058-4bdb-b5d0-3a2775dcd157.jpeg","type":"image\/jpeg"}],"author":"admin","twitter_card":"summary_large_image","twitter_misc":{"Escrito por":"admin","Tiempo de lectura":"2 minutos"},"schema":{"@context":"https:\/\/schema.org","@graph":[{"@type":"Article","@id":"https:\/\/ndpnoticias.com.mx\/?p=7138#article","isPartOf":{"@id":"https:\/\/ndpnoticias.com.mx\/?p=7138"},"author":{"name":"admin","@id":"https:\/\/ndpnoticias.com.mx\/#\/schema\/person\/76f3f372c2bedd0bf44c0c3fb0adc6ca"},"headline":"DELFINA G\u00d3MEZ FORTALECE SU LIDERAZGO POL\u00cdTICO CON NUEVA DIRIGENCIA DE MORENA EN EDOMEX","datePublished":"2024-12-02T23:27:37+00:00","dateModified":"2024-12-02T23:27:40+00:00","mainEntityOfPage":{"@id":"https:\/\/ndpnoticias.com.mx\/?p=7138"},"wordCount":380,"commentCount":0,"publisher":{"@id":"https:\/\/ndpnoticias.com.mx\/#organization"},"image":{"@id":"https:\/\/ndpnoticias.com.mx\/?p=7138#primaryimage"},"thumbnailUrl":"https:\/\/ndpnoticias.com.mx\/wp-content\/uploads\/2024\/12\/75110db3-c058-4bdb-b5d0-3a2775dcd157.jpeg","articleSection":["Morena"],"inLanguage":"es","potentialAction":[{"@type":"CommentAction","name":"Comment","target":["https:\/\/ndpnoticias.com.mx\/?p=7138#respond"]}]},{"@type":"WebPage","@id":"https:\/\/ndpnoticias.com.mx\/?p=7138","url":"https:\/\/ndpnoticias.com.mx\/?p=7138","name":"DELFINA G\u00d3MEZ FORTALECE SU LIDERAZGO POL\u00cdTICO CON NUEVA DIRIGENCIA DE MORENA EN EDOMEX - NDP Noticias","isPartOf":{"@id":"https:\/\/ndpnoticias.com.mx\/#website"},"primaryImageOfPage":{"@id":"https:\/\/ndpnoticias.com.mx\/?p=7138#primaryimage"},"image":{"@id":"https:\/\/ndpnoticias.com.mx\/?p=7138#primaryimage"},"thumbnailUrl":"https:\/\/ndpnoticias.com.mx\/wp-content\/uploads\/2024\/12\/75110db3-c058-4bdb-b5d0-3a2775dcd157.jpeg","datePublished":"2024-12-02T23:27:37+00:00","dateModified":"2024-12-02T23:27:40+00:00","breadcrumb":{"@id":"https:\/\/ndpnoticias.com.mx\/?p=7138#breadcrumb"},"inLanguage":"es","potentialAction":[{"@type":"ReadAction","target":["https:\/\/ndpnoticias.com.mx\/?p=7138"]}]},{"@type":"ImageObject","inLanguage":"es","@id":"https:\/\/ndpnoticias.com.mx\/?p=7138#primaryimage","url":"https:\/\/ndpnoticias.com.mx\/wp-content\/uploads\/2024\/12\/75110db3-c058-4bdb-b5d0-3a2775dcd157.jpeg","contentUrl":"https:\/\/ndpnoticias.com.mx\/wp-content\/uploads\/2024\/12\/75110db3-c058-4bdb-b5d0-3a2775dcd157.jpeg","width":1540,"height":866},{"@type":"BreadcrumbList","@id":"https:\/\/ndpnoticias.com.mx\/?p=7138#breadcrumb","itemListElement":[{"@type":"ListItem","position":1,"name":"Portada","item":"https:\/\/ndpnoticias.com.mx\/"},{"@type":"ListItem","position":2,"name":"DELFINA G\u00d3MEZ FORTALECE SU LIDERAZGO POL\u00cdTICO CON NUEVA DIRIGENCIA DE MORENA EN EDOMEX"}]},{"@type":"WebSite","@id":"https:\/\/ndpnoticias.com.mx\/#website","url":"https:\/\/ndpnoticias.com.mx\/","name":"NDP Noticias","description":"","publisher":{"@id":"https:\/\/ndpnoticias.com.mx\/#organization"},"potentialAction":[{"@type":"SearchAction","target":{"@type":"EntryPoint","urlTemplate":"https:\/\/ndpnoticias.com.mx\/?s={search_term_string}"},"query-input":"required name=search_term_string"}],"inLanguage":"es"},{"@type":"Organization","@id":"https:\/\/ndpnoticias.com.mx\/#organization","name":"NDP Noticias","url":"https:\/\/ndpnoticias.com.mx\/","logo":{"@type":"ImageObject","inLanguage":"es","@id":"https:\/\/ndpnoticias.com.mx\/#\/schema\/logo\/image\/","url":"https:\/\/ndpnoticias.com.mx\/wp-content\/uploads\/2024\/01\/cropped-IMG_3802-1.jpeg","contentUrl":"https:\/\/ndpnoticias.com.mx\/wp-content\/uploads\/2024\/01\/cropped-IMG_3802-1.jpeg","width":472,"height":80,"caption":"NDP Noticias"},"image":{"@id":"https:\/\/ndpnoticias.com.mx\/#\/schema\/logo\/image\/"}},{"@type":"Person","@id":"https:\/\/ndpnoticias.com.mx\/#\/schema\/person\/76f3f372c2bedd0bf44c0c3fb0adc6ca","name":"admin","image":{"@type":"ImageObject","inLanguage":"es","@id":"https:\/\/ndpnoticias.com.mx\/#\/schema\/person\/image\/","url":"https:\/\/secure.gravatar.com\/avatar\/76d7e481f585a42e41243c8312642a6f526d9b06cd67b616fc58155ca4786d1a?s=96&d=mm&r=g","contentUrl":"https:\/\/secure.gravatar.com\/avatar\/76d7e481f585a42e41243c8312642a6f526d9b06cd67b616fc58155ca4786d1a?s=96&d=mm&r=g","caption":"admin"},"sameAs":["https:\/\/ndpnoticias.com.mx"],"url":"https:\/\/ndpnoticias.com.mx\/?author=1"}]}},"_links":{"self":[{"href":"https:\/\/ndpnoticias.com.mx\/index.php?rest_route=\/wp\/v2\/posts\/7138","targetHints":{"allow":["GET"]}}],"collection":[{"href":"https:\/\/ndpnoticias.com.mx\/index.php?rest_route=\/wp\/v2\/posts"}],"about":[{"href":"https:\/\/ndpnoticias.com.mx\/index.php?rest_route=\/wp\/v2\/types\/post"}],"author":[{"embeddable":true,"href":"https:\/\/ndpnoticias.com.mx\/index.php?rest_route=\/wp\/v2\/users\/1"}],"replies":[{"embeddable":true,"href":"https:\/\/ndpnoticias.com.mx\/index.php?rest_route=%2Fwp%2Fv2%2Fcomments&post=7138"}],"version-history":[{"count":1,"href":"https:\/\/ndpnoticias.com.mx\/index.php?rest_route=\/wp\/v2\/posts\/7138\/revisions"}],"predecessor-version":[{"id":7140,"href":"https:\/\/ndpnoticias.com.mx\/index.php?rest_route=\/wp\/v2\/posts\/7138\/revisions\/7140"}],"wp:featuredmedia":[{"embeddable":true,"href":"https:\/\/ndpnoticias.com.mx\/index.php?rest_route=\/wp\/v2\/media\/7139"}],"wp:attachment":[{"href":"https:\/\/ndpnoticias.com.mx\/index.php?rest_route=%2Fwp%2Fv2%2Fmedia&parent=7138"}],"wp:term":[{"taxonomy":"category","embeddable":true,"href":"https:\/\/ndpnoticias.com.mx\/index.php?rest_route=%2Fwp%2Fv2%2Fcategories&post=7138"},{"taxonomy":"post_tag","embeddable":true,"href":"https:\/\/ndpnoticias.com.mx\/index.php?rest_route=%2Fwp%2Fv2%2Ftags&post=7138"}],"curies":[{"name":"wp","href":"https:\/\/api.w.org\/{rel}","templated":true}]}}