{"id":7129,"date":"2024-12-01T17:56:13","date_gmt":"2024-12-01T23:56:13","guid":{"rendered":"https:\/\/ndpnoticias.com.mx\/?p=7129"},"modified":"2024-12-01T17:56:15","modified_gmt":"2024-12-01T23:56:15","slug":"tepotzotlan-celebra-210-anos-de-historia-con-eventos-culturales","status":"publish","type":"post","link":"https:\/\/ndpnoticias.com.mx\/?p=7129","title":{"rendered":"TEPOTZOTL\u00c1N CELEBRA 210 A\u00d1OS DE HISTORIA CON EVENTOS CULTURALES"},"content":{"rendered":"\n<ul class=\"wp-block-list\">\n<li><strong><em>Presentan libro, exposici\u00f3n fotogr\u00e1fica y canci\u00f3n emblem\u00e1tica del municipio<\/em><\/strong><\/li>\n<\/ul>\n\n\n\n<p><strong><em>Tepotzotl\u00e1n, M\u00e9x.-<\/em><\/strong><strong>&nbsp;Como parte de la conmemoraci\u00f3n del 210 aniversario de Tepotzotl\u00e1n, la alcaldesa \u00c1ngeles Zuppa Villegas encabez\u00f3 una jornada cultural que destac\u00f3 el legado hist\u00f3rico del municipio. Entre las actividades destacaron la presentaci\u00f3n del libro&nbsp;<\/strong><strong><em>Tepotzotl\u00e1n: Ra\u00edces de un Legado<\/em><\/strong><strong>, la inauguraci\u00f3n de la exposici\u00f3n fotogr\u00e1fica&nbsp;<\/strong><strong><em>El Antes y Despu\u00e9s de Tepotzotl\u00e1n<\/em><\/strong><strong>, y la revelaci\u00f3n de una canci\u00f3n representativa de la identidad tepotzotlense.<\/strong><\/p>\n\n\n\n<p><strong>Durante el evento, la presidenta municipal se\u00f1al\u00f3 la importancia de reflexionar sobre la historia y las tradiciones que han moldeado a Tepotzotl\u00e1n a lo largo de m\u00e1s de dos siglos. La exposici\u00f3n fotogr\u00e1fica mostr\u00f3 una comparaci\u00f3n entre im\u00e1genes antiguas y actuales, evidenciando el desarrollo y las transformaciones del municipio, mientras que el libro presentado recoge los hitos hist\u00f3ricos m\u00e1s relevantes, fortaleciendo el conocimiento y el orgullo por las ra\u00edces locales.<\/strong><\/p>\n\n\n\n<p><strong>La canci\u00f3n emblem\u00e1tica, presentada por artistas locales, busca convertirse en un s\u00edmbolo que una a la comunidad y refuerce la identidad tepotzotlense.<\/strong><\/p>\n\n\n\n<p><strong>\u201cHoy celebramos no solo nuestra historia, sino tambi\u00e9n nuestra unidad como pueblo. Este legado que nos define nos impulsa a construir un futuro m\u00e1s s\u00f3lido y a seguir preservando nuestras ra\u00edces\u201d, expres\u00f3 Zuppa Villegas.<\/strong><\/p>\n\n\n\n<p><strong>El evento se convirti\u00f3 en un espacio de encuentro y reflexi\u00f3n para los habitantes, quienes reafirmaron su compromiso con la preservaci\u00f3n del patrimonio cultural y el fortalecimiento del orgullo por Tepotzotl\u00e1n.<\/strong><\/p>\n","protected":false},"excerpt":{"rendered":"<p>Tepotzotl\u00e1n, M\u00e9x.-&nbsp;Como parte de la conmemoraci\u00f3n del 210 aniversario de Tepotzotl\u00e1n, la alcaldesa \u00c1ngeles Zuppa Villegas encabez\u00f3 una jornada cultural que destac\u00f3 el legado hist\u00f3rico del municipio. Entre las actividades&hellip; <\/p>\n","protected":false},"author":1,"featured_media":7130,"comment_status":"open","ping_status":"closed","sticky":false,"template":"","format":"standard","meta":{"footnotes":""},"categories":[33],"tags":[],"class_list":["post-7129","post","type-post","status-publish","format-standard","has-post-thumbnail","hentry","category-tepotzotlan"],"yoast_head":"<!-- This site is optimized with the Yoast SEO plugin v22.9 - https:\/\/yoast.com\/wordpress\/plugins\/seo\/ -->\n<title>TEPOTZOTL\u00c1N CELEBRA 210 A\u00d1OS DE HISTORIA CON EVENTOS CULTURALES - NDP Noticias<\/title>\n<meta name=\"robots\" content=\"index, follow, max-snippet:-1, max-image-preview:large, max-video-preview:-1\" \/>\n<link rel=\"canonical\" href=\"https:\/\/ndpnoticias.com.mx\/?p=7129\" \/>\n<meta property=\"og:locale\" content=\"es_ES\" \/>\n<meta property=\"og:type\" content=\"article\" \/>\n<meta property=\"og:title\" content=\"TEPOTZOTL\u00c1N CELEBRA 210 A\u00d1OS DE HISTORIA CON EVENTOS CULTURALES - NDP Noticias\" \/>\n<meta property=\"og:description\" content=\"Tepotzotl\u00e1n, M\u00e9x.-&nbsp;Como parte de la conmemoraci\u00f3n del 210 aniversario de Tepotzotl\u00e1n, la alcaldesa \u00c1ngeles Zuppa Villegas encabez\u00f3 una jornada cultural que destac\u00f3 el legado hist\u00f3rico del municipio. Entre las actividades&hellip;\" \/>\n<meta property=\"og:url\" content=\"https:\/\/ndpnoticias.com.mx\/?p=7129\" \/>\n<meta property=\"og:site_name\" content=\"NDP Noticias\" \/>\n<meta property=\"article:published_time\" content=\"2024-12-01T23:56:13+00:00\" \/>\n<meta property=\"article:modified_time\" content=\"2024-12-01T23:56:15+00:00\" \/>\n<meta property=\"og:image\" content=\"https:\/\/ndpnoticias.com.mx\/wp-content\/uploads\/2024\/12\/IMG_7824.jpeg\" \/>\n\t<meta property=\"og:image:width\" content=\"960\" \/>\n\t<meta property=\"og:image:height\" content=\"640\" \/>\n\t<meta property=\"og:image:type\" content=\"image\/jpeg\" \/>\n<meta name=\"author\" content=\"admin\" \/>\n<meta name=\"twitter:card\" content=\"summary_large_image\" \/>\n<meta name=\"twitter:label1\" content=\"Escrito por\" \/>\n\t<meta name=\"twitter:data1\" content=\"admin\" \/>\n\t<meta name=\"twitter:label2\" content=\"Tiempo de lectura\" \/>\n\t<meta name=\"twitter:data2\" content=\"2 minutos\" \/>\n<script type=\"application\/ld+json\" class=\"yoast-schema-graph\">{\"@context\":\"https:\/\/schema.org\",\"@graph\":[{\"@type\":\"Article\",\"@id\":\"https:\/\/ndpnoticias.com.mx\/?p=7129#article\",\"isPartOf\":{\"@id\":\"https:\/\/ndpnoticias.com.mx\/?p=7129\"},\"author\":{\"name\":\"admin\",\"@id\":\"https:\/\/ndpnoticias.com.mx\/#\/schema\/person\/76f3f372c2bedd0bf44c0c3fb0adc6ca\"},\"headline\":\"TEPOTZOTL\u00c1N CELEBRA 210 A\u00d1OS DE HISTORIA CON EVENTOS CULTURALES\",\"datePublished\":\"2024-12-01T23:56:13+00:00\",\"dateModified\":\"2024-12-01T23:56:15+00:00\",\"mainEntityOfPage\":{\"@id\":\"https:\/\/ndpnoticias.com.mx\/?p=7129\"},\"wordCount\":282,\"commentCount\":0,\"publisher\":{\"@id\":\"https:\/\/ndpnoticias.com.mx\/#organization\"},\"image\":{\"@id\":\"https:\/\/ndpnoticias.com.mx\/?p=7129#primaryimage\"},\"thumbnailUrl\":\"https:\/\/ndpnoticias.com.mx\/wp-content\/uploads\/2024\/12\/IMG_7824.jpeg\",\"articleSection\":[\"Tepotzotlan\"],\"inLanguage\":\"es\",\"potentialAction\":[{\"@type\":\"CommentAction\",\"name\":\"Comment\",\"target\":[\"https:\/\/ndpnoticias.com.mx\/?p=7129#respond\"]}]},{\"@type\":\"WebPage\",\"@id\":\"https:\/\/ndpnoticias.com.mx\/?p=7129\",\"url\":\"https:\/\/ndpnoticias.com.mx\/?p=7129\",\"name\":\"TEPOTZOTL\u00c1N CELEBRA 210 A\u00d1OS DE HISTORIA CON EVENTOS CULTURALES - NDP Noticias\",\"isPartOf\":{\"@id\":\"https:\/\/ndpnoticias.com.mx\/#website\"},\"primaryImageOfPage\":{\"@id\":\"https:\/\/ndpnoticias.com.mx\/?p=7129#primaryimage\"},\"image\":{\"@id\":\"https:\/\/ndpnoticias.com.mx\/?p=7129#primaryimage\"},\"thumbnailUrl\":\"https:\/\/ndpnoticias.com.mx\/wp-content\/uploads\/2024\/12\/IMG_7824.jpeg\",\"datePublished\":\"2024-12-01T23:56:13+00:00\",\"dateModified\":\"2024-12-01T23:56:15+00:00\",\"breadcrumb\":{\"@id\":\"https:\/\/ndpnoticias.com.mx\/?p=7129#breadcrumb\"},\"inLanguage\":\"es\",\"potentialAction\":[{\"@type\":\"ReadAction\",\"target\":[\"https:\/\/ndpnoticias.com.mx\/?p=7129\"]}]},{\"@type\":\"ImageObject\",\"inLanguage\":\"es\",\"@id\":\"https:\/\/ndpnoticias.com.mx\/?p=7129#primaryimage\",\"url\":\"https:\/\/ndpnoticias.com.mx\/wp-content\/uploads\/2024\/12\/IMG_7824.jpeg\",\"contentUrl\":\"https:\/\/ndpnoticias.com.mx\/wp-content\/uploads\/2024\/12\/IMG_7824.jpeg\",\"width\":960,\"height\":640},{\"@type\":\"BreadcrumbList\",\"@id\":\"https:\/\/ndpnoticias.com.mx\/?p=7129#breadcrumb\",\"itemListElement\":[{\"@type\":\"ListItem\",\"position\":1,\"name\":\"Portada\",\"item\":\"https:\/\/ndpnoticias.com.mx\/\"},{\"@type\":\"ListItem\",\"position\":2,\"name\":\"TEPOTZOTL\u00c1N CELEBRA 210 A\u00d1OS DE HISTORIA CON EVENTOS CULTURALES\"}]},{\"@type\":\"WebSite\",\"@id\":\"https:\/\/ndpnoticias.com.mx\/#website\",\"url\":\"https:\/\/ndpnoticias.com.mx\/\",\"name\":\"NDP Noticias\",\"description\":\"\",\"publisher\":{\"@id\":\"https:\/\/ndpnoticias.com.mx\/#organization\"},\"potentialAction\":[{\"@type\":\"SearchAction\",\"target\":{\"@type\":\"EntryPoint\",\"urlTemplate\":\"https:\/\/ndpnoticias.com.mx\/?s={search_term_string}\"},\"query-input\":\"required name=search_term_string\"}],\"inLanguage\":\"es\"},{\"@type\":\"Organization\",\"@id\":\"https:\/\/ndpnoticias.com.mx\/#organization\",\"name\":\"NDP Noticias\",\"url\":\"https:\/\/ndpnoticias.com.mx\/\",\"logo\":{\"@type\":\"ImageObject\",\"inLanguage\":\"es\",\"@id\":\"https:\/\/ndpnoticias.com.mx\/#\/schema\/logo\/image\/\",\"url\":\"https:\/\/ndpnoticias.com.mx\/wp-content\/uploads\/2024\/01\/cropped-IMG_3802-1.jpeg\",\"contentUrl\":\"https:\/\/ndpnoticias.com.mx\/wp-content\/uploads\/2024\/01\/cropped-IMG_3802-1.jpeg\",\"width\":472,\"height\":80,\"caption\":\"NDP Noticias\"},\"image\":{\"@id\":\"https:\/\/ndpnoticias.com.mx\/#\/schema\/logo\/image\/\"}},{\"@type\":\"Person\",\"@id\":\"https:\/\/ndpnoticias.com.mx\/#\/schema\/person\/76f3f372c2bedd0bf44c0c3fb0adc6ca\",\"name\":\"admin\",\"image\":{\"@type\":\"ImageObject\",\"inLanguage\":\"es\",\"@id\":\"https:\/\/ndpnoticias.com.mx\/#\/schema\/person\/image\/\",\"url\":\"https:\/\/secure.gravatar.com\/avatar\/76d7e481f585a42e41243c8312642a6f526d9b06cd67b616fc58155ca4786d1a?s=96&d=mm&r=g\",\"contentUrl\":\"https:\/\/secure.gravatar.com\/avatar\/76d7e481f585a42e41243c8312642a6f526d9b06cd67b616fc58155ca4786d1a?s=96&d=mm&r=g\",\"caption\":\"admin\"},\"sameAs\":[\"https:\/\/ndpnoticias.com.mx\"],\"url\":\"https:\/\/ndpnoticias.com.mx\/?author=1\"}]}<\/script>\n<!-- \/ Yoast SEO plugin. -->","yoast_head_json":{"title":"TEPOTZOTL\u00c1N CELEBRA 210 A\u00d1OS DE HISTORIA CON EVENTOS CULTURALES - NDP Noticias","robots":{"index":"index","follow":"follow","max-snippet":"max-snippet:-1","max-image-preview":"max-image-preview:large","max-video-preview":"max-video-preview:-1"},"canonical":"https:\/\/ndpnoticias.com.mx\/?p=7129","og_locale":"es_ES","og_type":"article","og_title":"TEPOTZOTL\u00c1N CELEBRA 210 A\u00d1OS DE HISTORIA CON EVENTOS CULTURALES - NDP Noticias","og_description":"Tepotzotl\u00e1n, M\u00e9x.-&nbsp;Como parte de la conmemoraci\u00f3n del 210 aniversario de Tepotzotl\u00e1n, la alcaldesa \u00c1ngeles Zuppa Villegas encabez\u00f3 una jornada cultural que destac\u00f3 el legado hist\u00f3rico del municipio. Entre las actividades&hellip;","og_url":"https:\/\/ndpnoticias.com.mx\/?p=7129","og_site_name":"NDP Noticias","article_published_time":"2024-12-01T23:56:13+00:00","article_modified_time":"2024-12-01T23:56:15+00:00","og_image":[{"width":960,"height":640,"url":"https:\/\/ndpnoticias.com.mx\/wp-content\/uploads\/2024\/12\/IMG_7824.jpeg","type":"image\/jpeg"}],"author":"admin","twitter_card":"summary_large_image","twitter_misc":{"Escrito por":"admin","Tiempo de lectura":"2 minutos"},"schema":{"@context":"https:\/\/schema.org","@graph":[{"@type":"Article","@id":"https:\/\/ndpnoticias.com.mx\/?p=7129#article","isPartOf":{"@id":"https:\/\/ndpnoticias.com.mx\/?p=7129"},"author":{"name":"admin","@id":"https:\/\/ndpnoticias.com.mx\/#\/schema\/person\/76f3f372c2bedd0bf44c0c3fb0adc6ca"},"headline":"TEPOTZOTL\u00c1N CELEBRA 210 A\u00d1OS DE HISTORIA CON EVENTOS CULTURALES","datePublished":"2024-12-01T23:56:13+00:00","dateModified":"2024-12-01T23:56:15+00:00","mainEntityOfPage":{"@id":"https:\/\/ndpnoticias.com.mx\/?p=7129"},"wordCount":282,"commentCount":0,"publisher":{"@id":"https:\/\/ndpnoticias.com.mx\/#organization"},"image":{"@id":"https:\/\/ndpnoticias.com.mx\/?p=7129#primaryimage"},"thumbnailUrl":"https:\/\/ndpnoticias.com.mx\/wp-content\/uploads\/2024\/12\/IMG_7824.jpeg","articleSection":["Tepotzotlan"],"inLanguage":"es","potentialAction":[{"@type":"CommentAction","name":"Comment","target":["https:\/\/ndpnoticias.com.mx\/?p=7129#respond"]}]},{"@type":"WebPage","@id":"https:\/\/ndpnoticias.com.mx\/?p=7129","url":"https:\/\/ndpnoticias.com.mx\/?p=7129","name":"TEPOTZOTL\u00c1N CELEBRA 210 A\u00d1OS DE HISTORIA CON EVENTOS CULTURALES - NDP Noticias","isPartOf":{"@id":"https:\/\/ndpnoticias.com.mx\/#website"},"primaryImageOfPage":{"@id":"https:\/\/ndpnoticias.com.mx\/?p=7129#primaryimage"},"image":{"@id":"https:\/\/ndpnoticias.com.mx\/?p=7129#primaryimage"},"thumbnailUrl":"https:\/\/ndpnoticias.com.mx\/wp-content\/uploads\/2024\/12\/IMG_7824.jpeg","datePublished":"2024-12-01T23:56:13+00:00","dateModified":"2024-12-01T23:56:15+00:00","breadcrumb":{"@id":"https:\/\/ndpnoticias.com.mx\/?p=7129#breadcrumb"},"inLanguage":"es","potentialAction":[{"@type":"ReadAction","target":["https:\/\/ndpnoticias.com.mx\/?p=7129"]}]},{"@type":"ImageObject","inLanguage":"es","@id":"https:\/\/ndpnoticias.com.mx\/?p=7129#primaryimage","url":"https:\/\/ndpnoticias.com.mx\/wp-content\/uploads\/2024\/12\/IMG_7824.jpeg","contentUrl":"https:\/\/ndpnoticias.com.mx\/wp-content\/uploads\/2024\/12\/IMG_7824.jpeg","width":960,"height":640},{"@type":"BreadcrumbList","@id":"https:\/\/ndpnoticias.com.mx\/?p=7129#breadcrumb","itemListElement":[{"@type":"ListItem","position":1,"name":"Portada","item":"https:\/\/ndpnoticias.com.mx\/"},{"@type":"ListItem","position":2,"name":"TEPOTZOTL\u00c1N CELEBRA 210 A\u00d1OS DE HISTORIA CON EVENTOS CULTURALES"}]},{"@type":"WebSite","@id":"https:\/\/ndpnoticias.com.mx\/#website","url":"https:\/\/ndpnoticias.com.mx\/","name":"NDP Noticias","description":"","publisher":{"@id":"https:\/\/ndpnoticias.com.mx\/#organization"},"potentialAction":[{"@type":"SearchAction","target":{"@type":"EntryPoint","urlTemplate":"https:\/\/ndpnoticias.com.mx\/?s={search_term_string}"},"query-input":"required name=search_term_string"}],"inLanguage":"es"},{"@type":"Organization","@id":"https:\/\/ndpnoticias.com.mx\/#organization","name":"NDP Noticias","url":"https:\/\/ndpnoticias.com.mx\/","logo":{"@type":"ImageObject","inLanguage":"es","@id":"https:\/\/ndpnoticias.com.mx\/#\/schema\/logo\/image\/","url":"https:\/\/ndpnoticias.com.mx\/wp-content\/uploads\/2024\/01\/cropped-IMG_3802-1.jpeg","contentUrl":"https:\/\/ndpnoticias.com.mx\/wp-content\/uploads\/2024\/01\/cropped-IMG_3802-1.jpeg","width":472,"height":80,"caption":"NDP Noticias"},"image":{"@id":"https:\/\/ndpnoticias.com.mx\/#\/schema\/logo\/image\/"}},{"@type":"Person","@id":"https:\/\/ndpnoticias.com.mx\/#\/schema\/person\/76f3f372c2bedd0bf44c0c3fb0adc6ca","name":"admin","image":{"@type":"ImageObject","inLanguage":"es","@id":"https:\/\/ndpnoticias.com.mx\/#\/schema\/person\/image\/","url":"https:\/\/secure.gravatar.com\/avatar\/76d7e481f585a42e41243c8312642a6f526d9b06cd67b616fc58155ca4786d1a?s=96&d=mm&r=g","contentUrl":"https:\/\/secure.gravatar.com\/avatar\/76d7e481f585a42e41243c8312642a6f526d9b06cd67b616fc58155ca4786d1a?s=96&d=mm&r=g","caption":"admin"},"sameAs":["https:\/\/ndpnoticias.com.mx"],"url":"https:\/\/ndpnoticias.com.mx\/?author=1"}]}},"_links":{"self":[{"href":"https:\/\/ndpnoticias.com.mx\/index.php?rest_route=\/wp\/v2\/posts\/7129","targetHints":{"allow":["GET"]}}],"collection":[{"href":"https:\/\/ndpnoticias.com.mx\/index.php?rest_route=\/wp\/v2\/posts"}],"about":[{"href":"https:\/\/ndpnoticias.com.mx\/index.php?rest_route=\/wp\/v2\/types\/post"}],"author":[{"embeddable":true,"href":"https:\/\/ndpnoticias.com.mx\/index.php?rest_route=\/wp\/v2\/users\/1"}],"replies":[{"embeddable":true,"href":"https:\/\/ndpnoticias.com.mx\/index.php?rest_route=%2Fwp%2Fv2%2Fcomments&post=7129"}],"version-history":[{"count":1,"href":"https:\/\/ndpnoticias.com.mx\/index.php?rest_route=\/wp\/v2\/posts\/7129\/revisions"}],"predecessor-version":[{"id":7131,"href":"https:\/\/ndpnoticias.com.mx\/index.php?rest_route=\/wp\/v2\/posts\/7129\/revisions\/7131"}],"wp:featuredmedia":[{"embeddable":true,"href":"https:\/\/ndpnoticias.com.mx\/index.php?rest_route=\/wp\/v2\/media\/7130"}],"wp:attachment":[{"href":"https:\/\/ndpnoticias.com.mx\/index.php?rest_route=%2Fwp%2Fv2%2Fmedia&parent=7129"}],"wp:term":[{"taxonomy":"category","embeddable":true,"href":"https:\/\/ndpnoticias.com.mx\/index.php?rest_route=%2Fwp%2Fv2%2Fcategories&post=7129"},{"taxonomy":"post_tag","embeddable":true,"href":"https:\/\/ndpnoticias.com.mx\/index.php?rest_route=%2Fwp%2Fv2%2Ftags&post=7129"}],"curies":[{"name":"wp","href":"https:\/\/api.w.org\/{rel}","templated":true}]}}