{"id":6567,"date":"2024-11-03T15:42:23","date_gmt":"2024-11-03T21:42:23","guid":{"rendered":"https:\/\/ndpnoticias.com.mx\/?p=6567"},"modified":"2024-11-05T15:36:20","modified_gmt":"2024-11-05T21:36:20","slug":"gobierno-de-tecamac-inaugura-obra-hidraulica-para-prevenir-inundaciones","status":"publish","type":"post","link":"https:\/\/ndpnoticias.com.mx\/?p=6567","title":{"rendered":"TEC\u00c1MAC INAUGURA REGENERACI\u00d3N URBANA DE AVENIDA SAN PABLO CON OBRAS HIDR\u00c1ULICAS Y NUEVO CONCRETO"},"content":{"rendered":"\n<ul class=\"wp-block-list\">\n<li><strong><em>La remodelaci\u00f3n beneficia a diversas colonias y busca mitigar inundaciones con infraestructura para el manejo de agua pluvial<\/em><\/strong><\/li>\n<\/ul>\n\n\n\n<p><strong>Tec\u00e1mac, M\u00e9x. \u2014 En un esfuerzo por mejorar la infraestructura y la calidad de vida de los habitantes, el Gobierno de Tec\u00e1mac ha concluido la regeneraci\u00f3n urbana de la avenida San Pablo, una obra que abarca la instalaci\u00f3n de concreto hidr\u00e1ulico en un tramo de 1.5 kil\u00f3metros, as\u00ed como importantes proyectos hidr\u00e1ulicos que buscan prevenir inundaciones y fomentar la sostenibilidad.<\/strong><\/p>\n\n\n\n<p><strong>La obra, que beneficiar\u00e1 a las comunidades de San Francisco Cuautliquixca, San Pablo Tecalco, y colonias como Villa del Real, Las Flores, Los Olivos, San Antonio, Aztecas, Cinco de Mayo y San Mateo, incluye la construcci\u00f3n de una caja concentradora de agua pluvial, un pozo de absorci\u00f3n de 80 metros de profundidad y una red de conexiones para capturar y filtrar el agua de lluvia, reduciendo la posibilidad de inundaciones en la zona y a lo largo de la carretera M\u00e9xico-Pachuca.<\/strong><\/p>\n\n\n\n<p><strong>Durante el evento de entrega de la obra, encabezado por la alcaldesa Roc\u00edo Miguel Hern\u00e1ndez, se destac\u00f3 el compromiso de la administraci\u00f3n con el desarrollo urbano de Tec\u00e1mac. La ceremonia cont\u00f3 tambi\u00e9n con la presencia de la senadora Mariela Guti\u00e9rrez Escalante y de la presidenta municipal electa, Rosi Wong, quienes reconocieron el impacto positivo de estas acciones en el bienestar de los habitantes.<\/strong><\/p>\n\n\n\n<p><strong>El secretario del Ayuntamiento, Carlos Galindo Bertaud, explic\u00f3 que el sistema hidr\u00e1ulico consta de una caja de almacenamiento con capacidad para 300 metros c\u00fabicos, dise\u00f1ada para recolectar el agua de lluvia y filtrarla antes de su reintegraci\u00f3n al subsuelo, un mecanismo que permitir\u00e1 reducir el riesgo de inundaciones y aprovechar el agua de forma sostenible.<\/strong><\/p>\n\n\n\n<p><strong>Adem\u00e1s, el proyecto de regeneraci\u00f3n incluy\u00f3 la pavimentaci\u00f3n de 13,881 metros cuadrados de concreto hidr\u00e1ulico, junto con la colocaci\u00f3n de banquetas, guarniciones y topes, en una inversi\u00f3n cercana a los 26 millones de pesos. Tambi\u00e9n se rehabilitaron bajo puentes de la autopista M\u00e9xico-Pachuca y de caminos en San Pablo Tecalco, adem\u00e1s de recuperar \u00e1reas de derecho de v\u00eda que hab\u00edan sido ocupadas.<\/strong><\/p>\n\n\n\n<p><strong>La alcaldesa Roc\u00edo Miguel Hern\u00e1ndez agradeci\u00f3 el respaldo y visi\u00f3n de la senadora Mariela Guti\u00e9rrez, quien previamente fungi\u00f3 como presidenta municipal, y subray\u00f3 que estas obras responden a las necesidades prioritarias de la comunidad. Por su parte, Guti\u00e9rrez Escalante resalt\u00f3 que esta obra integral beneficiar\u00e1 a largo plazo a la poblaci\u00f3n, al mitigar el riesgo de inundaciones y mejorar la movilidad en la zona.<\/strong><\/p>\n\n\n\n<p><strong>Con esta regeneraci\u00f3n urbana, Tec\u00e1mac reafirma su compromiso con un desarrollo ordenado y eficiente, promoviendo obras que reflejan una planificaci\u00f3n enfocada en el beneficio directo de sus ciudadanos.<\/strong><\/p>\n","protected":false},"excerpt":{"rendered":"<p>Tec\u00e1mac, M\u00e9x. \u2014 En un esfuerzo por mejorar la infraestructura y la calidad de vida de los habitantes, el Gobierno de Tec\u00e1mac ha concluido la regeneraci\u00f3n urbana de la avenida&hellip; <\/p>\n","protected":false},"author":1,"featured_media":6568,"comment_status":"open","ping_status":"closed","sticky":false,"template":"","format":"standard","meta":{"footnotes":""},"categories":[44],"tags":[],"class_list":["post-6567","post","type-post","status-publish","format-standard","has-post-thumbnail","hentry","category-senado"],"yoast_head":"<!-- This site is optimized with the Yoast SEO plugin v22.9 - https:\/\/yoast.com\/wordpress\/plugins\/seo\/ -->\n<title>TEC\u00c1MAC INAUGURA REGENERACI\u00d3N URBANA DE AVENIDA SAN PABLO CON OBRAS HIDR\u00c1ULICAS Y NUEVO CONCRETO - NDP Noticias<\/title>\n<meta name=\"robots\" content=\"index, follow, max-snippet:-1, max-image-preview:large, max-video-preview:-1\" \/>\n<link rel=\"canonical\" href=\"https:\/\/ndpnoticias.com.mx\/?p=6567\" \/>\n<meta property=\"og:locale\" content=\"es_ES\" \/>\n<meta property=\"og:type\" content=\"article\" \/>\n<meta property=\"og:title\" content=\"TEC\u00c1MAC INAUGURA REGENERACI\u00d3N URBANA DE AVENIDA SAN PABLO CON OBRAS HIDR\u00c1ULICAS Y NUEVO CONCRETO - NDP Noticias\" \/>\n<meta property=\"og:description\" content=\"Tec\u00e1mac, M\u00e9x. \u2014 En un esfuerzo por mejorar la infraestructura y la calidad de vida de los habitantes, el Gobierno de Tec\u00e1mac ha concluido la regeneraci\u00f3n urbana de la avenida&hellip;\" \/>\n<meta property=\"og:url\" content=\"https:\/\/ndpnoticias.com.mx\/?p=6567\" \/>\n<meta property=\"og:site_name\" content=\"NDP Noticias\" \/>\n<meta property=\"article:published_time\" content=\"2024-11-03T21:42:23+00:00\" \/>\n<meta property=\"article:modified_time\" content=\"2024-11-05T21:36:20+00:00\" \/>\n<meta property=\"og:image\" content=\"https:\/\/ndpnoticias.com.mx\/wp-content\/uploads\/2024\/11\/20b39af5-e42e-482d-84c7-41a6c026cea5.jpeg\" \/>\n\t<meta property=\"og:image:width\" content=\"1280\" \/>\n\t<meta property=\"og:image:height\" content=\"720\" \/>\n\t<meta property=\"og:image:type\" content=\"image\/jpeg\" \/>\n<meta name=\"author\" content=\"admin\" \/>\n<meta name=\"twitter:card\" content=\"summary_large_image\" \/>\n<meta name=\"twitter:label1\" content=\"Escrito por\" \/>\n\t<meta name=\"twitter:data1\" content=\"admin\" \/>\n\t<meta name=\"twitter:label2\" content=\"Tiempo de lectura\" \/>\n\t<meta name=\"twitter:data2\" content=\"3 minutos\" \/>\n<script type=\"application\/ld+json\" class=\"yoast-schema-graph\">{\"@context\":\"https:\/\/schema.org\",\"@graph\":[{\"@type\":\"Article\",\"@id\":\"https:\/\/ndpnoticias.com.mx\/?p=6567#article\",\"isPartOf\":{\"@id\":\"https:\/\/ndpnoticias.com.mx\/?p=6567\"},\"author\":{\"name\":\"admin\",\"@id\":\"https:\/\/ndpnoticias.com.mx\/#\/schema\/person\/76f3f372c2bedd0bf44c0c3fb0adc6ca\"},\"headline\":\"TEC\u00c1MAC INAUGURA REGENERACI\u00d3N URBANA DE AVENIDA SAN PABLO CON OBRAS HIDR\u00c1ULICAS Y NUEVO CONCRETO\",\"datePublished\":\"2024-11-03T21:42:23+00:00\",\"dateModified\":\"2024-11-05T21:36:20+00:00\",\"mainEntityOfPage\":{\"@id\":\"https:\/\/ndpnoticias.com.mx\/?p=6567\"},\"wordCount\":484,\"commentCount\":0,\"publisher\":{\"@id\":\"https:\/\/ndpnoticias.com.mx\/#organization\"},\"image\":{\"@id\":\"https:\/\/ndpnoticias.com.mx\/?p=6567#primaryimage\"},\"thumbnailUrl\":\"https:\/\/ndpnoticias.com.mx\/wp-content\/uploads\/2024\/11\/20b39af5-e42e-482d-84c7-41a6c026cea5.jpeg\",\"articleSection\":[\"Senado\"],\"inLanguage\":\"es\",\"potentialAction\":[{\"@type\":\"CommentAction\",\"name\":\"Comment\",\"target\":[\"https:\/\/ndpnoticias.com.mx\/?p=6567#respond\"]}]},{\"@type\":\"WebPage\",\"@id\":\"https:\/\/ndpnoticias.com.mx\/?p=6567\",\"url\":\"https:\/\/ndpnoticias.com.mx\/?p=6567\",\"name\":\"TEC\u00c1MAC INAUGURA REGENERACI\u00d3N URBANA DE AVENIDA SAN PABLO CON OBRAS HIDR\u00c1ULICAS Y NUEVO CONCRETO - NDP Noticias\",\"isPartOf\":{\"@id\":\"https:\/\/ndpnoticias.com.mx\/#website\"},\"primaryImageOfPage\":{\"@id\":\"https:\/\/ndpnoticias.com.mx\/?p=6567#primaryimage\"},\"image\":{\"@id\":\"https:\/\/ndpnoticias.com.mx\/?p=6567#primaryimage\"},\"thumbnailUrl\":\"https:\/\/ndpnoticias.com.mx\/wp-content\/uploads\/2024\/11\/20b39af5-e42e-482d-84c7-41a6c026cea5.jpeg\",\"datePublished\":\"2024-11-03T21:42:23+00:00\",\"dateModified\":\"2024-11-05T21:36:20+00:00\",\"breadcrumb\":{\"@id\":\"https:\/\/ndpnoticias.com.mx\/?p=6567#breadcrumb\"},\"inLanguage\":\"es\",\"potentialAction\":[{\"@type\":\"ReadAction\",\"target\":[\"https:\/\/ndpnoticias.com.mx\/?p=6567\"]}]},{\"@type\":\"ImageObject\",\"inLanguage\":\"es\",\"@id\":\"https:\/\/ndpnoticias.com.mx\/?p=6567#primaryimage\",\"url\":\"https:\/\/ndpnoticias.com.mx\/wp-content\/uploads\/2024\/11\/20b39af5-e42e-482d-84c7-41a6c026cea5.jpeg\",\"contentUrl\":\"https:\/\/ndpnoticias.com.mx\/wp-content\/uploads\/2024\/11\/20b39af5-e42e-482d-84c7-41a6c026cea5.jpeg\",\"width\":1280,\"height\":720},{\"@type\":\"BreadcrumbList\",\"@id\":\"https:\/\/ndpnoticias.com.mx\/?p=6567#breadcrumb\",\"itemListElement\":[{\"@type\":\"ListItem\",\"position\":1,\"name\":\"Portada\",\"item\":\"https:\/\/ndpnoticias.com.mx\/\"},{\"@type\":\"ListItem\",\"position\":2,\"name\":\"TEC\u00c1MAC INAUGURA REGENERACI\u00d3N URBANA DE AVENIDA SAN PABLO CON OBRAS HIDR\u00c1ULICAS Y NUEVO CONCRETO\"}]},{\"@type\":\"WebSite\",\"@id\":\"https:\/\/ndpnoticias.com.mx\/#website\",\"url\":\"https:\/\/ndpnoticias.com.mx\/\",\"name\":\"NDP Noticias\",\"description\":\"\",\"publisher\":{\"@id\":\"https:\/\/ndpnoticias.com.mx\/#organization\"},\"potentialAction\":[{\"@type\":\"SearchAction\",\"target\":{\"@type\":\"EntryPoint\",\"urlTemplate\":\"https:\/\/ndpnoticias.com.mx\/?s={search_term_string}\"},\"query-input\":\"required name=search_term_string\"}],\"inLanguage\":\"es\"},{\"@type\":\"Organization\",\"@id\":\"https:\/\/ndpnoticias.com.mx\/#organization\",\"name\":\"NDP Noticias\",\"url\":\"https:\/\/ndpnoticias.com.mx\/\",\"logo\":{\"@type\":\"ImageObject\",\"inLanguage\":\"es\",\"@id\":\"https:\/\/ndpnoticias.com.mx\/#\/schema\/logo\/image\/\",\"url\":\"https:\/\/ndpnoticias.com.mx\/wp-content\/uploads\/2024\/01\/cropped-IMG_3802-1.jpeg\",\"contentUrl\":\"https:\/\/ndpnoticias.com.mx\/wp-content\/uploads\/2024\/01\/cropped-IMG_3802-1.jpeg\",\"width\":472,\"height\":80,\"caption\":\"NDP Noticias\"},\"image\":{\"@id\":\"https:\/\/ndpnoticias.com.mx\/#\/schema\/logo\/image\/\"}},{\"@type\":\"Person\",\"@id\":\"https:\/\/ndpnoticias.com.mx\/#\/schema\/person\/76f3f372c2bedd0bf44c0c3fb0adc6ca\",\"name\":\"admin\",\"image\":{\"@type\":\"ImageObject\",\"inLanguage\":\"es\",\"@id\":\"https:\/\/ndpnoticias.com.mx\/#\/schema\/person\/image\/\",\"url\":\"https:\/\/secure.gravatar.com\/avatar\/76d7e481f585a42e41243c8312642a6f526d9b06cd67b616fc58155ca4786d1a?s=96&d=mm&r=g\",\"contentUrl\":\"https:\/\/secure.gravatar.com\/avatar\/76d7e481f585a42e41243c8312642a6f526d9b06cd67b616fc58155ca4786d1a?s=96&d=mm&r=g\",\"caption\":\"admin\"},\"sameAs\":[\"https:\/\/ndpnoticias.com.mx\"],\"url\":\"https:\/\/ndpnoticias.com.mx\/?author=1\"}]}<\/script>\n<!-- \/ Yoast SEO plugin. -->","yoast_head_json":{"title":"TEC\u00c1MAC INAUGURA REGENERACI\u00d3N URBANA DE AVENIDA SAN PABLO CON OBRAS HIDR\u00c1ULICAS Y NUEVO CONCRETO - NDP Noticias","robots":{"index":"index","follow":"follow","max-snippet":"max-snippet:-1","max-image-preview":"max-image-preview:large","max-video-preview":"max-video-preview:-1"},"canonical":"https:\/\/ndpnoticias.com.mx\/?p=6567","og_locale":"es_ES","og_type":"article","og_title":"TEC\u00c1MAC INAUGURA REGENERACI\u00d3N URBANA DE AVENIDA SAN PABLO CON OBRAS HIDR\u00c1ULICAS Y NUEVO CONCRETO - NDP Noticias","og_description":"Tec\u00e1mac, M\u00e9x. \u2014 En un esfuerzo por mejorar la infraestructura y la calidad de vida de los habitantes, el Gobierno de Tec\u00e1mac ha concluido la regeneraci\u00f3n urbana de la avenida&hellip;","og_url":"https:\/\/ndpnoticias.com.mx\/?p=6567","og_site_name":"NDP Noticias","article_published_time":"2024-11-03T21:42:23+00:00","article_modified_time":"2024-11-05T21:36:20+00:00","og_image":[{"width":1280,"height":720,"url":"https:\/\/ndpnoticias.com.mx\/wp-content\/uploads\/2024\/11\/20b39af5-e42e-482d-84c7-41a6c026cea5.jpeg","type":"image\/jpeg"}],"author":"admin","twitter_card":"summary_large_image","twitter_misc":{"Escrito por":"admin","Tiempo de lectura":"3 minutos"},"schema":{"@context":"https:\/\/schema.org","@graph":[{"@type":"Article","@id":"https:\/\/ndpnoticias.com.mx\/?p=6567#article","isPartOf":{"@id":"https:\/\/ndpnoticias.com.mx\/?p=6567"},"author":{"name":"admin","@id":"https:\/\/ndpnoticias.com.mx\/#\/schema\/person\/76f3f372c2bedd0bf44c0c3fb0adc6ca"},"headline":"TEC\u00c1MAC INAUGURA REGENERACI\u00d3N URBANA DE AVENIDA SAN PABLO CON OBRAS HIDR\u00c1ULICAS Y NUEVO CONCRETO","datePublished":"2024-11-03T21:42:23+00:00","dateModified":"2024-11-05T21:36:20+00:00","mainEntityOfPage":{"@id":"https:\/\/ndpnoticias.com.mx\/?p=6567"},"wordCount":484,"commentCount":0,"publisher":{"@id":"https:\/\/ndpnoticias.com.mx\/#organization"},"image":{"@id":"https:\/\/ndpnoticias.com.mx\/?p=6567#primaryimage"},"thumbnailUrl":"https:\/\/ndpnoticias.com.mx\/wp-content\/uploads\/2024\/11\/20b39af5-e42e-482d-84c7-41a6c026cea5.jpeg","articleSection":["Senado"],"inLanguage":"es","potentialAction":[{"@type":"CommentAction","name":"Comment","target":["https:\/\/ndpnoticias.com.mx\/?p=6567#respond"]}]},{"@type":"WebPage","@id":"https:\/\/ndpnoticias.com.mx\/?p=6567","url":"https:\/\/ndpnoticias.com.mx\/?p=6567","name":"TEC\u00c1MAC INAUGURA REGENERACI\u00d3N URBANA DE AVENIDA SAN PABLO CON OBRAS HIDR\u00c1ULICAS Y NUEVO CONCRETO - NDP Noticias","isPartOf":{"@id":"https:\/\/ndpnoticias.com.mx\/#website"},"primaryImageOfPage":{"@id":"https:\/\/ndpnoticias.com.mx\/?p=6567#primaryimage"},"image":{"@id":"https:\/\/ndpnoticias.com.mx\/?p=6567#primaryimage"},"thumbnailUrl":"https:\/\/ndpnoticias.com.mx\/wp-content\/uploads\/2024\/11\/20b39af5-e42e-482d-84c7-41a6c026cea5.jpeg","datePublished":"2024-11-03T21:42:23+00:00","dateModified":"2024-11-05T21:36:20+00:00","breadcrumb":{"@id":"https:\/\/ndpnoticias.com.mx\/?p=6567#breadcrumb"},"inLanguage":"es","potentialAction":[{"@type":"ReadAction","target":["https:\/\/ndpnoticias.com.mx\/?p=6567"]}]},{"@type":"ImageObject","inLanguage":"es","@id":"https:\/\/ndpnoticias.com.mx\/?p=6567#primaryimage","url":"https:\/\/ndpnoticias.com.mx\/wp-content\/uploads\/2024\/11\/20b39af5-e42e-482d-84c7-41a6c026cea5.jpeg","contentUrl":"https:\/\/ndpnoticias.com.mx\/wp-content\/uploads\/2024\/11\/20b39af5-e42e-482d-84c7-41a6c026cea5.jpeg","width":1280,"height":720},{"@type":"BreadcrumbList","@id":"https:\/\/ndpnoticias.com.mx\/?p=6567#breadcrumb","itemListElement":[{"@type":"ListItem","position":1,"name":"Portada","item":"https:\/\/ndpnoticias.com.mx\/"},{"@type":"ListItem","position":2,"name":"TEC\u00c1MAC INAUGURA REGENERACI\u00d3N URBANA DE AVENIDA SAN PABLO CON OBRAS HIDR\u00c1ULICAS Y NUEVO CONCRETO"}]},{"@type":"WebSite","@id":"https:\/\/ndpnoticias.com.mx\/#website","url":"https:\/\/ndpnoticias.com.mx\/","name":"NDP Noticias","description":"","publisher":{"@id":"https:\/\/ndpnoticias.com.mx\/#organization"},"potentialAction":[{"@type":"SearchAction","target":{"@type":"EntryPoint","urlTemplate":"https:\/\/ndpnoticias.com.mx\/?s={search_term_string}"},"query-input":"required name=search_term_string"}],"inLanguage":"es"},{"@type":"Organization","@id":"https:\/\/ndpnoticias.com.mx\/#organization","name":"NDP Noticias","url":"https:\/\/ndpnoticias.com.mx\/","logo":{"@type":"ImageObject","inLanguage":"es","@id":"https:\/\/ndpnoticias.com.mx\/#\/schema\/logo\/image\/","url":"https:\/\/ndpnoticias.com.mx\/wp-content\/uploads\/2024\/01\/cropped-IMG_3802-1.jpeg","contentUrl":"https:\/\/ndpnoticias.com.mx\/wp-content\/uploads\/2024\/01\/cropped-IMG_3802-1.jpeg","width":472,"height":80,"caption":"NDP Noticias"},"image":{"@id":"https:\/\/ndpnoticias.com.mx\/#\/schema\/logo\/image\/"}},{"@type":"Person","@id":"https:\/\/ndpnoticias.com.mx\/#\/schema\/person\/76f3f372c2bedd0bf44c0c3fb0adc6ca","name":"admin","image":{"@type":"ImageObject","inLanguage":"es","@id":"https:\/\/ndpnoticias.com.mx\/#\/schema\/person\/image\/","url":"https:\/\/secure.gravatar.com\/avatar\/76d7e481f585a42e41243c8312642a6f526d9b06cd67b616fc58155ca4786d1a?s=96&d=mm&r=g","contentUrl":"https:\/\/secure.gravatar.com\/avatar\/76d7e481f585a42e41243c8312642a6f526d9b06cd67b616fc58155ca4786d1a?s=96&d=mm&r=g","caption":"admin"},"sameAs":["https:\/\/ndpnoticias.com.mx"],"url":"https:\/\/ndpnoticias.com.mx\/?author=1"}]}},"_links":{"self":[{"href":"https:\/\/ndpnoticias.com.mx\/index.php?rest_route=\/wp\/v2\/posts\/6567","targetHints":{"allow":["GET"]}}],"collection":[{"href":"https:\/\/ndpnoticias.com.mx\/index.php?rest_route=\/wp\/v2\/posts"}],"about":[{"href":"https:\/\/ndpnoticias.com.mx\/index.php?rest_route=\/wp\/v2\/types\/post"}],"author":[{"embeddable":true,"href":"https:\/\/ndpnoticias.com.mx\/index.php?rest_route=\/wp\/v2\/users\/1"}],"replies":[{"embeddable":true,"href":"https:\/\/ndpnoticias.com.mx\/index.php?rest_route=%2Fwp%2Fv2%2Fcomments&post=6567"}],"version-history":[{"count":2,"href":"https:\/\/ndpnoticias.com.mx\/index.php?rest_route=\/wp\/v2\/posts\/6567\/revisions"}],"predecessor-version":[{"id":6605,"href":"https:\/\/ndpnoticias.com.mx\/index.php?rest_route=\/wp\/v2\/posts\/6567\/revisions\/6605"}],"wp:featuredmedia":[{"embeddable":true,"href":"https:\/\/ndpnoticias.com.mx\/index.php?rest_route=\/wp\/v2\/media\/6568"}],"wp:attachment":[{"href":"https:\/\/ndpnoticias.com.mx\/index.php?rest_route=%2Fwp%2Fv2%2Fmedia&parent=6567"}],"wp:term":[{"taxonomy":"category","embeddable":true,"href":"https:\/\/ndpnoticias.com.mx\/index.php?rest_route=%2Fwp%2Fv2%2Fcategories&post=6567"},{"taxonomy":"post_tag","embeddable":true,"href":"https:\/\/ndpnoticias.com.mx\/index.php?rest_route=%2Fwp%2Fv2%2Ftags&post=6567"}],"curies":[{"name":"wp","href":"https:\/\/api.w.org\/{rel}","templated":true}]}}