{"id":6320,"date":"2024-10-22T19:25:57","date_gmt":"2024-10-23T01:25:57","guid":{"rendered":"https:\/\/ndpnoticias.com.mx\/?p=6320"},"modified":"2024-10-22T19:26:02","modified_gmt":"2024-10-23T01:26:02","slug":"reforma-ferroviaria-potenciara-el-desarrollo-economico-y-social-del-estado-de-mexico-samuel-hernandez","status":"publish","type":"post","link":"https:\/\/ndpnoticias.com.mx\/?p=6320","title":{"rendered":"Reforma Ferroviaria potenciar\u00e1 el desarrollo econ\u00f3mico y social del Estado de M\u00e9xico: Samuel Hern\u00e1ndez"},"content":{"rendered":"\n<ul class=\"wp-block-list\">\n<li>El diputado local destac\u00f3 la aprobaci\u00f3n del Congreso mexiquense a la Reforma en el sector ferroviario\u00a0<\/li>\n<\/ul>\n\n\n\n<p>Toluca, M\u00e9x.- \u201cReafirmo mi compromiso de seguir colaborando con la Presidenta Claudia Sheinbaum y la gobernadora Delfina G\u00f3mez para asegurar que el proyecto ferroviario siga adelante en beneficio de todas y todos los mexiquenses\u201d, enfatiz\u00f3 el diputado local, Samuel Hern\u00e1ndez Cruz.<\/p>\n\n\n\n<p>El legislador por el distrito 33 local hizo este pronunciamiento, luego de que el Congreso del Estado de M\u00e9xico aprobara una importante reforma en el sector ferroviario que permitir\u00e1 al gobierno estatal recuperar el control de las v\u00edas f\u00e9rreas y avanzar hacia un desarrollo integral de la infraestructura de transporte.&nbsp;<\/p>\n\n\n\n<p>El diputado morenista asever\u00f3 que durante el gobierno de Ernesto Zedillo las v\u00edas ferroviarias fueron privatizadas, lo que benefici\u00f3 \u00fanicamente a \u201clas \u00e9lites olig\u00e1rquicas\u201d, excluyendo a la mayor\u00eda de los mexicanos.&nbsp;<\/p>\n\n\n\n<p>\u201cYa no estamos en los tiempos en que los gobiernos se serv\u00edan con la cuchara grande, olvidando al pueblo\u201d, asever\u00f3.<\/p>\n\n\n\n<p>Por ello, expres\u00f3 su satisfacci\u00f3n por esta medida ya que -destac\u00f3- tendr\u00e1 un impacto directo en la regi\u00f3n del Aeropuerto Internacional Felipe \u00c1ngeles (AIFA) y en el Distrito 33.<\/p>\n\n\n\n<p>En este sentido, el diputado Samuel Hern\u00e1ndez anunci\u00f3 el compromiso de la Presidenta Claudia Sheinbaum de incluir una estaci\u00f3n en el municipio de Temascalapa como parte del Tren CDMX-Pachuca, la cual conectar\u00e1 de manera estrat\u00e9gica a la comunidad local con el AIFA y Tec\u00e1mac, potenciando el desarrollo econ\u00f3mico y social de la regi\u00f3n.&nbsp;<\/p>\n\n\n\n<p>\u201cEste proyecto ser\u00e1 un motor de crecimiento para nuestro distrito\u201d, afirm\u00f3 el legislador tecamaquense.<\/p>\n","protected":false},"excerpt":{"rendered":"<p>Toluca, M\u00e9x.- \u201cReafirmo mi compromiso de seguir colaborando con la Presidenta Claudia Sheinbaum y la gobernadora Delfina G\u00f3mez para asegurar que el proyecto ferroviario siga adelante en beneficio de todas&hellip; <\/p>\n","protected":false},"author":1,"featured_media":6321,"comment_status":"open","ping_status":"closed","sticky":false,"template":"","format":"standard","meta":{"footnotes":""},"categories":[37],"tags":[],"class_list":["post-6320","post","type-post","status-publish","format-standard","has-post-thumbnail","hentry","category-legislatura"],"yoast_head":"<!-- This site is optimized with the Yoast SEO plugin v22.9 - https:\/\/yoast.com\/wordpress\/plugins\/seo\/ -->\n<title>Reforma Ferroviaria potenciar\u00e1 el desarrollo econ\u00f3mico y social del Estado de M\u00e9xico: Samuel Hern\u00e1ndez - NDP Noticias<\/title>\n<meta name=\"robots\" content=\"index, follow, max-snippet:-1, max-image-preview:large, max-video-preview:-1\" \/>\n<link rel=\"canonical\" href=\"https:\/\/ndpnoticias.com.mx\/?p=6320\" \/>\n<meta property=\"og:locale\" content=\"es_ES\" \/>\n<meta property=\"og:type\" content=\"article\" \/>\n<meta property=\"og:title\" content=\"Reforma Ferroviaria potenciar\u00e1 el desarrollo econ\u00f3mico y social del Estado de M\u00e9xico: Samuel Hern\u00e1ndez - NDP Noticias\" \/>\n<meta property=\"og:description\" content=\"Toluca, M\u00e9x.- \u201cReafirmo mi compromiso de seguir colaborando con la Presidenta Claudia Sheinbaum y la gobernadora Delfina G\u00f3mez para asegurar que el proyecto ferroviario siga adelante en beneficio de todas&hellip;\" \/>\n<meta property=\"og:url\" content=\"https:\/\/ndpnoticias.com.mx\/?p=6320\" \/>\n<meta property=\"og:site_name\" content=\"NDP Noticias\" \/>\n<meta property=\"article:published_time\" content=\"2024-10-23T01:25:57+00:00\" \/>\n<meta property=\"article:modified_time\" content=\"2024-10-23T01:26:02+00:00\" \/>\n<meta property=\"og:image\" content=\"https:\/\/ndpnoticias.com.mx\/wp-content\/uploads\/2024\/10\/IMG_6061.jpeg\" \/>\n\t<meta property=\"og:image:width\" content=\"912\" \/>\n\t<meta property=\"og:image:height\" content=\"513\" \/>\n\t<meta property=\"og:image:type\" content=\"image\/jpeg\" \/>\n<meta name=\"author\" content=\"admin\" \/>\n<meta name=\"twitter:card\" content=\"summary_large_image\" \/>\n<meta name=\"twitter:label1\" content=\"Escrito por\" \/>\n\t<meta name=\"twitter:data1\" content=\"admin\" \/>\n\t<meta name=\"twitter:label2\" content=\"Tiempo de lectura\" \/>\n\t<meta name=\"twitter:data2\" content=\"2 minutos\" \/>\n<script type=\"application\/ld+json\" class=\"yoast-schema-graph\">{\"@context\":\"https:\/\/schema.org\",\"@graph\":[{\"@type\":\"Article\",\"@id\":\"https:\/\/ndpnoticias.com.mx\/?p=6320#article\",\"isPartOf\":{\"@id\":\"https:\/\/ndpnoticias.com.mx\/?p=6320\"},\"author\":{\"name\":\"admin\",\"@id\":\"https:\/\/ndpnoticias.com.mx\/#\/schema\/person\/76f3f372c2bedd0bf44c0c3fb0adc6ca\"},\"headline\":\"Reforma Ferroviaria potenciar\u00e1 el desarrollo econ\u00f3mico y social del Estado de M\u00e9xico: Samuel Hern\u00e1ndez\",\"datePublished\":\"2024-10-23T01:25:57+00:00\",\"dateModified\":\"2024-10-23T01:26:02+00:00\",\"mainEntityOfPage\":{\"@id\":\"https:\/\/ndpnoticias.com.mx\/?p=6320\"},\"wordCount\":293,\"commentCount\":0,\"publisher\":{\"@id\":\"https:\/\/ndpnoticias.com.mx\/#organization\"},\"image\":{\"@id\":\"https:\/\/ndpnoticias.com.mx\/?p=6320#primaryimage\"},\"thumbnailUrl\":\"https:\/\/ndpnoticias.com.mx\/wp-content\/uploads\/2024\/10\/IMG_6061.jpeg\",\"articleSection\":[\"Legislatura\"],\"inLanguage\":\"es\",\"potentialAction\":[{\"@type\":\"CommentAction\",\"name\":\"Comment\",\"target\":[\"https:\/\/ndpnoticias.com.mx\/?p=6320#respond\"]}]},{\"@type\":\"WebPage\",\"@id\":\"https:\/\/ndpnoticias.com.mx\/?p=6320\",\"url\":\"https:\/\/ndpnoticias.com.mx\/?p=6320\",\"name\":\"Reforma Ferroviaria potenciar\u00e1 el desarrollo econ\u00f3mico y social del Estado de M\u00e9xico: Samuel Hern\u00e1ndez - NDP Noticias\",\"isPartOf\":{\"@id\":\"https:\/\/ndpnoticias.com.mx\/#website\"},\"primaryImageOfPage\":{\"@id\":\"https:\/\/ndpnoticias.com.mx\/?p=6320#primaryimage\"},\"image\":{\"@id\":\"https:\/\/ndpnoticias.com.mx\/?p=6320#primaryimage\"},\"thumbnailUrl\":\"https:\/\/ndpnoticias.com.mx\/wp-content\/uploads\/2024\/10\/IMG_6061.jpeg\",\"datePublished\":\"2024-10-23T01:25:57+00:00\",\"dateModified\":\"2024-10-23T01:26:02+00:00\",\"breadcrumb\":{\"@id\":\"https:\/\/ndpnoticias.com.mx\/?p=6320#breadcrumb\"},\"inLanguage\":\"es\",\"potentialAction\":[{\"@type\":\"ReadAction\",\"target\":[\"https:\/\/ndpnoticias.com.mx\/?p=6320\"]}]},{\"@type\":\"ImageObject\",\"inLanguage\":\"es\",\"@id\":\"https:\/\/ndpnoticias.com.mx\/?p=6320#primaryimage\",\"url\":\"https:\/\/ndpnoticias.com.mx\/wp-content\/uploads\/2024\/10\/IMG_6061.jpeg\",\"contentUrl\":\"https:\/\/ndpnoticias.com.mx\/wp-content\/uploads\/2024\/10\/IMG_6061.jpeg\",\"width\":912,\"height\":513},{\"@type\":\"BreadcrumbList\",\"@id\":\"https:\/\/ndpnoticias.com.mx\/?p=6320#breadcrumb\",\"itemListElement\":[{\"@type\":\"ListItem\",\"position\":1,\"name\":\"Portada\",\"item\":\"https:\/\/ndpnoticias.com.mx\/\"},{\"@type\":\"ListItem\",\"position\":2,\"name\":\"Reforma Ferroviaria potenciar\u00e1 el desarrollo econ\u00f3mico y social del Estado de M\u00e9xico: Samuel Hern\u00e1ndez\"}]},{\"@type\":\"WebSite\",\"@id\":\"https:\/\/ndpnoticias.com.mx\/#website\",\"url\":\"https:\/\/ndpnoticias.com.mx\/\",\"name\":\"NDP Noticias\",\"description\":\"\",\"publisher\":{\"@id\":\"https:\/\/ndpnoticias.com.mx\/#organization\"},\"potentialAction\":[{\"@type\":\"SearchAction\",\"target\":{\"@type\":\"EntryPoint\",\"urlTemplate\":\"https:\/\/ndpnoticias.com.mx\/?s={search_term_string}\"},\"query-input\":\"required name=search_term_string\"}],\"inLanguage\":\"es\"},{\"@type\":\"Organization\",\"@id\":\"https:\/\/ndpnoticias.com.mx\/#organization\",\"name\":\"NDP Noticias\",\"url\":\"https:\/\/ndpnoticias.com.mx\/\",\"logo\":{\"@type\":\"ImageObject\",\"inLanguage\":\"es\",\"@id\":\"https:\/\/ndpnoticias.com.mx\/#\/schema\/logo\/image\/\",\"url\":\"https:\/\/ndpnoticias.com.mx\/wp-content\/uploads\/2024\/01\/cropped-IMG_3802-1.jpeg\",\"contentUrl\":\"https:\/\/ndpnoticias.com.mx\/wp-content\/uploads\/2024\/01\/cropped-IMG_3802-1.jpeg\",\"width\":472,\"height\":80,\"caption\":\"NDP Noticias\"},\"image\":{\"@id\":\"https:\/\/ndpnoticias.com.mx\/#\/schema\/logo\/image\/\"}},{\"@type\":\"Person\",\"@id\":\"https:\/\/ndpnoticias.com.mx\/#\/schema\/person\/76f3f372c2bedd0bf44c0c3fb0adc6ca\",\"name\":\"admin\",\"image\":{\"@type\":\"ImageObject\",\"inLanguage\":\"es\",\"@id\":\"https:\/\/ndpnoticias.com.mx\/#\/schema\/person\/image\/\",\"url\":\"https:\/\/secure.gravatar.com\/avatar\/76d7e481f585a42e41243c8312642a6f526d9b06cd67b616fc58155ca4786d1a?s=96&d=mm&r=g\",\"contentUrl\":\"https:\/\/secure.gravatar.com\/avatar\/76d7e481f585a42e41243c8312642a6f526d9b06cd67b616fc58155ca4786d1a?s=96&d=mm&r=g\",\"caption\":\"admin\"},\"sameAs\":[\"https:\/\/ndpnoticias.com.mx\"],\"url\":\"https:\/\/ndpnoticias.com.mx\/?author=1\"}]}<\/script>\n<!-- \/ Yoast SEO plugin. -->","yoast_head_json":{"title":"Reforma Ferroviaria potenciar\u00e1 el desarrollo econ\u00f3mico y social del Estado de M\u00e9xico: Samuel Hern\u00e1ndez - NDP Noticias","robots":{"index":"index","follow":"follow","max-snippet":"max-snippet:-1","max-image-preview":"max-image-preview:large","max-video-preview":"max-video-preview:-1"},"canonical":"https:\/\/ndpnoticias.com.mx\/?p=6320","og_locale":"es_ES","og_type":"article","og_title":"Reforma Ferroviaria potenciar\u00e1 el desarrollo econ\u00f3mico y social del Estado de M\u00e9xico: Samuel Hern\u00e1ndez - NDP Noticias","og_description":"Toluca, M\u00e9x.- \u201cReafirmo mi compromiso de seguir colaborando con la Presidenta Claudia Sheinbaum y la gobernadora Delfina G\u00f3mez para asegurar que el proyecto ferroviario siga adelante en beneficio de todas&hellip;","og_url":"https:\/\/ndpnoticias.com.mx\/?p=6320","og_site_name":"NDP Noticias","article_published_time":"2024-10-23T01:25:57+00:00","article_modified_time":"2024-10-23T01:26:02+00:00","og_image":[{"width":912,"height":513,"url":"https:\/\/ndpnoticias.com.mx\/wp-content\/uploads\/2024\/10\/IMG_6061.jpeg","type":"image\/jpeg"}],"author":"admin","twitter_card":"summary_large_image","twitter_misc":{"Escrito por":"admin","Tiempo de lectura":"2 minutos"},"schema":{"@context":"https:\/\/schema.org","@graph":[{"@type":"Article","@id":"https:\/\/ndpnoticias.com.mx\/?p=6320#article","isPartOf":{"@id":"https:\/\/ndpnoticias.com.mx\/?p=6320"},"author":{"name":"admin","@id":"https:\/\/ndpnoticias.com.mx\/#\/schema\/person\/76f3f372c2bedd0bf44c0c3fb0adc6ca"},"headline":"Reforma Ferroviaria potenciar\u00e1 el desarrollo econ\u00f3mico y social del Estado de M\u00e9xico: Samuel Hern\u00e1ndez","datePublished":"2024-10-23T01:25:57+00:00","dateModified":"2024-10-23T01:26:02+00:00","mainEntityOfPage":{"@id":"https:\/\/ndpnoticias.com.mx\/?p=6320"},"wordCount":293,"commentCount":0,"publisher":{"@id":"https:\/\/ndpnoticias.com.mx\/#organization"},"image":{"@id":"https:\/\/ndpnoticias.com.mx\/?p=6320#primaryimage"},"thumbnailUrl":"https:\/\/ndpnoticias.com.mx\/wp-content\/uploads\/2024\/10\/IMG_6061.jpeg","articleSection":["Legislatura"],"inLanguage":"es","potentialAction":[{"@type":"CommentAction","name":"Comment","target":["https:\/\/ndpnoticias.com.mx\/?p=6320#respond"]}]},{"@type":"WebPage","@id":"https:\/\/ndpnoticias.com.mx\/?p=6320","url":"https:\/\/ndpnoticias.com.mx\/?p=6320","name":"Reforma Ferroviaria potenciar\u00e1 el desarrollo econ\u00f3mico y social del Estado de M\u00e9xico: Samuel Hern\u00e1ndez - NDP Noticias","isPartOf":{"@id":"https:\/\/ndpnoticias.com.mx\/#website"},"primaryImageOfPage":{"@id":"https:\/\/ndpnoticias.com.mx\/?p=6320#primaryimage"},"image":{"@id":"https:\/\/ndpnoticias.com.mx\/?p=6320#primaryimage"},"thumbnailUrl":"https:\/\/ndpnoticias.com.mx\/wp-content\/uploads\/2024\/10\/IMG_6061.jpeg","datePublished":"2024-10-23T01:25:57+00:00","dateModified":"2024-10-23T01:26:02+00:00","breadcrumb":{"@id":"https:\/\/ndpnoticias.com.mx\/?p=6320#breadcrumb"},"inLanguage":"es","potentialAction":[{"@type":"ReadAction","target":["https:\/\/ndpnoticias.com.mx\/?p=6320"]}]},{"@type":"ImageObject","inLanguage":"es","@id":"https:\/\/ndpnoticias.com.mx\/?p=6320#primaryimage","url":"https:\/\/ndpnoticias.com.mx\/wp-content\/uploads\/2024\/10\/IMG_6061.jpeg","contentUrl":"https:\/\/ndpnoticias.com.mx\/wp-content\/uploads\/2024\/10\/IMG_6061.jpeg","width":912,"height":513},{"@type":"BreadcrumbList","@id":"https:\/\/ndpnoticias.com.mx\/?p=6320#breadcrumb","itemListElement":[{"@type":"ListItem","position":1,"name":"Portada","item":"https:\/\/ndpnoticias.com.mx\/"},{"@type":"ListItem","position":2,"name":"Reforma Ferroviaria potenciar\u00e1 el desarrollo econ\u00f3mico y social del Estado de M\u00e9xico: Samuel Hern\u00e1ndez"}]},{"@type":"WebSite","@id":"https:\/\/ndpnoticias.com.mx\/#website","url":"https:\/\/ndpnoticias.com.mx\/","name":"NDP Noticias","description":"","publisher":{"@id":"https:\/\/ndpnoticias.com.mx\/#organization"},"potentialAction":[{"@type":"SearchAction","target":{"@type":"EntryPoint","urlTemplate":"https:\/\/ndpnoticias.com.mx\/?s={search_term_string}"},"query-input":"required name=search_term_string"}],"inLanguage":"es"},{"@type":"Organization","@id":"https:\/\/ndpnoticias.com.mx\/#organization","name":"NDP Noticias","url":"https:\/\/ndpnoticias.com.mx\/","logo":{"@type":"ImageObject","inLanguage":"es","@id":"https:\/\/ndpnoticias.com.mx\/#\/schema\/logo\/image\/","url":"https:\/\/ndpnoticias.com.mx\/wp-content\/uploads\/2024\/01\/cropped-IMG_3802-1.jpeg","contentUrl":"https:\/\/ndpnoticias.com.mx\/wp-content\/uploads\/2024\/01\/cropped-IMG_3802-1.jpeg","width":472,"height":80,"caption":"NDP Noticias"},"image":{"@id":"https:\/\/ndpnoticias.com.mx\/#\/schema\/logo\/image\/"}},{"@type":"Person","@id":"https:\/\/ndpnoticias.com.mx\/#\/schema\/person\/76f3f372c2bedd0bf44c0c3fb0adc6ca","name":"admin","image":{"@type":"ImageObject","inLanguage":"es","@id":"https:\/\/ndpnoticias.com.mx\/#\/schema\/person\/image\/","url":"https:\/\/secure.gravatar.com\/avatar\/76d7e481f585a42e41243c8312642a6f526d9b06cd67b616fc58155ca4786d1a?s=96&d=mm&r=g","contentUrl":"https:\/\/secure.gravatar.com\/avatar\/76d7e481f585a42e41243c8312642a6f526d9b06cd67b616fc58155ca4786d1a?s=96&d=mm&r=g","caption":"admin"},"sameAs":["https:\/\/ndpnoticias.com.mx"],"url":"https:\/\/ndpnoticias.com.mx\/?author=1"}]}},"_links":{"self":[{"href":"https:\/\/ndpnoticias.com.mx\/index.php?rest_route=\/wp\/v2\/posts\/6320","targetHints":{"allow":["GET"]}}],"collection":[{"href":"https:\/\/ndpnoticias.com.mx\/index.php?rest_route=\/wp\/v2\/posts"}],"about":[{"href":"https:\/\/ndpnoticias.com.mx\/index.php?rest_route=\/wp\/v2\/types\/post"}],"author":[{"embeddable":true,"href":"https:\/\/ndpnoticias.com.mx\/index.php?rest_route=\/wp\/v2\/users\/1"}],"replies":[{"embeddable":true,"href":"https:\/\/ndpnoticias.com.mx\/index.php?rest_route=%2Fwp%2Fv2%2Fcomments&post=6320"}],"version-history":[{"count":1,"href":"https:\/\/ndpnoticias.com.mx\/index.php?rest_route=\/wp\/v2\/posts\/6320\/revisions"}],"predecessor-version":[{"id":6322,"href":"https:\/\/ndpnoticias.com.mx\/index.php?rest_route=\/wp\/v2\/posts\/6320\/revisions\/6322"}],"wp:featuredmedia":[{"embeddable":true,"href":"https:\/\/ndpnoticias.com.mx\/index.php?rest_route=\/wp\/v2\/media\/6321"}],"wp:attachment":[{"href":"https:\/\/ndpnoticias.com.mx\/index.php?rest_route=%2Fwp%2Fv2%2Fmedia&parent=6320"}],"wp:term":[{"taxonomy":"category","embeddable":true,"href":"https:\/\/ndpnoticias.com.mx\/index.php?rest_route=%2Fwp%2Fv2%2Fcategories&post=6320"},{"taxonomy":"post_tag","embeddable":true,"href":"https:\/\/ndpnoticias.com.mx\/index.php?rest_route=%2Fwp%2Fv2%2Ftags&post=6320"}],"curies":[{"name":"wp","href":"https:\/\/api.w.org\/{rel}","templated":true}]}}