{"id":6314,"date":"2024-10-22T17:12:17","date_gmt":"2024-10-22T23:12:17","guid":{"rendered":"https:\/\/ndpnoticias.com.mx\/?p=6314"},"modified":"2024-10-22T17:12:19","modified_gmt":"2024-10-22T23:12:19","slug":"huixquilucan-organiza-segunda-feria-del-empleo-2024-con-mas-de-1500-vacantes","status":"publish","type":"post","link":"https:\/\/ndpnoticias.com.mx\/?p=6314","title":{"rendered":"HUIXQUILUCAN ORGANIZA SEGUNDA FERIA DEL EMPLEO 2024 CON M\u00c1S DE 1,500 VACANTES"},"content":{"rendered":"\n<ul class=\"wp-block-list\">\n<li><strong><em>El evento busca fortalecer la econom\u00eda familiar y ofrecer oportunidades laborales para todos los niveles<\/em><\/strong><\/li>\n<\/ul>\n\n\n\n<p><strong>Huixquilucan, M\u00e9x.- Este jueves 24 de octubre, m\u00e1s de 80 empresas se dar\u00e1n cita en Huixquilucan para ofertar m\u00e1s de mil 500 vacantes en la \u201cSegunda Feria del Empleo 2024\u201d. Desde puestos operativos hasta gerenciales, el evento organizado por el Gobierno de Huixquilucan tiene como objetivo vincular a decenas de personas con oportunidades laborales formales.<\/strong><\/p>\n\n\n\n<p><strong>La presidenta municipal, Romina Contreras Carrasco, inform\u00f3 que la Feria, que se llevar\u00e1 a cabo en la Avenida Palo Solo No. 160, busca apoyar la econom\u00eda de las familias al facilitar el acceso a empleos formales y ofrecer oportunidades a quienes desean mejorar sus ingresos.<\/strong><\/p>\n\n\n\n<p><strong>Romina Contreras subray\u00f3 que esta iniciativa no solo busca que las vacantes se cubran con talento local, sino tambi\u00e9n promover el crecimiento personal y profesional de los habitantes de Huixquilucan. \u201cInvitamos a las y los huixquiluquenses a esta Feria del Empleo, donde podr\u00e1n encontrar diversas opciones laborales\u201d, se\u00f1al\u00f3.<\/strong><\/p>\n\n\n\n<p><strong>La presidenta municipal tambi\u00e9n recomend\u00f3 a los asistentes llevar su Curr\u00edculum Vitae actualizado e Identificaci\u00f3n Oficial, y acudir a temprana hora, ya que la Feria se desarrollar\u00e1 de 10:00 a 16:00 horas.<\/strong><\/p>\n\n\n\n<p><strong>Contreras destac\u00f3 que el gobierno local cuenta con herramientas adicionales para facilitar la vinculaci\u00f3n laboral, como la aplicaci\u00f3n m\u00f3vil \u201cSME Huixquilucan\u201d, donde los usuarios pueden conocer las vacantes en tiempo real y acceder a m\u00e1s oportunidades las 24 horas del d\u00eda.<\/strong><\/p>\n","protected":false},"excerpt":{"rendered":"<p>Huixquilucan, M\u00e9x.- Este jueves 24 de octubre, m\u00e1s de 80 empresas se dar\u00e1n cita en Huixquilucan para ofertar m\u00e1s de mil 500 vacantes en la \u201cSegunda Feria del Empleo 2024\u201d.&hellip; <\/p>\n","protected":false},"author":1,"featured_media":6315,"comment_status":"open","ping_status":"closed","sticky":false,"template":"","format":"standard","meta":{"footnotes":""},"categories":[28],"tags":[],"class_list":["post-6314","post","type-post","status-publish","format-standard","has-post-thumbnail","hentry","category-huixquilucan"],"yoast_head":"<!-- This site is optimized with the Yoast SEO plugin v22.9 - https:\/\/yoast.com\/wordpress\/plugins\/seo\/ -->\n<title>HUIXQUILUCAN ORGANIZA SEGUNDA FERIA DEL EMPLEO 2024 CON M\u00c1S DE 1,500 VACANTES - NDP Noticias<\/title>\n<meta name=\"robots\" content=\"index, follow, max-snippet:-1, max-image-preview:large, max-video-preview:-1\" \/>\n<link rel=\"canonical\" href=\"https:\/\/ndpnoticias.com.mx\/?p=6314\" \/>\n<meta property=\"og:locale\" content=\"es_ES\" \/>\n<meta property=\"og:type\" content=\"article\" \/>\n<meta property=\"og:title\" content=\"HUIXQUILUCAN ORGANIZA SEGUNDA FERIA DEL EMPLEO 2024 CON M\u00c1S DE 1,500 VACANTES - NDP Noticias\" \/>\n<meta property=\"og:description\" content=\"Huixquilucan, M\u00e9x.- Este jueves 24 de octubre, m\u00e1s de 80 empresas se dar\u00e1n cita en Huixquilucan para ofertar m\u00e1s de mil 500 vacantes en la \u201cSegunda Feria del Empleo 2024\u201d.&hellip;\" \/>\n<meta property=\"og:url\" content=\"https:\/\/ndpnoticias.com.mx\/?p=6314\" \/>\n<meta property=\"og:site_name\" content=\"NDP Noticias\" \/>\n<meta property=\"article:published_time\" content=\"2024-10-22T23:12:17+00:00\" \/>\n<meta property=\"article:modified_time\" content=\"2024-10-22T23:12:19+00:00\" \/>\n<meta property=\"og:image\" content=\"https:\/\/ndpnoticias.com.mx\/wp-content\/uploads\/2024\/10\/Comunicado-de-Prensa-No.-217-2024-5.jpeg\" \/>\n\t<meta property=\"og:image:width\" content=\"2100\" \/>\n\t<meta property=\"og:image:height\" content=\"1500\" \/>\n\t<meta property=\"og:image:type\" content=\"image\/jpeg\" \/>\n<meta name=\"author\" content=\"admin\" \/>\n<meta name=\"twitter:card\" content=\"summary_large_image\" \/>\n<meta name=\"twitter:label1\" content=\"Escrito por\" \/>\n\t<meta name=\"twitter:data1\" content=\"admin\" \/>\n\t<meta name=\"twitter:label2\" content=\"Tiempo de lectura\" \/>\n\t<meta name=\"twitter:data2\" content=\"2 minutos\" \/>\n<script type=\"application\/ld+json\" class=\"yoast-schema-graph\">{\"@context\":\"https:\/\/schema.org\",\"@graph\":[{\"@type\":\"Article\",\"@id\":\"https:\/\/ndpnoticias.com.mx\/?p=6314#article\",\"isPartOf\":{\"@id\":\"https:\/\/ndpnoticias.com.mx\/?p=6314\"},\"author\":{\"name\":\"admin\",\"@id\":\"https:\/\/ndpnoticias.com.mx\/#\/schema\/person\/76f3f372c2bedd0bf44c0c3fb0adc6ca\"},\"headline\":\"HUIXQUILUCAN ORGANIZA SEGUNDA FERIA DEL EMPLEO 2024 CON M\u00c1S DE 1,500 VACANTES\",\"datePublished\":\"2024-10-22T23:12:17+00:00\",\"dateModified\":\"2024-10-22T23:12:19+00:00\",\"mainEntityOfPage\":{\"@id\":\"https:\/\/ndpnoticias.com.mx\/?p=6314\"},\"wordCount\":257,\"commentCount\":0,\"publisher\":{\"@id\":\"https:\/\/ndpnoticias.com.mx\/#organization\"},\"image\":{\"@id\":\"https:\/\/ndpnoticias.com.mx\/?p=6314#primaryimage\"},\"thumbnailUrl\":\"https:\/\/ndpnoticias.com.mx\/wp-content\/uploads\/2024\/10\/Comunicado-de-Prensa-No.-217-2024-5.jpeg\",\"articleSection\":[\"Huixquilucan\"],\"inLanguage\":\"es\",\"potentialAction\":[{\"@type\":\"CommentAction\",\"name\":\"Comment\",\"target\":[\"https:\/\/ndpnoticias.com.mx\/?p=6314#respond\"]}]},{\"@type\":\"WebPage\",\"@id\":\"https:\/\/ndpnoticias.com.mx\/?p=6314\",\"url\":\"https:\/\/ndpnoticias.com.mx\/?p=6314\",\"name\":\"HUIXQUILUCAN ORGANIZA SEGUNDA FERIA DEL EMPLEO 2024 CON M\u00c1S DE 1,500 VACANTES - NDP Noticias\",\"isPartOf\":{\"@id\":\"https:\/\/ndpnoticias.com.mx\/#website\"},\"primaryImageOfPage\":{\"@id\":\"https:\/\/ndpnoticias.com.mx\/?p=6314#primaryimage\"},\"image\":{\"@id\":\"https:\/\/ndpnoticias.com.mx\/?p=6314#primaryimage\"},\"thumbnailUrl\":\"https:\/\/ndpnoticias.com.mx\/wp-content\/uploads\/2024\/10\/Comunicado-de-Prensa-No.-217-2024-5.jpeg\",\"datePublished\":\"2024-10-22T23:12:17+00:00\",\"dateModified\":\"2024-10-22T23:12:19+00:00\",\"breadcrumb\":{\"@id\":\"https:\/\/ndpnoticias.com.mx\/?p=6314#breadcrumb\"},\"inLanguage\":\"es\",\"potentialAction\":[{\"@type\":\"ReadAction\",\"target\":[\"https:\/\/ndpnoticias.com.mx\/?p=6314\"]}]},{\"@type\":\"ImageObject\",\"inLanguage\":\"es\",\"@id\":\"https:\/\/ndpnoticias.com.mx\/?p=6314#primaryimage\",\"url\":\"https:\/\/ndpnoticias.com.mx\/wp-content\/uploads\/2024\/10\/Comunicado-de-Prensa-No.-217-2024-5.jpeg\",\"contentUrl\":\"https:\/\/ndpnoticias.com.mx\/wp-content\/uploads\/2024\/10\/Comunicado-de-Prensa-No.-217-2024-5.jpeg\",\"width\":2100,\"height\":1500},{\"@type\":\"BreadcrumbList\",\"@id\":\"https:\/\/ndpnoticias.com.mx\/?p=6314#breadcrumb\",\"itemListElement\":[{\"@type\":\"ListItem\",\"position\":1,\"name\":\"Portada\",\"item\":\"https:\/\/ndpnoticias.com.mx\/\"},{\"@type\":\"ListItem\",\"position\":2,\"name\":\"HUIXQUILUCAN ORGANIZA SEGUNDA FERIA DEL EMPLEO 2024 CON M\u00c1S DE 1,500 VACANTES\"}]},{\"@type\":\"WebSite\",\"@id\":\"https:\/\/ndpnoticias.com.mx\/#website\",\"url\":\"https:\/\/ndpnoticias.com.mx\/\",\"name\":\"NDP Noticias\",\"description\":\"\",\"publisher\":{\"@id\":\"https:\/\/ndpnoticias.com.mx\/#organization\"},\"potentialAction\":[{\"@type\":\"SearchAction\",\"target\":{\"@type\":\"EntryPoint\",\"urlTemplate\":\"https:\/\/ndpnoticias.com.mx\/?s={search_term_string}\"},\"query-input\":\"required name=search_term_string\"}],\"inLanguage\":\"es\"},{\"@type\":\"Organization\",\"@id\":\"https:\/\/ndpnoticias.com.mx\/#organization\",\"name\":\"NDP Noticias\",\"url\":\"https:\/\/ndpnoticias.com.mx\/\",\"logo\":{\"@type\":\"ImageObject\",\"inLanguage\":\"es\",\"@id\":\"https:\/\/ndpnoticias.com.mx\/#\/schema\/logo\/image\/\",\"url\":\"https:\/\/ndpnoticias.com.mx\/wp-content\/uploads\/2024\/01\/cropped-IMG_3802-1.jpeg\",\"contentUrl\":\"https:\/\/ndpnoticias.com.mx\/wp-content\/uploads\/2024\/01\/cropped-IMG_3802-1.jpeg\",\"width\":472,\"height\":80,\"caption\":\"NDP Noticias\"},\"image\":{\"@id\":\"https:\/\/ndpnoticias.com.mx\/#\/schema\/logo\/image\/\"}},{\"@type\":\"Person\",\"@id\":\"https:\/\/ndpnoticias.com.mx\/#\/schema\/person\/76f3f372c2bedd0bf44c0c3fb0adc6ca\",\"name\":\"admin\",\"image\":{\"@type\":\"ImageObject\",\"inLanguage\":\"es\",\"@id\":\"https:\/\/ndpnoticias.com.mx\/#\/schema\/person\/image\/\",\"url\":\"https:\/\/secure.gravatar.com\/avatar\/76d7e481f585a42e41243c8312642a6f526d9b06cd67b616fc58155ca4786d1a?s=96&d=mm&r=g\",\"contentUrl\":\"https:\/\/secure.gravatar.com\/avatar\/76d7e481f585a42e41243c8312642a6f526d9b06cd67b616fc58155ca4786d1a?s=96&d=mm&r=g\",\"caption\":\"admin\"},\"sameAs\":[\"https:\/\/ndpnoticias.com.mx\"],\"url\":\"https:\/\/ndpnoticias.com.mx\/?author=1\"}]}<\/script>\n<!-- \/ Yoast SEO plugin. -->","yoast_head_json":{"title":"HUIXQUILUCAN ORGANIZA SEGUNDA FERIA DEL EMPLEO 2024 CON M\u00c1S DE 1,500 VACANTES - NDP Noticias","robots":{"index":"index","follow":"follow","max-snippet":"max-snippet:-1","max-image-preview":"max-image-preview:large","max-video-preview":"max-video-preview:-1"},"canonical":"https:\/\/ndpnoticias.com.mx\/?p=6314","og_locale":"es_ES","og_type":"article","og_title":"HUIXQUILUCAN ORGANIZA SEGUNDA FERIA DEL EMPLEO 2024 CON M\u00c1S DE 1,500 VACANTES - NDP Noticias","og_description":"Huixquilucan, M\u00e9x.- Este jueves 24 de octubre, m\u00e1s de 80 empresas se dar\u00e1n cita en Huixquilucan para ofertar m\u00e1s de mil 500 vacantes en la \u201cSegunda Feria del Empleo 2024\u201d.&hellip;","og_url":"https:\/\/ndpnoticias.com.mx\/?p=6314","og_site_name":"NDP Noticias","article_published_time":"2024-10-22T23:12:17+00:00","article_modified_time":"2024-10-22T23:12:19+00:00","og_image":[{"width":2100,"height":1500,"url":"https:\/\/ndpnoticias.com.mx\/wp-content\/uploads\/2024\/10\/Comunicado-de-Prensa-No.-217-2024-5.jpeg","type":"image\/jpeg"}],"author":"admin","twitter_card":"summary_large_image","twitter_misc":{"Escrito por":"admin","Tiempo de lectura":"2 minutos"},"schema":{"@context":"https:\/\/schema.org","@graph":[{"@type":"Article","@id":"https:\/\/ndpnoticias.com.mx\/?p=6314#article","isPartOf":{"@id":"https:\/\/ndpnoticias.com.mx\/?p=6314"},"author":{"name":"admin","@id":"https:\/\/ndpnoticias.com.mx\/#\/schema\/person\/76f3f372c2bedd0bf44c0c3fb0adc6ca"},"headline":"HUIXQUILUCAN ORGANIZA SEGUNDA FERIA DEL EMPLEO 2024 CON M\u00c1S DE 1,500 VACANTES","datePublished":"2024-10-22T23:12:17+00:00","dateModified":"2024-10-22T23:12:19+00:00","mainEntityOfPage":{"@id":"https:\/\/ndpnoticias.com.mx\/?p=6314"},"wordCount":257,"commentCount":0,"publisher":{"@id":"https:\/\/ndpnoticias.com.mx\/#organization"},"image":{"@id":"https:\/\/ndpnoticias.com.mx\/?p=6314#primaryimage"},"thumbnailUrl":"https:\/\/ndpnoticias.com.mx\/wp-content\/uploads\/2024\/10\/Comunicado-de-Prensa-No.-217-2024-5.jpeg","articleSection":["Huixquilucan"],"inLanguage":"es","potentialAction":[{"@type":"CommentAction","name":"Comment","target":["https:\/\/ndpnoticias.com.mx\/?p=6314#respond"]}]},{"@type":"WebPage","@id":"https:\/\/ndpnoticias.com.mx\/?p=6314","url":"https:\/\/ndpnoticias.com.mx\/?p=6314","name":"HUIXQUILUCAN ORGANIZA SEGUNDA FERIA DEL EMPLEO 2024 CON M\u00c1S DE 1,500 VACANTES - NDP Noticias","isPartOf":{"@id":"https:\/\/ndpnoticias.com.mx\/#website"},"primaryImageOfPage":{"@id":"https:\/\/ndpnoticias.com.mx\/?p=6314#primaryimage"},"image":{"@id":"https:\/\/ndpnoticias.com.mx\/?p=6314#primaryimage"},"thumbnailUrl":"https:\/\/ndpnoticias.com.mx\/wp-content\/uploads\/2024\/10\/Comunicado-de-Prensa-No.-217-2024-5.jpeg","datePublished":"2024-10-22T23:12:17+00:00","dateModified":"2024-10-22T23:12:19+00:00","breadcrumb":{"@id":"https:\/\/ndpnoticias.com.mx\/?p=6314#breadcrumb"},"inLanguage":"es","potentialAction":[{"@type":"ReadAction","target":["https:\/\/ndpnoticias.com.mx\/?p=6314"]}]},{"@type":"ImageObject","inLanguage":"es","@id":"https:\/\/ndpnoticias.com.mx\/?p=6314#primaryimage","url":"https:\/\/ndpnoticias.com.mx\/wp-content\/uploads\/2024\/10\/Comunicado-de-Prensa-No.-217-2024-5.jpeg","contentUrl":"https:\/\/ndpnoticias.com.mx\/wp-content\/uploads\/2024\/10\/Comunicado-de-Prensa-No.-217-2024-5.jpeg","width":2100,"height":1500},{"@type":"BreadcrumbList","@id":"https:\/\/ndpnoticias.com.mx\/?p=6314#breadcrumb","itemListElement":[{"@type":"ListItem","position":1,"name":"Portada","item":"https:\/\/ndpnoticias.com.mx\/"},{"@type":"ListItem","position":2,"name":"HUIXQUILUCAN ORGANIZA SEGUNDA FERIA DEL EMPLEO 2024 CON M\u00c1S DE 1,500 VACANTES"}]},{"@type":"WebSite","@id":"https:\/\/ndpnoticias.com.mx\/#website","url":"https:\/\/ndpnoticias.com.mx\/","name":"NDP Noticias","description":"","publisher":{"@id":"https:\/\/ndpnoticias.com.mx\/#organization"},"potentialAction":[{"@type":"SearchAction","target":{"@type":"EntryPoint","urlTemplate":"https:\/\/ndpnoticias.com.mx\/?s={search_term_string}"},"query-input":"required name=search_term_string"}],"inLanguage":"es"},{"@type":"Organization","@id":"https:\/\/ndpnoticias.com.mx\/#organization","name":"NDP Noticias","url":"https:\/\/ndpnoticias.com.mx\/","logo":{"@type":"ImageObject","inLanguage":"es","@id":"https:\/\/ndpnoticias.com.mx\/#\/schema\/logo\/image\/","url":"https:\/\/ndpnoticias.com.mx\/wp-content\/uploads\/2024\/01\/cropped-IMG_3802-1.jpeg","contentUrl":"https:\/\/ndpnoticias.com.mx\/wp-content\/uploads\/2024\/01\/cropped-IMG_3802-1.jpeg","width":472,"height":80,"caption":"NDP Noticias"},"image":{"@id":"https:\/\/ndpnoticias.com.mx\/#\/schema\/logo\/image\/"}},{"@type":"Person","@id":"https:\/\/ndpnoticias.com.mx\/#\/schema\/person\/76f3f372c2bedd0bf44c0c3fb0adc6ca","name":"admin","image":{"@type":"ImageObject","inLanguage":"es","@id":"https:\/\/ndpnoticias.com.mx\/#\/schema\/person\/image\/","url":"https:\/\/secure.gravatar.com\/avatar\/76d7e481f585a42e41243c8312642a6f526d9b06cd67b616fc58155ca4786d1a?s=96&d=mm&r=g","contentUrl":"https:\/\/secure.gravatar.com\/avatar\/76d7e481f585a42e41243c8312642a6f526d9b06cd67b616fc58155ca4786d1a?s=96&d=mm&r=g","caption":"admin"},"sameAs":["https:\/\/ndpnoticias.com.mx"],"url":"https:\/\/ndpnoticias.com.mx\/?author=1"}]}},"_links":{"self":[{"href":"https:\/\/ndpnoticias.com.mx\/index.php?rest_route=\/wp\/v2\/posts\/6314","targetHints":{"allow":["GET"]}}],"collection":[{"href":"https:\/\/ndpnoticias.com.mx\/index.php?rest_route=\/wp\/v2\/posts"}],"about":[{"href":"https:\/\/ndpnoticias.com.mx\/index.php?rest_route=\/wp\/v2\/types\/post"}],"author":[{"embeddable":true,"href":"https:\/\/ndpnoticias.com.mx\/index.php?rest_route=\/wp\/v2\/users\/1"}],"replies":[{"embeddable":true,"href":"https:\/\/ndpnoticias.com.mx\/index.php?rest_route=%2Fwp%2Fv2%2Fcomments&post=6314"}],"version-history":[{"count":1,"href":"https:\/\/ndpnoticias.com.mx\/index.php?rest_route=\/wp\/v2\/posts\/6314\/revisions"}],"predecessor-version":[{"id":6316,"href":"https:\/\/ndpnoticias.com.mx\/index.php?rest_route=\/wp\/v2\/posts\/6314\/revisions\/6316"}],"wp:featuredmedia":[{"embeddable":true,"href":"https:\/\/ndpnoticias.com.mx\/index.php?rest_route=\/wp\/v2\/media\/6315"}],"wp:attachment":[{"href":"https:\/\/ndpnoticias.com.mx\/index.php?rest_route=%2Fwp%2Fv2%2Fmedia&parent=6314"}],"wp:term":[{"taxonomy":"category","embeddable":true,"href":"https:\/\/ndpnoticias.com.mx\/index.php?rest_route=%2Fwp%2Fv2%2Fcategories&post=6314"},{"taxonomy":"post_tag","embeddable":true,"href":"https:\/\/ndpnoticias.com.mx\/index.php?rest_route=%2Fwp%2Fv2%2Ftags&post=6314"}],"curies":[{"name":"wp","href":"https:\/\/api.w.org\/{rel}","templated":true}]}}