{"id":6199,"date":"2024-10-17T12:29:04","date_gmt":"2024-10-17T18:29:04","guid":{"rendered":"https:\/\/ndpnoticias.com.mx\/?p=6199"},"modified":"2024-10-17T12:29:04","modified_gmt":"2024-10-17T18:29:04","slug":"impulsan-creacion-de-parque-ecologico-en-la-zona-del-caracol","status":"publish","type":"post","link":"https:\/\/ndpnoticias.com.mx\/?p=6199","title":{"rendered":"IMPULSAN CREACI\u00d3N DE PARQUE ECOL\u00d3GICO EN LA ZONA DEL CARACOL"},"content":{"rendered":"\n<ul class=\"wp-block-list\">\n<li>Alcaldesa electa Azucena Cisneros promover\u00e1 la conservaci\u00f3n ambiental en Ecatepec<\/li>\n<\/ul>\n\n\n\n<p>Ecatepec, M\u00e9x.- La alcaldesa electa de Ecatepec, Azucena Cisneros Coss, anunci\u00f3 su intenci\u00f3n de establecer un Parque Ecol\u00f3gico en la zona de El Caracol, un \u00e1rea de 800 hect\u00e1reas dentro del ex Lago de Texcoco. Este proyecto busca contribuir a la recuperaci\u00f3n h\u00eddrica, prevenir inundaciones y detener la invasi\u00f3n de terrenos en esta \u00e1rea natural protegida.<\/p>\n\n\n\n<p>Durante un recorrido por la zona, Cisneros estuvo acompa\u00f1ada por C\u00e9sar del Valle, alcalde electo de San Salvador Atenco, y representantes de la Comisi\u00f3n Nacional de \u00c1reas Naturales Protegidas (CONANP). Juntos confirmaron la biodiversidad de la regi\u00f3n, observando aves como \u00e1guilas, garzas y patos, cuya presencia aumenta en temporada invernal.<\/p>\n\n\n\n<p>Cisneros destac\u00f3 la importancia de las 800 hect\u00e1reas que ya han sido declaradas como reserva ecol\u00f3gica, un decreto que se emiti\u00f3 hace dos a\u00f1os. La alcaldesa electa se\u00f1al\u00f3 que buscar\u00e1 coordinarse con la Presidenta de la Rep\u00fablica, Claudia Sheinbaum, para desarrollar proyectos de impacto metropolitano en la zona oriente, con enfoque en la preservaci\u00f3n de esta \u00e1rea.<\/p>\n\n\n\n<p>El proyecto incluye el tratamiento de aguas residuales y la posible reconducci\u00f3n de aguas pluviales para prevenir inundaciones. Asimismo, Cisneros planea convertir El Caracol en un espacio de esparcimiento familiar, a trav\u00e9s de la creaci\u00f3n de un parque ecol\u00f3gico que se integre con la naturaleza mediante la implementaci\u00f3n de humedales.<\/p>\n\n\n\n<p>Por su parte, el alcalde electo de Atenco, C\u00e9sar del Valle, subray\u00f3 la necesidad de proteger y desarrollar las \u00e1reas naturales del ex Lago de Texcoco, ya que su regulaci\u00f3n h\u00eddrica es vital para la recarga de mantos acu\u00edferos. Del Valle propuso la construcci\u00f3n de infraestructura que permita canalizar hasta un 40% del agua de lluvia hacia El Caracol, con el fin de reducir inundaciones en las zonas m\u00e1s bajas.<\/p>\n\n\n\n<p>Ambos mandatarios electos reafirmaron su compromiso de trabajar conjuntamente para asegurar que la protecci\u00f3n ambiental de la regi\u00f3n beneficie tanto al medio ambiente como a las comunidades que enfrentan problemas de suministro de agua.<\/p>\n","protected":false},"excerpt":{"rendered":"<p>Ecatepec, M\u00e9x.- La alcaldesa electa de Ecatepec, Azucena Cisneros Coss, anunci\u00f3 su intenci\u00f3n de establecer un Parque Ecol\u00f3gico en la zona de El Caracol, un \u00e1rea de 800 hect\u00e1reas dentro&hellip; <\/p>\n","protected":false},"author":1,"featured_media":6200,"comment_status":"open","ping_status":"closed","sticky":false,"template":"","format":"standard","meta":{"footnotes":""},"categories":[39],"tags":[],"class_list":["post-6199","post","type-post","status-publish","format-standard","has-post-thumbnail","hentry","category-ecatepec"],"yoast_head":"<!-- This site is optimized with the Yoast SEO plugin v22.9 - https:\/\/yoast.com\/wordpress\/plugins\/seo\/ -->\n<title>IMPULSAN CREACI\u00d3N DE PARQUE ECOL\u00d3GICO EN LA ZONA DEL CARACOL - NDP Noticias<\/title>\n<meta name=\"robots\" content=\"index, follow, max-snippet:-1, max-image-preview:large, max-video-preview:-1\" \/>\n<link rel=\"canonical\" href=\"https:\/\/ndpnoticias.com.mx\/?p=6199\" \/>\n<meta property=\"og:locale\" content=\"es_ES\" \/>\n<meta property=\"og:type\" content=\"article\" \/>\n<meta property=\"og:title\" content=\"IMPULSAN CREACI\u00d3N DE PARQUE ECOL\u00d3GICO EN LA ZONA DEL CARACOL - NDP Noticias\" \/>\n<meta property=\"og:description\" content=\"Ecatepec, M\u00e9x.- La alcaldesa electa de Ecatepec, Azucena Cisneros Coss, anunci\u00f3 su intenci\u00f3n de establecer un Parque Ecol\u00f3gico en la zona de El Caracol, un \u00e1rea de 800 hect\u00e1reas dentro&hellip;\" \/>\n<meta property=\"og:url\" content=\"https:\/\/ndpnoticias.com.mx\/?p=6199\" \/>\n<meta property=\"og:site_name\" content=\"NDP Noticias\" \/>\n<meta property=\"article:published_time\" content=\"2024-10-17T18:29:04+00:00\" \/>\n<meta name=\"author\" content=\"admin\" \/>\n<meta name=\"twitter:card\" content=\"summary_large_image\" \/>\n<meta name=\"twitter:label1\" content=\"Escrito por\" \/>\n\t<meta name=\"twitter:data1\" content=\"admin\" \/>\n\t<meta name=\"twitter:label2\" content=\"Tiempo de lectura\" \/>\n\t<meta name=\"twitter:data2\" content=\"2 minutos\" \/>\n<script type=\"application\/ld+json\" class=\"yoast-schema-graph\">{\"@context\":\"https:\/\/schema.org\",\"@graph\":[{\"@type\":\"Article\",\"@id\":\"https:\/\/ndpnoticias.com.mx\/?p=6199#article\",\"isPartOf\":{\"@id\":\"https:\/\/ndpnoticias.com.mx\/?p=6199\"},\"author\":{\"name\":\"admin\",\"@id\":\"https:\/\/ndpnoticias.com.mx\/#\/schema\/person\/76f3f372c2bedd0bf44c0c3fb0adc6ca\"},\"headline\":\"IMPULSAN CREACI\u00d3N DE PARQUE ECOL\u00d3GICO EN LA ZONA DEL CARACOL\",\"datePublished\":\"2024-10-17T18:29:04+00:00\",\"dateModified\":\"2024-10-17T18:29:04+00:00\",\"mainEntityOfPage\":{\"@id\":\"https:\/\/ndpnoticias.com.mx\/?p=6199\"},\"wordCount\":368,\"commentCount\":0,\"publisher\":{\"@id\":\"https:\/\/ndpnoticias.com.mx\/#organization\"},\"image\":{\"@id\":\"https:\/\/ndpnoticias.com.mx\/?p=6199#primaryimage\"},\"thumbnailUrl\":\"https:\/\/ndpnoticias.com.mx\/wp-content\/uploads\/2024\/10\/ad2e9e06-862e-4074-8bb4-05b4b7d5a97f.jpeg\",\"articleSection\":[\"Ecatepec\"],\"inLanguage\":\"es\",\"potentialAction\":[{\"@type\":\"CommentAction\",\"name\":\"Comment\",\"target\":[\"https:\/\/ndpnoticias.com.mx\/?p=6199#respond\"]}]},{\"@type\":\"WebPage\",\"@id\":\"https:\/\/ndpnoticias.com.mx\/?p=6199\",\"url\":\"https:\/\/ndpnoticias.com.mx\/?p=6199\",\"name\":\"IMPULSAN CREACI\u00d3N DE PARQUE ECOL\u00d3GICO EN LA ZONA DEL CARACOL - NDP Noticias\",\"isPartOf\":{\"@id\":\"https:\/\/ndpnoticias.com.mx\/#website\"},\"primaryImageOfPage\":{\"@id\":\"https:\/\/ndpnoticias.com.mx\/?p=6199#primaryimage\"},\"image\":{\"@id\":\"https:\/\/ndpnoticias.com.mx\/?p=6199#primaryimage\"},\"thumbnailUrl\":\"https:\/\/ndpnoticias.com.mx\/wp-content\/uploads\/2024\/10\/ad2e9e06-862e-4074-8bb4-05b4b7d5a97f.jpeg\",\"datePublished\":\"2024-10-17T18:29:04+00:00\",\"dateModified\":\"2024-10-17T18:29:04+00:00\",\"breadcrumb\":{\"@id\":\"https:\/\/ndpnoticias.com.mx\/?p=6199#breadcrumb\"},\"inLanguage\":\"es\",\"potentialAction\":[{\"@type\":\"ReadAction\",\"target\":[\"https:\/\/ndpnoticias.com.mx\/?p=6199\"]}]},{\"@type\":\"ImageObject\",\"inLanguage\":\"es\",\"@id\":\"https:\/\/ndpnoticias.com.mx\/?p=6199#primaryimage\",\"url\":\"https:\/\/ndpnoticias.com.mx\/wp-content\/uploads\/2024\/10\/ad2e9e06-862e-4074-8bb4-05b4b7d5a97f.jpeg\",\"contentUrl\":\"https:\/\/ndpnoticias.com.mx\/wp-content\/uploads\/2024\/10\/ad2e9e06-862e-4074-8bb4-05b4b7d5a97f.jpeg\",\"width\":1080,\"height\":608},{\"@type\":\"BreadcrumbList\",\"@id\":\"https:\/\/ndpnoticias.com.mx\/?p=6199#breadcrumb\",\"itemListElement\":[{\"@type\":\"ListItem\",\"position\":1,\"name\":\"Portada\",\"item\":\"https:\/\/ndpnoticias.com.mx\/\"},{\"@type\":\"ListItem\",\"position\":2,\"name\":\"IMPULSAN CREACI\u00d3N DE PARQUE ECOL\u00d3GICO EN LA ZONA DEL CARACOL\"}]},{\"@type\":\"WebSite\",\"@id\":\"https:\/\/ndpnoticias.com.mx\/#website\",\"url\":\"https:\/\/ndpnoticias.com.mx\/\",\"name\":\"NDP Noticias\",\"description\":\"\",\"publisher\":{\"@id\":\"https:\/\/ndpnoticias.com.mx\/#organization\"},\"potentialAction\":[{\"@type\":\"SearchAction\",\"target\":{\"@type\":\"EntryPoint\",\"urlTemplate\":\"https:\/\/ndpnoticias.com.mx\/?s={search_term_string}\"},\"query-input\":\"required name=search_term_string\"}],\"inLanguage\":\"es\"},{\"@type\":\"Organization\",\"@id\":\"https:\/\/ndpnoticias.com.mx\/#organization\",\"name\":\"NDP Noticias\",\"url\":\"https:\/\/ndpnoticias.com.mx\/\",\"logo\":{\"@type\":\"ImageObject\",\"inLanguage\":\"es\",\"@id\":\"https:\/\/ndpnoticias.com.mx\/#\/schema\/logo\/image\/\",\"url\":\"https:\/\/ndpnoticias.com.mx\/wp-content\/uploads\/2024\/01\/cropped-IMG_3802-1.jpeg\",\"contentUrl\":\"https:\/\/ndpnoticias.com.mx\/wp-content\/uploads\/2024\/01\/cropped-IMG_3802-1.jpeg\",\"width\":472,\"height\":80,\"caption\":\"NDP Noticias\"},\"image\":{\"@id\":\"https:\/\/ndpnoticias.com.mx\/#\/schema\/logo\/image\/\"}},{\"@type\":\"Person\",\"@id\":\"https:\/\/ndpnoticias.com.mx\/#\/schema\/person\/76f3f372c2bedd0bf44c0c3fb0adc6ca\",\"name\":\"admin\",\"image\":{\"@type\":\"ImageObject\",\"inLanguage\":\"es\",\"@id\":\"https:\/\/ndpnoticias.com.mx\/#\/schema\/person\/image\/\",\"url\":\"https:\/\/secure.gravatar.com\/avatar\/76d7e481f585a42e41243c8312642a6f526d9b06cd67b616fc58155ca4786d1a?s=96&d=mm&r=g\",\"contentUrl\":\"https:\/\/secure.gravatar.com\/avatar\/76d7e481f585a42e41243c8312642a6f526d9b06cd67b616fc58155ca4786d1a?s=96&d=mm&r=g\",\"caption\":\"admin\"},\"sameAs\":[\"https:\/\/ndpnoticias.com.mx\"],\"url\":\"https:\/\/ndpnoticias.com.mx\/?author=1\"}]}<\/script>\n<!-- \/ Yoast SEO plugin. -->","yoast_head_json":{"title":"IMPULSAN CREACI\u00d3N DE PARQUE ECOL\u00d3GICO EN LA ZONA DEL CARACOL - NDP Noticias","robots":{"index":"index","follow":"follow","max-snippet":"max-snippet:-1","max-image-preview":"max-image-preview:large","max-video-preview":"max-video-preview:-1"},"canonical":"https:\/\/ndpnoticias.com.mx\/?p=6199","og_locale":"es_ES","og_type":"article","og_title":"IMPULSAN CREACI\u00d3N DE PARQUE ECOL\u00d3GICO EN LA ZONA DEL CARACOL - NDP Noticias","og_description":"Ecatepec, M\u00e9x.- La alcaldesa electa de Ecatepec, Azucena Cisneros Coss, anunci\u00f3 su intenci\u00f3n de establecer un Parque Ecol\u00f3gico en la zona de El Caracol, un \u00e1rea de 800 hect\u00e1reas dentro&hellip;","og_url":"https:\/\/ndpnoticias.com.mx\/?p=6199","og_site_name":"NDP Noticias","article_published_time":"2024-10-17T18:29:04+00:00","author":"admin","twitter_card":"summary_large_image","twitter_misc":{"Escrito por":"admin","Tiempo de lectura":"2 minutos"},"schema":{"@context":"https:\/\/schema.org","@graph":[{"@type":"Article","@id":"https:\/\/ndpnoticias.com.mx\/?p=6199#article","isPartOf":{"@id":"https:\/\/ndpnoticias.com.mx\/?p=6199"},"author":{"name":"admin","@id":"https:\/\/ndpnoticias.com.mx\/#\/schema\/person\/76f3f372c2bedd0bf44c0c3fb0adc6ca"},"headline":"IMPULSAN CREACI\u00d3N DE PARQUE ECOL\u00d3GICO EN LA ZONA DEL CARACOL","datePublished":"2024-10-17T18:29:04+00:00","dateModified":"2024-10-17T18:29:04+00:00","mainEntityOfPage":{"@id":"https:\/\/ndpnoticias.com.mx\/?p=6199"},"wordCount":368,"commentCount":0,"publisher":{"@id":"https:\/\/ndpnoticias.com.mx\/#organization"},"image":{"@id":"https:\/\/ndpnoticias.com.mx\/?p=6199#primaryimage"},"thumbnailUrl":"https:\/\/ndpnoticias.com.mx\/wp-content\/uploads\/2024\/10\/ad2e9e06-862e-4074-8bb4-05b4b7d5a97f.jpeg","articleSection":["Ecatepec"],"inLanguage":"es","potentialAction":[{"@type":"CommentAction","name":"Comment","target":["https:\/\/ndpnoticias.com.mx\/?p=6199#respond"]}]},{"@type":"WebPage","@id":"https:\/\/ndpnoticias.com.mx\/?p=6199","url":"https:\/\/ndpnoticias.com.mx\/?p=6199","name":"IMPULSAN CREACI\u00d3N DE PARQUE ECOL\u00d3GICO EN LA ZONA DEL CARACOL - NDP Noticias","isPartOf":{"@id":"https:\/\/ndpnoticias.com.mx\/#website"},"primaryImageOfPage":{"@id":"https:\/\/ndpnoticias.com.mx\/?p=6199#primaryimage"},"image":{"@id":"https:\/\/ndpnoticias.com.mx\/?p=6199#primaryimage"},"thumbnailUrl":"https:\/\/ndpnoticias.com.mx\/wp-content\/uploads\/2024\/10\/ad2e9e06-862e-4074-8bb4-05b4b7d5a97f.jpeg","datePublished":"2024-10-17T18:29:04+00:00","dateModified":"2024-10-17T18:29:04+00:00","breadcrumb":{"@id":"https:\/\/ndpnoticias.com.mx\/?p=6199#breadcrumb"},"inLanguage":"es","potentialAction":[{"@type":"ReadAction","target":["https:\/\/ndpnoticias.com.mx\/?p=6199"]}]},{"@type":"ImageObject","inLanguage":"es","@id":"https:\/\/ndpnoticias.com.mx\/?p=6199#primaryimage","url":"https:\/\/ndpnoticias.com.mx\/wp-content\/uploads\/2024\/10\/ad2e9e06-862e-4074-8bb4-05b4b7d5a97f.jpeg","contentUrl":"https:\/\/ndpnoticias.com.mx\/wp-content\/uploads\/2024\/10\/ad2e9e06-862e-4074-8bb4-05b4b7d5a97f.jpeg","width":1080,"height":608},{"@type":"BreadcrumbList","@id":"https:\/\/ndpnoticias.com.mx\/?p=6199#breadcrumb","itemListElement":[{"@type":"ListItem","position":1,"name":"Portada","item":"https:\/\/ndpnoticias.com.mx\/"},{"@type":"ListItem","position":2,"name":"IMPULSAN CREACI\u00d3N DE PARQUE ECOL\u00d3GICO EN LA ZONA DEL CARACOL"}]},{"@type":"WebSite","@id":"https:\/\/ndpnoticias.com.mx\/#website","url":"https:\/\/ndpnoticias.com.mx\/","name":"NDP Noticias","description":"","publisher":{"@id":"https:\/\/ndpnoticias.com.mx\/#organization"},"potentialAction":[{"@type":"SearchAction","target":{"@type":"EntryPoint","urlTemplate":"https:\/\/ndpnoticias.com.mx\/?s={search_term_string}"},"query-input":"required name=search_term_string"}],"inLanguage":"es"},{"@type":"Organization","@id":"https:\/\/ndpnoticias.com.mx\/#organization","name":"NDP Noticias","url":"https:\/\/ndpnoticias.com.mx\/","logo":{"@type":"ImageObject","inLanguage":"es","@id":"https:\/\/ndpnoticias.com.mx\/#\/schema\/logo\/image\/","url":"https:\/\/ndpnoticias.com.mx\/wp-content\/uploads\/2024\/01\/cropped-IMG_3802-1.jpeg","contentUrl":"https:\/\/ndpnoticias.com.mx\/wp-content\/uploads\/2024\/01\/cropped-IMG_3802-1.jpeg","width":472,"height":80,"caption":"NDP Noticias"},"image":{"@id":"https:\/\/ndpnoticias.com.mx\/#\/schema\/logo\/image\/"}},{"@type":"Person","@id":"https:\/\/ndpnoticias.com.mx\/#\/schema\/person\/76f3f372c2bedd0bf44c0c3fb0adc6ca","name":"admin","image":{"@type":"ImageObject","inLanguage":"es","@id":"https:\/\/ndpnoticias.com.mx\/#\/schema\/person\/image\/","url":"https:\/\/secure.gravatar.com\/avatar\/76d7e481f585a42e41243c8312642a6f526d9b06cd67b616fc58155ca4786d1a?s=96&d=mm&r=g","contentUrl":"https:\/\/secure.gravatar.com\/avatar\/76d7e481f585a42e41243c8312642a6f526d9b06cd67b616fc58155ca4786d1a?s=96&d=mm&r=g","caption":"admin"},"sameAs":["https:\/\/ndpnoticias.com.mx"],"url":"https:\/\/ndpnoticias.com.mx\/?author=1"}]}},"_links":{"self":[{"href":"https:\/\/ndpnoticias.com.mx\/index.php?rest_route=\/wp\/v2\/posts\/6199","targetHints":{"allow":["GET"]}}],"collection":[{"href":"https:\/\/ndpnoticias.com.mx\/index.php?rest_route=\/wp\/v2\/posts"}],"about":[{"href":"https:\/\/ndpnoticias.com.mx\/index.php?rest_route=\/wp\/v2\/types\/post"}],"author":[{"embeddable":true,"href":"https:\/\/ndpnoticias.com.mx\/index.php?rest_route=\/wp\/v2\/users\/1"}],"replies":[{"embeddable":true,"href":"https:\/\/ndpnoticias.com.mx\/index.php?rest_route=%2Fwp%2Fv2%2Fcomments&post=6199"}],"version-history":[{"count":1,"href":"https:\/\/ndpnoticias.com.mx\/index.php?rest_route=\/wp\/v2\/posts\/6199\/revisions"}],"predecessor-version":[{"id":6201,"href":"https:\/\/ndpnoticias.com.mx\/index.php?rest_route=\/wp\/v2\/posts\/6199\/revisions\/6201"}],"wp:featuredmedia":[{"embeddable":true,"href":"https:\/\/ndpnoticias.com.mx\/index.php?rest_route=\/wp\/v2\/media\/6200"}],"wp:attachment":[{"href":"https:\/\/ndpnoticias.com.mx\/index.php?rest_route=%2Fwp%2Fv2%2Fmedia&parent=6199"}],"wp:term":[{"taxonomy":"category","embeddable":true,"href":"https:\/\/ndpnoticias.com.mx\/index.php?rest_route=%2Fwp%2Fv2%2Fcategories&post=6199"},{"taxonomy":"post_tag","embeddable":true,"href":"https:\/\/ndpnoticias.com.mx\/index.php?rest_route=%2Fwp%2Fv2%2Ftags&post=6199"}],"curies":[{"name":"wp","href":"https:\/\/api.w.org\/{rel}","templated":true}]}}