{"id":575,"date":"2024-02-03T21:41:18","date_gmt":"2024-02-04T03:41:18","guid":{"rendered":"https:\/\/ndpnoticias.com.mx\/?p=575"},"modified":"2024-02-03T21:41:19","modified_gmt":"2024-02-04T03:41:19","slug":"presidente-del-pri-convoca-a-cierre-de-filas-para-elecciones-federales-y-locales","status":"publish","type":"post","link":"https:\/\/ndpnoticias.com.mx\/?p=575","title":{"rendered":"Presidente del PRI convoca a cierre de filas para elecciones federales y locales"},"content":{"rendered":"\n<ul class=\"wp-block-list\">\n<li>Alejandro Moreno llama a la unidad del partido para alcanzar el triunfo el pr\u00f3ximo 2 de junio.<\/li>\n<\/ul>\n\n\n\n<p>Edomex.- Desde el Estado de M\u00e9xico, el presidente del Comit\u00e9 Ejecutivo Nacional (CEN) del PRI, Alejandro Moreno C\u00e1rdenas, convoc\u00f3 a un cierre de filas en todo el pa\u00eds con miras a las elecciones federales y locales del pr\u00f3ximo 2 de junio. Durante el informe de la diputada federal Cristina Ruiz, Moreno destac\u00f3 la importancia de la unidad y la construcci\u00f3n de una coalici\u00f3n electoral poderosa y ganadora con los aliados del partido.<\/p>\n\n\n\n<p>Ante la presidenta del Comit\u00e9 Directivo Estatal, Ana Lilia Herrera Anzaldo, Moreno reafirm\u00f3 la postura del PRI sobre la situaci\u00f3n actual del pa\u00eds, se\u00f1alando al gobierno actual como responsable de convertir a M\u00e9xico en un Estado fallido. Critic\u00f3 las obras fara\u00f3nicas y la presunta corrupci\u00f3n en el gobierno de Morena, mientras el pa\u00eds enfrenta problemas en salud, educaci\u00f3n y diversos sectores.<\/p>\n\n\n\n<p>En este contexto, Moreno destac\u00f3 que los mexicanos se encuentran frente a dos caminos: uno que lleva a la destrucci\u00f3n y el caos, y otro que representa una naci\u00f3n libre, democr\u00e1tica, pr\u00f3spera y con oportunidades. En este sentido, hizo referencia a X\u00f3chitl G\u00e1lvez como una opci\u00f3n que ofrece certeza y certidumbre para el futuro del pa\u00eds.<\/p>\n","protected":false},"excerpt":{"rendered":"<p>Edomex.- Desde el Estado de M\u00e9xico, el presidente del Comit\u00e9 Ejecutivo Nacional (CEN) del PRI, Alejandro Moreno C\u00e1rdenas, convoc\u00f3 a un cierre de filas en todo el pa\u00eds con miras&hellip; <\/p>\n","protected":false},"author":1,"featured_media":576,"comment_status":"open","ping_status":"closed","sticky":false,"template":"","format":"standard","meta":{"footnotes":""},"categories":[30],"tags":[],"class_list":["post-575","post","type-post","status-publish","format-standard","has-post-thumbnail","hentry","category-pri"],"yoast_head":"<!-- This site is optimized with the Yoast SEO plugin v22.9 - https:\/\/yoast.com\/wordpress\/plugins\/seo\/ -->\n<title>Presidente del PRI convoca a cierre de filas para elecciones federales y locales - NDP Noticias<\/title>\n<meta name=\"robots\" content=\"index, follow, max-snippet:-1, max-image-preview:large, max-video-preview:-1\" \/>\n<link rel=\"canonical\" href=\"https:\/\/ndpnoticias.com.mx\/?p=575\" \/>\n<meta property=\"og:locale\" content=\"es_ES\" \/>\n<meta property=\"og:type\" content=\"article\" \/>\n<meta property=\"og:title\" content=\"Presidente del PRI convoca a cierre de filas para elecciones federales y locales - NDP Noticias\" \/>\n<meta property=\"og:description\" content=\"Edomex.- Desde el Estado de M\u00e9xico, el presidente del Comit\u00e9 Ejecutivo Nacional (CEN) del PRI, Alejandro Moreno C\u00e1rdenas, convoc\u00f3 a un cierre de filas en todo el pa\u00eds con miras&hellip;\" \/>\n<meta property=\"og:url\" content=\"https:\/\/ndpnoticias.com.mx\/?p=575\" \/>\n<meta property=\"og:site_name\" content=\"NDP Noticias\" \/>\n<meta property=\"article:published_time\" content=\"2024-02-04T03:41:18+00:00\" \/>\n<meta property=\"article:modified_time\" content=\"2024-02-04T03:41:19+00:00\" \/>\n<meta property=\"og:image\" content=\"https:\/\/ndpnoticias.com.mx\/wp-content\/uploads\/2024\/02\/cb7aff52-2afd-4055-a42b-07d94565293c.jpeg\" \/>\n\t<meta property=\"og:image:width\" content=\"1280\" \/>\n\t<meta property=\"og:image:height\" content=\"720\" \/>\n\t<meta property=\"og:image:type\" content=\"image\/jpeg\" \/>\n<meta name=\"author\" content=\"admin\" \/>\n<meta name=\"twitter:card\" content=\"summary_large_image\" \/>\n<meta name=\"twitter:label1\" content=\"Escrito por\" \/>\n\t<meta name=\"twitter:data1\" content=\"admin\" \/>\n\t<meta name=\"twitter:label2\" content=\"Tiempo de lectura\" \/>\n\t<meta name=\"twitter:data2\" content=\"2 minutos\" \/>\n<script type=\"application\/ld+json\" class=\"yoast-schema-graph\">{\"@context\":\"https:\/\/schema.org\",\"@graph\":[{\"@type\":\"Article\",\"@id\":\"https:\/\/ndpnoticias.com.mx\/?p=575#article\",\"isPartOf\":{\"@id\":\"https:\/\/ndpnoticias.com.mx\/?p=575\"},\"author\":{\"name\":\"admin\",\"@id\":\"https:\/\/ndpnoticias.com.mx\/#\/schema\/person\/76f3f372c2bedd0bf44c0c3fb0adc6ca\"},\"headline\":\"Presidente del PRI convoca a cierre de filas para elecciones federales y locales\",\"datePublished\":\"2024-02-04T03:41:18+00:00\",\"dateModified\":\"2024-02-04T03:41:19+00:00\",\"mainEntityOfPage\":{\"@id\":\"https:\/\/ndpnoticias.com.mx\/?p=575\"},\"wordCount\":241,\"commentCount\":0,\"publisher\":{\"@id\":\"https:\/\/ndpnoticias.com.mx\/#organization\"},\"image\":{\"@id\":\"https:\/\/ndpnoticias.com.mx\/?p=575#primaryimage\"},\"thumbnailUrl\":\"https:\/\/ndpnoticias.com.mx\/wp-content\/uploads\/2024\/02\/cb7aff52-2afd-4055-a42b-07d94565293c.jpeg\",\"articleSection\":[\"PRI\"],\"inLanguage\":\"es\",\"potentialAction\":[{\"@type\":\"CommentAction\",\"name\":\"Comment\",\"target\":[\"https:\/\/ndpnoticias.com.mx\/?p=575#respond\"]}]},{\"@type\":\"WebPage\",\"@id\":\"https:\/\/ndpnoticias.com.mx\/?p=575\",\"url\":\"https:\/\/ndpnoticias.com.mx\/?p=575\",\"name\":\"Presidente del PRI convoca a cierre de filas para elecciones federales y locales - NDP Noticias\",\"isPartOf\":{\"@id\":\"https:\/\/ndpnoticias.com.mx\/#website\"},\"primaryImageOfPage\":{\"@id\":\"https:\/\/ndpnoticias.com.mx\/?p=575#primaryimage\"},\"image\":{\"@id\":\"https:\/\/ndpnoticias.com.mx\/?p=575#primaryimage\"},\"thumbnailUrl\":\"https:\/\/ndpnoticias.com.mx\/wp-content\/uploads\/2024\/02\/cb7aff52-2afd-4055-a42b-07d94565293c.jpeg\",\"datePublished\":\"2024-02-04T03:41:18+00:00\",\"dateModified\":\"2024-02-04T03:41:19+00:00\",\"breadcrumb\":{\"@id\":\"https:\/\/ndpnoticias.com.mx\/?p=575#breadcrumb\"},\"inLanguage\":\"es\",\"potentialAction\":[{\"@type\":\"ReadAction\",\"target\":[\"https:\/\/ndpnoticias.com.mx\/?p=575\"]}]},{\"@type\":\"ImageObject\",\"inLanguage\":\"es\",\"@id\":\"https:\/\/ndpnoticias.com.mx\/?p=575#primaryimage\",\"url\":\"https:\/\/ndpnoticias.com.mx\/wp-content\/uploads\/2024\/02\/cb7aff52-2afd-4055-a42b-07d94565293c.jpeg\",\"contentUrl\":\"https:\/\/ndpnoticias.com.mx\/wp-content\/uploads\/2024\/02\/cb7aff52-2afd-4055-a42b-07d94565293c.jpeg\",\"width\":1280,\"height\":720},{\"@type\":\"BreadcrumbList\",\"@id\":\"https:\/\/ndpnoticias.com.mx\/?p=575#breadcrumb\",\"itemListElement\":[{\"@type\":\"ListItem\",\"position\":1,\"name\":\"Portada\",\"item\":\"https:\/\/ndpnoticias.com.mx\/\"},{\"@type\":\"ListItem\",\"position\":2,\"name\":\"Presidente del PRI convoca a cierre de filas para elecciones federales y locales\"}]},{\"@type\":\"WebSite\",\"@id\":\"https:\/\/ndpnoticias.com.mx\/#website\",\"url\":\"https:\/\/ndpnoticias.com.mx\/\",\"name\":\"NDP Noticias\",\"description\":\"\",\"publisher\":{\"@id\":\"https:\/\/ndpnoticias.com.mx\/#organization\"},\"potentialAction\":[{\"@type\":\"SearchAction\",\"target\":{\"@type\":\"EntryPoint\",\"urlTemplate\":\"https:\/\/ndpnoticias.com.mx\/?s={search_term_string}\"},\"query-input\":\"required name=search_term_string\"}],\"inLanguage\":\"es\"},{\"@type\":\"Organization\",\"@id\":\"https:\/\/ndpnoticias.com.mx\/#organization\",\"name\":\"NDP Noticias\",\"url\":\"https:\/\/ndpnoticias.com.mx\/\",\"logo\":{\"@type\":\"ImageObject\",\"inLanguage\":\"es\",\"@id\":\"https:\/\/ndpnoticias.com.mx\/#\/schema\/logo\/image\/\",\"url\":\"https:\/\/ndpnoticias.com.mx\/wp-content\/uploads\/2024\/01\/cropped-IMG_3802-1.jpeg\",\"contentUrl\":\"https:\/\/ndpnoticias.com.mx\/wp-content\/uploads\/2024\/01\/cropped-IMG_3802-1.jpeg\",\"width\":472,\"height\":80,\"caption\":\"NDP Noticias\"},\"image\":{\"@id\":\"https:\/\/ndpnoticias.com.mx\/#\/schema\/logo\/image\/\"}},{\"@type\":\"Person\",\"@id\":\"https:\/\/ndpnoticias.com.mx\/#\/schema\/person\/76f3f372c2bedd0bf44c0c3fb0adc6ca\",\"name\":\"admin\",\"image\":{\"@type\":\"ImageObject\",\"inLanguage\":\"es\",\"@id\":\"https:\/\/ndpnoticias.com.mx\/#\/schema\/person\/image\/\",\"url\":\"https:\/\/secure.gravatar.com\/avatar\/76d7e481f585a42e41243c8312642a6f526d9b06cd67b616fc58155ca4786d1a?s=96&d=mm&r=g\",\"contentUrl\":\"https:\/\/secure.gravatar.com\/avatar\/76d7e481f585a42e41243c8312642a6f526d9b06cd67b616fc58155ca4786d1a?s=96&d=mm&r=g\",\"caption\":\"admin\"},\"sameAs\":[\"https:\/\/ndpnoticias.com.mx\"],\"url\":\"https:\/\/ndpnoticias.com.mx\/?author=1\"}]}<\/script>\n<!-- \/ Yoast SEO plugin. -->","yoast_head_json":{"title":"Presidente del PRI convoca a cierre de filas para elecciones federales y locales - NDP Noticias","robots":{"index":"index","follow":"follow","max-snippet":"max-snippet:-1","max-image-preview":"max-image-preview:large","max-video-preview":"max-video-preview:-1"},"canonical":"https:\/\/ndpnoticias.com.mx\/?p=575","og_locale":"es_ES","og_type":"article","og_title":"Presidente del PRI convoca a cierre de filas para elecciones federales y locales - NDP Noticias","og_description":"Edomex.- Desde el Estado de M\u00e9xico, el presidente del Comit\u00e9 Ejecutivo Nacional (CEN) del PRI, Alejandro Moreno C\u00e1rdenas, convoc\u00f3 a un cierre de filas en todo el pa\u00eds con miras&hellip;","og_url":"https:\/\/ndpnoticias.com.mx\/?p=575","og_site_name":"NDP Noticias","article_published_time":"2024-02-04T03:41:18+00:00","article_modified_time":"2024-02-04T03:41:19+00:00","og_image":[{"width":1280,"height":720,"url":"https:\/\/ndpnoticias.com.mx\/wp-content\/uploads\/2024\/02\/cb7aff52-2afd-4055-a42b-07d94565293c.jpeg","type":"image\/jpeg"}],"author":"admin","twitter_card":"summary_large_image","twitter_misc":{"Escrito por":"admin","Tiempo de lectura":"2 minutos"},"schema":{"@context":"https:\/\/schema.org","@graph":[{"@type":"Article","@id":"https:\/\/ndpnoticias.com.mx\/?p=575#article","isPartOf":{"@id":"https:\/\/ndpnoticias.com.mx\/?p=575"},"author":{"name":"admin","@id":"https:\/\/ndpnoticias.com.mx\/#\/schema\/person\/76f3f372c2bedd0bf44c0c3fb0adc6ca"},"headline":"Presidente del PRI convoca a cierre de filas para elecciones federales y locales","datePublished":"2024-02-04T03:41:18+00:00","dateModified":"2024-02-04T03:41:19+00:00","mainEntityOfPage":{"@id":"https:\/\/ndpnoticias.com.mx\/?p=575"},"wordCount":241,"commentCount":0,"publisher":{"@id":"https:\/\/ndpnoticias.com.mx\/#organization"},"image":{"@id":"https:\/\/ndpnoticias.com.mx\/?p=575#primaryimage"},"thumbnailUrl":"https:\/\/ndpnoticias.com.mx\/wp-content\/uploads\/2024\/02\/cb7aff52-2afd-4055-a42b-07d94565293c.jpeg","articleSection":["PRI"],"inLanguage":"es","potentialAction":[{"@type":"CommentAction","name":"Comment","target":["https:\/\/ndpnoticias.com.mx\/?p=575#respond"]}]},{"@type":"WebPage","@id":"https:\/\/ndpnoticias.com.mx\/?p=575","url":"https:\/\/ndpnoticias.com.mx\/?p=575","name":"Presidente del PRI convoca a cierre de filas para elecciones federales y locales - NDP Noticias","isPartOf":{"@id":"https:\/\/ndpnoticias.com.mx\/#website"},"primaryImageOfPage":{"@id":"https:\/\/ndpnoticias.com.mx\/?p=575#primaryimage"},"image":{"@id":"https:\/\/ndpnoticias.com.mx\/?p=575#primaryimage"},"thumbnailUrl":"https:\/\/ndpnoticias.com.mx\/wp-content\/uploads\/2024\/02\/cb7aff52-2afd-4055-a42b-07d94565293c.jpeg","datePublished":"2024-02-04T03:41:18+00:00","dateModified":"2024-02-04T03:41:19+00:00","breadcrumb":{"@id":"https:\/\/ndpnoticias.com.mx\/?p=575#breadcrumb"},"inLanguage":"es","potentialAction":[{"@type":"ReadAction","target":["https:\/\/ndpnoticias.com.mx\/?p=575"]}]},{"@type":"ImageObject","inLanguage":"es","@id":"https:\/\/ndpnoticias.com.mx\/?p=575#primaryimage","url":"https:\/\/ndpnoticias.com.mx\/wp-content\/uploads\/2024\/02\/cb7aff52-2afd-4055-a42b-07d94565293c.jpeg","contentUrl":"https:\/\/ndpnoticias.com.mx\/wp-content\/uploads\/2024\/02\/cb7aff52-2afd-4055-a42b-07d94565293c.jpeg","width":1280,"height":720},{"@type":"BreadcrumbList","@id":"https:\/\/ndpnoticias.com.mx\/?p=575#breadcrumb","itemListElement":[{"@type":"ListItem","position":1,"name":"Portada","item":"https:\/\/ndpnoticias.com.mx\/"},{"@type":"ListItem","position":2,"name":"Presidente del PRI convoca a cierre de filas para elecciones federales y locales"}]},{"@type":"WebSite","@id":"https:\/\/ndpnoticias.com.mx\/#website","url":"https:\/\/ndpnoticias.com.mx\/","name":"NDP Noticias","description":"","publisher":{"@id":"https:\/\/ndpnoticias.com.mx\/#organization"},"potentialAction":[{"@type":"SearchAction","target":{"@type":"EntryPoint","urlTemplate":"https:\/\/ndpnoticias.com.mx\/?s={search_term_string}"},"query-input":"required name=search_term_string"}],"inLanguage":"es"},{"@type":"Organization","@id":"https:\/\/ndpnoticias.com.mx\/#organization","name":"NDP Noticias","url":"https:\/\/ndpnoticias.com.mx\/","logo":{"@type":"ImageObject","inLanguage":"es","@id":"https:\/\/ndpnoticias.com.mx\/#\/schema\/logo\/image\/","url":"https:\/\/ndpnoticias.com.mx\/wp-content\/uploads\/2024\/01\/cropped-IMG_3802-1.jpeg","contentUrl":"https:\/\/ndpnoticias.com.mx\/wp-content\/uploads\/2024\/01\/cropped-IMG_3802-1.jpeg","width":472,"height":80,"caption":"NDP Noticias"},"image":{"@id":"https:\/\/ndpnoticias.com.mx\/#\/schema\/logo\/image\/"}},{"@type":"Person","@id":"https:\/\/ndpnoticias.com.mx\/#\/schema\/person\/76f3f372c2bedd0bf44c0c3fb0adc6ca","name":"admin","image":{"@type":"ImageObject","inLanguage":"es","@id":"https:\/\/ndpnoticias.com.mx\/#\/schema\/person\/image\/","url":"https:\/\/secure.gravatar.com\/avatar\/76d7e481f585a42e41243c8312642a6f526d9b06cd67b616fc58155ca4786d1a?s=96&d=mm&r=g","contentUrl":"https:\/\/secure.gravatar.com\/avatar\/76d7e481f585a42e41243c8312642a6f526d9b06cd67b616fc58155ca4786d1a?s=96&d=mm&r=g","caption":"admin"},"sameAs":["https:\/\/ndpnoticias.com.mx"],"url":"https:\/\/ndpnoticias.com.mx\/?author=1"}]}},"_links":{"self":[{"href":"https:\/\/ndpnoticias.com.mx\/index.php?rest_route=\/wp\/v2\/posts\/575","targetHints":{"allow":["GET"]}}],"collection":[{"href":"https:\/\/ndpnoticias.com.mx\/index.php?rest_route=\/wp\/v2\/posts"}],"about":[{"href":"https:\/\/ndpnoticias.com.mx\/index.php?rest_route=\/wp\/v2\/types\/post"}],"author":[{"embeddable":true,"href":"https:\/\/ndpnoticias.com.mx\/index.php?rest_route=\/wp\/v2\/users\/1"}],"replies":[{"embeddable":true,"href":"https:\/\/ndpnoticias.com.mx\/index.php?rest_route=%2Fwp%2Fv2%2Fcomments&post=575"}],"version-history":[{"count":1,"href":"https:\/\/ndpnoticias.com.mx\/index.php?rest_route=\/wp\/v2\/posts\/575\/revisions"}],"predecessor-version":[{"id":577,"href":"https:\/\/ndpnoticias.com.mx\/index.php?rest_route=\/wp\/v2\/posts\/575\/revisions\/577"}],"wp:featuredmedia":[{"embeddable":true,"href":"https:\/\/ndpnoticias.com.mx\/index.php?rest_route=\/wp\/v2\/media\/576"}],"wp:attachment":[{"href":"https:\/\/ndpnoticias.com.mx\/index.php?rest_route=%2Fwp%2Fv2%2Fmedia&parent=575"}],"wp:term":[{"taxonomy":"category","embeddable":true,"href":"https:\/\/ndpnoticias.com.mx\/index.php?rest_route=%2Fwp%2Fv2%2Fcategories&post=575"},{"taxonomy":"post_tag","embeddable":true,"href":"https:\/\/ndpnoticias.com.mx\/index.php?rest_route=%2Fwp%2Fv2%2Ftags&post=575"}],"curies":[{"name":"wp","href":"https:\/\/api.w.org\/{rel}","templated":true}]}}