{"id":5430,"date":"2024-09-16T15:37:53","date_gmt":"2024-09-16T21:37:53","guid":{"rendered":"https:\/\/ndpnoticias.com.mx\/?p=5430"},"modified":"2024-09-16T15:37:56","modified_gmt":"2024-09-16T21:37:56","slug":"gobernadora-delfina-gomez-conmemora-la-independencia-con-guardia-de-honor-y-desfile-civico-militar","status":"publish","type":"post","link":"https:\/\/ndpnoticias.com.mx\/?p=5430","title":{"rendered":"GOBERNADORA DELFINA G\u00d3MEZ CONMEMORA LA INDEPENDENCIA CON GUARDIA DE HONOR Y DESFILE C\u00cdVICO-MILITAR"},"content":{"rendered":"\n<ul class=\"wp-block-list\">\n<li>En una jornada cargada de simbolismo y respeto, la mandataria mexiquense rinde homenaje a los h\u00e9roes patrios y a las v\u00edctimas de desastres naturales.<\/li>\n<\/ul>\n\n\n\n<p>Toluca, M\u00e9x.- La Gobernadora del Estado de M\u00e9xico, Delfina G\u00f3mez \u00c1lvarez, lider\u00f3 dos eventos de gran importancia en el marco del CCXIV Aniversario de la Independencia de M\u00e9xico: una Guardia de Honor en el Monumento a Miguel Hidalgo y Costilla y el tradicional desfile c\u00edvico-militar en la capital del estado.<\/p>\n\n\n\n<p>La ma\u00f1ana comenz\u00f3 con un acto solemne en la Secundaria Oficial No. 1 de Toluca, donde G\u00f3mez \u00c1lvarez, acompa\u00f1ada de autoridades estatales, mont\u00f3 Guardia de Honor frente al monumento del Padre de la Patria, Miguel Hidalgo y Costilla. A trav\u00e9s de sus redes sociales, la Gobernadora comparti\u00f3 su sentir: \u201cHonramos la memoria de Miguel Hidalgo y Costilla, nuestro Padre de la Patria, en este aniversario tan importante. #ElPoderDeServir #VivaEdoM\u00e9x\u201d.<\/p>\n\n\n\n<p>La ceremonia estuvo marcada por la presencia de funcionarios de alto nivel, como Horacio Duarte Olivares, Secretario General de Gobierno, y Ricardo Alfredo Sodi Cuellar, Presidente del Tribunal Superior de Justicia del Estado de M\u00e9xico, quienes, junto a la Gobernadora, recordaron el sacrificio de los h\u00e9roes nacionales.<\/p>\n\n\n\n<p>Previo al inicio del desfile c\u00edvico-militar, la Gobernadora solicit\u00f3 a los presentes guardar un minuto de silencio en memoria de las personas fallecidas en el deslave ocurrido en la comunidad de San Luis Ayucan, Jilotzingo, como consecuencia de las intensas lluvias recientes. \u00abHoy nos unimos en respeto y solidaridad con las familias afectadas\u00bb, expres\u00f3 Delfina G\u00f3mez, mostrando su apoyo a los deudos en medio de las celebraciones patrias.<\/p>\n\n\n\n<p>Desde el balc\u00f3n central del Palacio de Gobierno, G\u00f3mez \u00c1lvarez presenci\u00f3 el desfile que cont\u00f3 con la participaci\u00f3n de 4 mil 915 efectivos, 171 veh\u00edculos, cinco carros aleg\u00f3ricos, 90 caballos y 44 canes, de acuerdo con el informe proporcionado por el Coronel de Infanter\u00eda Diplomado de Estado Mayor, Alejandro L\u00f3pez Ay\u00f3n. Entre los participantes estuvieron representantes de las Fuerzas Armadas, la Banda de Guerra de la 22\u00aa Zona Militar, y elementos de la Guardia Nacional, quienes desfilaron con equipo motorizado y a caballo.<\/p>\n\n\n\n<p>Adem\u00e1s, desde el aire, tres helic\u00f3pteros de la Unidad de Rescate A\u00e9reo \u201cRel\u00e1mpagos\u201d sobrevolaron el recorrido, ofreciendo una imponente imagen de coordinaci\u00f3n y seguridad.<\/p>\n\n\n\n<p>El desfile tambi\u00e9n incluy\u00f3 la participaci\u00f3n de contingentes escolares y universitarios, como el Pentatl\u00f3n Deportivo Militarizado y la Universidad Aut\u00f3noma del Estado de M\u00e9xico (UAEM\u00e9x), quienes rindieron homenaje con carros aleg\u00f3ricos que resaltaron momentos clave de la historia de M\u00e9xico, como la figura de Miguel Hidalgo y Costilla y el papel de las mujeres y los pueblos originarios en la lucha por la Independencia.<\/p>\n\n\n\n<p>La Gobernadora estuvo acompa\u00f1ada por un nutrido grupo de autoridades estatales y municipales, quienes compartieron con ella el esp\u00edritu c\u00edvico de la jornada. Entre ellos, destacaron Horacio Duarte Olivares, Jos\u00e9 Mart\u00edn Luna de la Luz, Ricardo Alfredo Sodi Cuellar, y Juan Maccise Naime, quienes, junto a la mandataria, presenciaron los emotivos actos que reflejaron tanto el orgullo nacional como el respeto hacia aquellos que han sido afectados por tragedias recientes.<\/p>\n\n\n\n<p>Con estas actividades, el Estado de M\u00e9xico celebr\u00f3 con solemnidad el aniversario de la Independencia, recordando tanto a los h\u00e9roes patrios como a los mexiquenses que enfrentan momentos dif\u00edciles, en una jornada de unidad y reflexi\u00f3n.<\/p>\n","protected":false},"excerpt":{"rendered":"<p>Toluca, M\u00e9x.- La Gobernadora del Estado de M\u00e9xico, Delfina G\u00f3mez \u00c1lvarez, lider\u00f3 dos eventos de gran importancia en el marco del CCXIV Aniversario de la Independencia de M\u00e9xico: una Guardia&hellip; <\/p>\n","protected":false},"author":1,"featured_media":5431,"comment_status":"open","ping_status":"closed","sticky":false,"template":"","format":"standard","meta":{"footnotes":""},"categories":[20],"tags":[],"class_list":["post-5430","post","type-post","status-publish","format-standard","has-post-thumbnail","hentry","category-destacadas"],"yoast_head":"<!-- This site is optimized with the Yoast SEO plugin v22.9 - https:\/\/yoast.com\/wordpress\/plugins\/seo\/ -->\n<title>GOBERNADORA DELFINA G\u00d3MEZ CONMEMORA LA INDEPENDENCIA CON GUARDIA DE HONOR Y DESFILE C\u00cdVICO-MILITAR - NDP Noticias<\/title>\n<meta name=\"robots\" content=\"index, follow, max-snippet:-1, max-image-preview:large, max-video-preview:-1\" \/>\n<link rel=\"canonical\" href=\"https:\/\/ndpnoticias.com.mx\/?p=5430\" \/>\n<meta property=\"og:locale\" content=\"es_ES\" \/>\n<meta property=\"og:type\" content=\"article\" \/>\n<meta property=\"og:title\" content=\"GOBERNADORA DELFINA G\u00d3MEZ CONMEMORA LA INDEPENDENCIA CON GUARDIA DE HONOR Y DESFILE C\u00cdVICO-MILITAR - NDP Noticias\" \/>\n<meta property=\"og:description\" content=\"Toluca, M\u00e9x.- La Gobernadora del Estado de M\u00e9xico, Delfina G\u00f3mez \u00c1lvarez, lider\u00f3 dos eventos de gran importancia en el marco del CCXIV Aniversario de la Independencia de M\u00e9xico: una Guardia&hellip;\" \/>\n<meta property=\"og:url\" content=\"https:\/\/ndpnoticias.com.mx\/?p=5430\" \/>\n<meta property=\"og:site_name\" content=\"NDP Noticias\" \/>\n<meta property=\"article:published_time\" content=\"2024-09-16T21:37:53+00:00\" \/>\n<meta property=\"article:modified_time\" content=\"2024-09-16T21:37:56+00:00\" \/>\n<meta property=\"og:image\" content=\"https:\/\/ndpnoticias.com.mx\/wp-content\/uploads\/2024\/09\/30670c92-3e8d-4316-b7a9-7ffffcf49ac9.jpeg\" \/>\n\t<meta property=\"og:image:width\" content=\"1051\" \/>\n\t<meta property=\"og:image:height\" content=\"592\" \/>\n\t<meta property=\"og:image:type\" content=\"image\/jpeg\" \/>\n<meta name=\"author\" content=\"admin\" \/>\n<meta name=\"twitter:card\" content=\"summary_large_image\" \/>\n<meta name=\"twitter:label1\" content=\"Escrito por\" \/>\n\t<meta name=\"twitter:data1\" content=\"admin\" \/>\n\t<meta name=\"twitter:label2\" content=\"Tiempo de lectura\" \/>\n\t<meta name=\"twitter:data2\" content=\"3 minutos\" \/>\n<script type=\"application\/ld+json\" class=\"yoast-schema-graph\">{\"@context\":\"https:\/\/schema.org\",\"@graph\":[{\"@type\":\"Article\",\"@id\":\"https:\/\/ndpnoticias.com.mx\/?p=5430#article\",\"isPartOf\":{\"@id\":\"https:\/\/ndpnoticias.com.mx\/?p=5430\"},\"author\":{\"name\":\"admin\",\"@id\":\"https:\/\/ndpnoticias.com.mx\/#\/schema\/person\/76f3f372c2bedd0bf44c0c3fb0adc6ca\"},\"headline\":\"GOBERNADORA DELFINA G\u00d3MEZ CONMEMORA LA INDEPENDENCIA CON GUARDIA DE HONOR Y DESFILE C\u00cdVICO-MILITAR\",\"datePublished\":\"2024-09-16T21:37:53+00:00\",\"dateModified\":\"2024-09-16T21:37:56+00:00\",\"mainEntityOfPage\":{\"@id\":\"https:\/\/ndpnoticias.com.mx\/?p=5430\"},\"wordCount\":589,\"commentCount\":0,\"publisher\":{\"@id\":\"https:\/\/ndpnoticias.com.mx\/#organization\"},\"image\":{\"@id\":\"https:\/\/ndpnoticias.com.mx\/?p=5430#primaryimage\"},\"thumbnailUrl\":\"https:\/\/ndpnoticias.com.mx\/wp-content\/uploads\/2024\/09\/30670c92-3e8d-4316-b7a9-7ffffcf49ac9.jpeg\",\"articleSection\":[\"Destacadas\"],\"inLanguage\":\"es\",\"potentialAction\":[{\"@type\":\"CommentAction\",\"name\":\"Comment\",\"target\":[\"https:\/\/ndpnoticias.com.mx\/?p=5430#respond\"]}]},{\"@type\":\"WebPage\",\"@id\":\"https:\/\/ndpnoticias.com.mx\/?p=5430\",\"url\":\"https:\/\/ndpnoticias.com.mx\/?p=5430\",\"name\":\"GOBERNADORA DELFINA G\u00d3MEZ CONMEMORA LA INDEPENDENCIA CON GUARDIA DE HONOR Y DESFILE C\u00cdVICO-MILITAR - NDP Noticias\",\"isPartOf\":{\"@id\":\"https:\/\/ndpnoticias.com.mx\/#website\"},\"primaryImageOfPage\":{\"@id\":\"https:\/\/ndpnoticias.com.mx\/?p=5430#primaryimage\"},\"image\":{\"@id\":\"https:\/\/ndpnoticias.com.mx\/?p=5430#primaryimage\"},\"thumbnailUrl\":\"https:\/\/ndpnoticias.com.mx\/wp-content\/uploads\/2024\/09\/30670c92-3e8d-4316-b7a9-7ffffcf49ac9.jpeg\",\"datePublished\":\"2024-09-16T21:37:53+00:00\",\"dateModified\":\"2024-09-16T21:37:56+00:00\",\"breadcrumb\":{\"@id\":\"https:\/\/ndpnoticias.com.mx\/?p=5430#breadcrumb\"},\"inLanguage\":\"es\",\"potentialAction\":[{\"@type\":\"ReadAction\",\"target\":[\"https:\/\/ndpnoticias.com.mx\/?p=5430\"]}]},{\"@type\":\"ImageObject\",\"inLanguage\":\"es\",\"@id\":\"https:\/\/ndpnoticias.com.mx\/?p=5430#primaryimage\",\"url\":\"https:\/\/ndpnoticias.com.mx\/wp-content\/uploads\/2024\/09\/30670c92-3e8d-4316-b7a9-7ffffcf49ac9.jpeg\",\"contentUrl\":\"https:\/\/ndpnoticias.com.mx\/wp-content\/uploads\/2024\/09\/30670c92-3e8d-4316-b7a9-7ffffcf49ac9.jpeg\",\"width\":1051,\"height\":592},{\"@type\":\"BreadcrumbList\",\"@id\":\"https:\/\/ndpnoticias.com.mx\/?p=5430#breadcrumb\",\"itemListElement\":[{\"@type\":\"ListItem\",\"position\":1,\"name\":\"Portada\",\"item\":\"https:\/\/ndpnoticias.com.mx\/\"},{\"@type\":\"ListItem\",\"position\":2,\"name\":\"GOBERNADORA DELFINA G\u00d3MEZ CONMEMORA LA INDEPENDENCIA CON GUARDIA DE HONOR Y DESFILE C\u00cdVICO-MILITAR\"}]},{\"@type\":\"WebSite\",\"@id\":\"https:\/\/ndpnoticias.com.mx\/#website\",\"url\":\"https:\/\/ndpnoticias.com.mx\/\",\"name\":\"NDP Noticias\",\"description\":\"\",\"publisher\":{\"@id\":\"https:\/\/ndpnoticias.com.mx\/#organization\"},\"potentialAction\":[{\"@type\":\"SearchAction\",\"target\":{\"@type\":\"EntryPoint\",\"urlTemplate\":\"https:\/\/ndpnoticias.com.mx\/?s={search_term_string}\"},\"query-input\":\"required name=search_term_string\"}],\"inLanguage\":\"es\"},{\"@type\":\"Organization\",\"@id\":\"https:\/\/ndpnoticias.com.mx\/#organization\",\"name\":\"NDP Noticias\",\"url\":\"https:\/\/ndpnoticias.com.mx\/\",\"logo\":{\"@type\":\"ImageObject\",\"inLanguage\":\"es\",\"@id\":\"https:\/\/ndpnoticias.com.mx\/#\/schema\/logo\/image\/\",\"url\":\"https:\/\/ndpnoticias.com.mx\/wp-content\/uploads\/2024\/01\/cropped-IMG_3802-1.jpeg\",\"contentUrl\":\"https:\/\/ndpnoticias.com.mx\/wp-content\/uploads\/2024\/01\/cropped-IMG_3802-1.jpeg\",\"width\":472,\"height\":80,\"caption\":\"NDP Noticias\"},\"image\":{\"@id\":\"https:\/\/ndpnoticias.com.mx\/#\/schema\/logo\/image\/\"}},{\"@type\":\"Person\",\"@id\":\"https:\/\/ndpnoticias.com.mx\/#\/schema\/person\/76f3f372c2bedd0bf44c0c3fb0adc6ca\",\"name\":\"admin\",\"image\":{\"@type\":\"ImageObject\",\"inLanguage\":\"es\",\"@id\":\"https:\/\/ndpnoticias.com.mx\/#\/schema\/person\/image\/\",\"url\":\"https:\/\/secure.gravatar.com\/avatar\/76d7e481f585a42e41243c8312642a6f526d9b06cd67b616fc58155ca4786d1a?s=96&d=mm&r=g\",\"contentUrl\":\"https:\/\/secure.gravatar.com\/avatar\/76d7e481f585a42e41243c8312642a6f526d9b06cd67b616fc58155ca4786d1a?s=96&d=mm&r=g\",\"caption\":\"admin\"},\"sameAs\":[\"https:\/\/ndpnoticias.com.mx\"],\"url\":\"https:\/\/ndpnoticias.com.mx\/?author=1\"}]}<\/script>\n<!-- \/ Yoast SEO plugin. -->","yoast_head_json":{"title":"GOBERNADORA DELFINA G\u00d3MEZ CONMEMORA LA INDEPENDENCIA CON GUARDIA DE HONOR Y DESFILE C\u00cdVICO-MILITAR - NDP Noticias","robots":{"index":"index","follow":"follow","max-snippet":"max-snippet:-1","max-image-preview":"max-image-preview:large","max-video-preview":"max-video-preview:-1"},"canonical":"https:\/\/ndpnoticias.com.mx\/?p=5430","og_locale":"es_ES","og_type":"article","og_title":"GOBERNADORA DELFINA G\u00d3MEZ CONMEMORA LA INDEPENDENCIA CON GUARDIA DE HONOR Y DESFILE C\u00cdVICO-MILITAR - NDP Noticias","og_description":"Toluca, M\u00e9x.- La Gobernadora del Estado de M\u00e9xico, Delfina G\u00f3mez \u00c1lvarez, lider\u00f3 dos eventos de gran importancia en el marco del CCXIV Aniversario de la Independencia de M\u00e9xico: una Guardia&hellip;","og_url":"https:\/\/ndpnoticias.com.mx\/?p=5430","og_site_name":"NDP Noticias","article_published_time":"2024-09-16T21:37:53+00:00","article_modified_time":"2024-09-16T21:37:56+00:00","og_image":[{"width":1051,"height":592,"url":"https:\/\/ndpnoticias.com.mx\/wp-content\/uploads\/2024\/09\/30670c92-3e8d-4316-b7a9-7ffffcf49ac9.jpeg","type":"image\/jpeg"}],"author":"admin","twitter_card":"summary_large_image","twitter_misc":{"Escrito por":"admin","Tiempo de lectura":"3 minutos"},"schema":{"@context":"https:\/\/schema.org","@graph":[{"@type":"Article","@id":"https:\/\/ndpnoticias.com.mx\/?p=5430#article","isPartOf":{"@id":"https:\/\/ndpnoticias.com.mx\/?p=5430"},"author":{"name":"admin","@id":"https:\/\/ndpnoticias.com.mx\/#\/schema\/person\/76f3f372c2bedd0bf44c0c3fb0adc6ca"},"headline":"GOBERNADORA DELFINA G\u00d3MEZ CONMEMORA LA INDEPENDENCIA CON GUARDIA DE HONOR Y DESFILE C\u00cdVICO-MILITAR","datePublished":"2024-09-16T21:37:53+00:00","dateModified":"2024-09-16T21:37:56+00:00","mainEntityOfPage":{"@id":"https:\/\/ndpnoticias.com.mx\/?p=5430"},"wordCount":589,"commentCount":0,"publisher":{"@id":"https:\/\/ndpnoticias.com.mx\/#organization"},"image":{"@id":"https:\/\/ndpnoticias.com.mx\/?p=5430#primaryimage"},"thumbnailUrl":"https:\/\/ndpnoticias.com.mx\/wp-content\/uploads\/2024\/09\/30670c92-3e8d-4316-b7a9-7ffffcf49ac9.jpeg","articleSection":["Destacadas"],"inLanguage":"es","potentialAction":[{"@type":"CommentAction","name":"Comment","target":["https:\/\/ndpnoticias.com.mx\/?p=5430#respond"]}]},{"@type":"WebPage","@id":"https:\/\/ndpnoticias.com.mx\/?p=5430","url":"https:\/\/ndpnoticias.com.mx\/?p=5430","name":"GOBERNADORA DELFINA G\u00d3MEZ CONMEMORA LA INDEPENDENCIA CON GUARDIA DE HONOR Y DESFILE C\u00cdVICO-MILITAR - NDP Noticias","isPartOf":{"@id":"https:\/\/ndpnoticias.com.mx\/#website"},"primaryImageOfPage":{"@id":"https:\/\/ndpnoticias.com.mx\/?p=5430#primaryimage"},"image":{"@id":"https:\/\/ndpnoticias.com.mx\/?p=5430#primaryimage"},"thumbnailUrl":"https:\/\/ndpnoticias.com.mx\/wp-content\/uploads\/2024\/09\/30670c92-3e8d-4316-b7a9-7ffffcf49ac9.jpeg","datePublished":"2024-09-16T21:37:53+00:00","dateModified":"2024-09-16T21:37:56+00:00","breadcrumb":{"@id":"https:\/\/ndpnoticias.com.mx\/?p=5430#breadcrumb"},"inLanguage":"es","potentialAction":[{"@type":"ReadAction","target":["https:\/\/ndpnoticias.com.mx\/?p=5430"]}]},{"@type":"ImageObject","inLanguage":"es","@id":"https:\/\/ndpnoticias.com.mx\/?p=5430#primaryimage","url":"https:\/\/ndpnoticias.com.mx\/wp-content\/uploads\/2024\/09\/30670c92-3e8d-4316-b7a9-7ffffcf49ac9.jpeg","contentUrl":"https:\/\/ndpnoticias.com.mx\/wp-content\/uploads\/2024\/09\/30670c92-3e8d-4316-b7a9-7ffffcf49ac9.jpeg","width":1051,"height":592},{"@type":"BreadcrumbList","@id":"https:\/\/ndpnoticias.com.mx\/?p=5430#breadcrumb","itemListElement":[{"@type":"ListItem","position":1,"name":"Portada","item":"https:\/\/ndpnoticias.com.mx\/"},{"@type":"ListItem","position":2,"name":"GOBERNADORA DELFINA G\u00d3MEZ CONMEMORA LA INDEPENDENCIA CON GUARDIA DE HONOR Y DESFILE C\u00cdVICO-MILITAR"}]},{"@type":"WebSite","@id":"https:\/\/ndpnoticias.com.mx\/#website","url":"https:\/\/ndpnoticias.com.mx\/","name":"NDP Noticias","description":"","publisher":{"@id":"https:\/\/ndpnoticias.com.mx\/#organization"},"potentialAction":[{"@type":"SearchAction","target":{"@type":"EntryPoint","urlTemplate":"https:\/\/ndpnoticias.com.mx\/?s={search_term_string}"},"query-input":"required name=search_term_string"}],"inLanguage":"es"},{"@type":"Organization","@id":"https:\/\/ndpnoticias.com.mx\/#organization","name":"NDP Noticias","url":"https:\/\/ndpnoticias.com.mx\/","logo":{"@type":"ImageObject","inLanguage":"es","@id":"https:\/\/ndpnoticias.com.mx\/#\/schema\/logo\/image\/","url":"https:\/\/ndpnoticias.com.mx\/wp-content\/uploads\/2024\/01\/cropped-IMG_3802-1.jpeg","contentUrl":"https:\/\/ndpnoticias.com.mx\/wp-content\/uploads\/2024\/01\/cropped-IMG_3802-1.jpeg","width":472,"height":80,"caption":"NDP Noticias"},"image":{"@id":"https:\/\/ndpnoticias.com.mx\/#\/schema\/logo\/image\/"}},{"@type":"Person","@id":"https:\/\/ndpnoticias.com.mx\/#\/schema\/person\/76f3f372c2bedd0bf44c0c3fb0adc6ca","name":"admin","image":{"@type":"ImageObject","inLanguage":"es","@id":"https:\/\/ndpnoticias.com.mx\/#\/schema\/person\/image\/","url":"https:\/\/secure.gravatar.com\/avatar\/76d7e481f585a42e41243c8312642a6f526d9b06cd67b616fc58155ca4786d1a?s=96&d=mm&r=g","contentUrl":"https:\/\/secure.gravatar.com\/avatar\/76d7e481f585a42e41243c8312642a6f526d9b06cd67b616fc58155ca4786d1a?s=96&d=mm&r=g","caption":"admin"},"sameAs":["https:\/\/ndpnoticias.com.mx"],"url":"https:\/\/ndpnoticias.com.mx\/?author=1"}]}},"_links":{"self":[{"href":"https:\/\/ndpnoticias.com.mx\/index.php?rest_route=\/wp\/v2\/posts\/5430","targetHints":{"allow":["GET"]}}],"collection":[{"href":"https:\/\/ndpnoticias.com.mx\/index.php?rest_route=\/wp\/v2\/posts"}],"about":[{"href":"https:\/\/ndpnoticias.com.mx\/index.php?rest_route=\/wp\/v2\/types\/post"}],"author":[{"embeddable":true,"href":"https:\/\/ndpnoticias.com.mx\/index.php?rest_route=\/wp\/v2\/users\/1"}],"replies":[{"embeddable":true,"href":"https:\/\/ndpnoticias.com.mx\/index.php?rest_route=%2Fwp%2Fv2%2Fcomments&post=5430"}],"version-history":[{"count":1,"href":"https:\/\/ndpnoticias.com.mx\/index.php?rest_route=\/wp\/v2\/posts\/5430\/revisions"}],"predecessor-version":[{"id":5432,"href":"https:\/\/ndpnoticias.com.mx\/index.php?rest_route=\/wp\/v2\/posts\/5430\/revisions\/5432"}],"wp:featuredmedia":[{"embeddable":true,"href":"https:\/\/ndpnoticias.com.mx\/index.php?rest_route=\/wp\/v2\/media\/5431"}],"wp:attachment":[{"href":"https:\/\/ndpnoticias.com.mx\/index.php?rest_route=%2Fwp%2Fv2%2Fmedia&parent=5430"}],"wp:term":[{"taxonomy":"category","embeddable":true,"href":"https:\/\/ndpnoticias.com.mx\/index.php?rest_route=%2Fwp%2Fv2%2Fcategories&post=5430"},{"taxonomy":"post_tag","embeddable":true,"href":"https:\/\/ndpnoticias.com.mx\/index.php?rest_route=%2Fwp%2Fv2%2Ftags&post=5430"}],"curies":[{"name":"wp","href":"https:\/\/api.w.org\/{rel}","templated":true}]}}