{"id":5215,"date":"2024-09-07T16:58:52","date_gmt":"2024-09-07T22:58:52","guid":{"rendered":"https:\/\/ndpnoticias.com.mx\/?p=5215"},"modified":"2024-09-07T16:58:55","modified_gmt":"2024-09-07T22:58:55","slug":"delfina-gomez-reconoce-a-atletas-paralimpicos-y-reitera-apoyo-al-deporte","status":"publish","type":"post","link":"https:\/\/ndpnoticias.com.mx\/?p=5215","title":{"rendered":"DELFINA G\u00d3MEZ RECONOCE A ATLETAS PARAL\u00cdMPICOS Y REITERA APOYO AL DEPORTE"},"content":{"rendered":"\n<p>\u2022 Inaugura Maestra Delfina G\u00f3mez \u00c1lvarez 5\u00aa Feria Nacional por la Inclusi\u00f3n \u201cPor un M\u00e9xico sin barreras\u201d, realizada por primera vez en el EdoM\u00e9x<\/p>\n\n\n\n<p>\u2022 Reconoce a atletas mexiquenses que obtuvieron medalla de oro en los Juegos Paral\u00edmpicos de Par\u00eds 2024<\/p>\n\n\n\n<p>Zinacantepec, M\u00e9x.- La Gobernadora Delfina G\u00f3mez \u00c1lvarez reconoci\u00f3 a los atletas mexiquenses Gloria Zarza Guadarrama y Juan Pablo Cervantes, quienes obtuvieron medalla de oro en los Juegos Paral\u00edmpicos de Par\u00eds 2024, por su compromiso, entrega y disciplina para poner en alto el nombre de M\u00e9xico; asimismo reiter\u00f3 su compromiso para seguir impulsando el deporte en el Estado de M\u00e9xico.<\/p>\n\n\n\n<p>\u201cQue hayan ido ya es un gran logro porque no solamente es la medalla, es todo el proceso que tiene y aqu\u00ed al compa\u00f1ero que lleg\u00f3 a esa experiencia nuestro reconocimiento. Pero tambi\u00e9n saben que es un compromiso, es un compromiso que todos los que integramos el Gobierno Estatal debemos de atender todav\u00eda con m\u00e1s cari\u00f1o, con m\u00e1s profesionalismo, con m\u00e1s amor a nuestros compa\u00f1eros deportistas\u00bb, asegur\u00f3 la Gobernadora Delfina G\u00f3mez \u00c1lvarez.<\/p>\n\n\n\n<p>Al inaugurar la Quinta Feria Nacional por la Inclusi\u00f3n \u201cPor un M\u00e9xico sin barreras\u201d, cuya sede fue por primera ocasi\u00f3n el Estado de M\u00e9xico, la Gobernadora mexiquense destac\u00f3 que la inclusi\u00f3n es uno de los principios que gu\u00eda su gobierno, que basado en El Poder de Servir y el trabajo coordinado, impulsa la dignidad humana, la no discriminaci\u00f3n, la igualdad sustantiva, la autonom\u00eda, el respeto, la interculturalidad para lograr construir una entidad sin barreras sociales.<\/p>\n\n\n\n<p>\u00abHoy celebramos la capacidad humana para superar cualquier obst\u00e1culo, para abrir caminos, para encender la esperanza y alcanzar los sue\u00f1os, porque la inclusi\u00f3n no se dice, se vive, m\u00e1s que una palabra es un compromiso que nos invita a construir un mundo m\u00e1s humano, m\u00e1s sensible, m\u00e1s justo\u00bb, indic\u00f3 la Maestra Delfina G\u00f3mez \u00c1lvarez.<\/p>\n\n\n\n<p>En el Vel\u00f3dromo \u201cBelem Guerrero\u201d de la Ciudad Deportiva Estado de M\u00e9xico, en el municipio de Zinacantepec, la Gobernadora Delfina G\u00f3mez \u00c1lvarez invit\u00f3 a los m\u00e1s de mil 500 participantes en las diversas disciplinas deportivas y art\u00edsticas a aprovechar esta oportunidad para seguir aprendiendo, crecer y fortalecer su talento para alcanzar sus metas y cumplir sus sue\u00f1os.<\/p>\n\n\n\n<p>En su oportunidad, Nuria Fern\u00e1ndez Espresate, titular del Sistema Nacional DIF, reconoci\u00f3 al Sistema para el Desarrollo Integral de la Familia del Estado de M\u00e9xico (DIFEM) por la atenci\u00f3n a la discapacidad, ya que es una de las entidades que cuenta con unidades de rehabilitaci\u00f3n de gran calidad.<\/p>\n\n\n\n<p>Llam\u00f3 a los DIF estatales y municipales a afrontar y solucionar la mayor deuda que se tiene con este sector, que es su inclusi\u00f3n al mercado laboral y reconoci\u00f3 a la Gobernadora Delfina G\u00f3mez \u00c1lvarez y a la Directora del DIFEM, Karina Labastida Sotelo, por estar cerca de la gente y atender sus necesidades, como lo hicieron con la poblaci\u00f3n de Chalco afectada por las lluvias.<\/p>\n\n\n\n<p>Por su parte, Karina Labastida Sotelo, Directora General del DIFEM se\u00f1al\u00f3 que por instrucci\u00f3n de la Maestra Delfina G\u00f3mez \u00c1lvarez esta instituci\u00f3n refuerza la atenci\u00f3n a los sectores m\u00e1s vulnerables, por ello, esta Feria tiene como objetivo de promover la integraci\u00f3n de las personas con discapacidad y visibilizar la diversidad.<\/p>\n\n\n\n<p>En esta Feria Nacional por la Inclusi\u00f3n adem\u00e1s de actividades deportivas, culturales y art\u00edsticas habr\u00e1 conferencias y talleres de especialistas sobre rehabilitaci\u00f3n.<\/p>\n\n\n\n<p>En la inauguraci\u00f3n de la 5\u00aa Feria Nacional por la Inclusi\u00f3n \u201cPor un M\u00e9xico sin barreras\u201d, acompa\u00f1aron a la Gobernadora Delfina G\u00f3mez \u00c1lvarez, integrantes del Gabinete estatal, funcionarios del Gobierno federal, titulares de los DIF estatales, paratletas y representantes de Asociaciones Civiles.<\/p>\n","protected":false},"excerpt":{"rendered":"<p>\u2022 Inaugura Maestra Delfina G\u00f3mez \u00c1lvarez 5\u00aa Feria Nacional por la Inclusi\u00f3n \u201cPor un M\u00e9xico sin barreras\u201d, realizada por primera vez en el EdoM\u00e9x \u2022 Reconoce a atletas mexiquenses que&hellip; <\/p>\n","protected":false},"author":1,"featured_media":5216,"comment_status":"open","ping_status":"closed","sticky":false,"template":"","format":"standard","meta":{"footnotes":""},"categories":[20],"tags":[],"class_list":["post-5215","post","type-post","status-publish","format-standard","has-post-thumbnail","hentry","category-destacadas"],"yoast_head":"<!-- This site is optimized with the Yoast SEO plugin v22.9 - https:\/\/yoast.com\/wordpress\/plugins\/seo\/ -->\n<title>DELFINA G\u00d3MEZ RECONOCE A ATLETAS PARAL\u00cdMPICOS Y REITERA APOYO AL DEPORTE - NDP Noticias<\/title>\n<meta name=\"robots\" content=\"index, follow, max-snippet:-1, max-image-preview:large, max-video-preview:-1\" \/>\n<link rel=\"canonical\" href=\"https:\/\/ndpnoticias.com.mx\/?p=5215\" \/>\n<meta property=\"og:locale\" content=\"es_ES\" \/>\n<meta property=\"og:type\" content=\"article\" \/>\n<meta property=\"og:title\" content=\"DELFINA G\u00d3MEZ RECONOCE A ATLETAS PARAL\u00cdMPICOS Y REITERA APOYO AL DEPORTE - NDP Noticias\" \/>\n<meta property=\"og:description\" content=\"\u2022 Inaugura Maestra Delfina G\u00f3mez \u00c1lvarez 5\u00aa Feria Nacional por la Inclusi\u00f3n \u201cPor un M\u00e9xico sin barreras\u201d, realizada por primera vez en el EdoM\u00e9x \u2022 Reconoce a atletas mexiquenses que&hellip;\" \/>\n<meta property=\"og:url\" content=\"https:\/\/ndpnoticias.com.mx\/?p=5215\" \/>\n<meta property=\"og:site_name\" content=\"NDP Noticias\" \/>\n<meta property=\"article:published_time\" content=\"2024-09-07T22:58:52+00:00\" \/>\n<meta property=\"article:modified_time\" content=\"2024-09-07T22:58:55+00:00\" \/>\n<meta property=\"og:image\" content=\"https:\/\/ndpnoticias.com.mx\/wp-content\/uploads\/2024\/09\/4ee2c4d3-4fb3-4c2a-881a-c35787d05701.jpeg\" \/>\n\t<meta property=\"og:image:width\" content=\"1500\" \/>\n\t<meta property=\"og:image:height\" content=\"844\" \/>\n\t<meta property=\"og:image:type\" content=\"image\/jpeg\" \/>\n<meta name=\"author\" content=\"admin\" \/>\n<meta name=\"twitter:card\" content=\"summary_large_image\" \/>\n<meta name=\"twitter:label1\" content=\"Escrito por\" \/>\n\t<meta name=\"twitter:data1\" content=\"admin\" \/>\n\t<meta name=\"twitter:label2\" content=\"Tiempo de lectura\" \/>\n\t<meta name=\"twitter:data2\" content=\"3 minutos\" \/>\n<script type=\"application\/ld+json\" class=\"yoast-schema-graph\">{\"@context\":\"https:\/\/schema.org\",\"@graph\":[{\"@type\":\"Article\",\"@id\":\"https:\/\/ndpnoticias.com.mx\/?p=5215#article\",\"isPartOf\":{\"@id\":\"https:\/\/ndpnoticias.com.mx\/?p=5215\"},\"author\":{\"name\":\"admin\",\"@id\":\"https:\/\/ndpnoticias.com.mx\/#\/schema\/person\/76f3f372c2bedd0bf44c0c3fb0adc6ca\"},\"headline\":\"DELFINA G\u00d3MEZ RECONOCE A ATLETAS PARAL\u00cdMPICOS Y REITERA APOYO AL DEPORTE\",\"datePublished\":\"2024-09-07T22:58:52+00:00\",\"dateModified\":\"2024-09-07T22:58:55+00:00\",\"mainEntityOfPage\":{\"@id\":\"https:\/\/ndpnoticias.com.mx\/?p=5215\"},\"wordCount\":659,\"commentCount\":0,\"publisher\":{\"@id\":\"https:\/\/ndpnoticias.com.mx\/#organization\"},\"image\":{\"@id\":\"https:\/\/ndpnoticias.com.mx\/?p=5215#primaryimage\"},\"thumbnailUrl\":\"https:\/\/ndpnoticias.com.mx\/wp-content\/uploads\/2024\/09\/4ee2c4d3-4fb3-4c2a-881a-c35787d05701.jpeg\",\"articleSection\":[\"Destacadas\"],\"inLanguage\":\"es\",\"potentialAction\":[{\"@type\":\"CommentAction\",\"name\":\"Comment\",\"target\":[\"https:\/\/ndpnoticias.com.mx\/?p=5215#respond\"]}]},{\"@type\":\"WebPage\",\"@id\":\"https:\/\/ndpnoticias.com.mx\/?p=5215\",\"url\":\"https:\/\/ndpnoticias.com.mx\/?p=5215\",\"name\":\"DELFINA G\u00d3MEZ RECONOCE A ATLETAS PARAL\u00cdMPICOS Y REITERA APOYO AL DEPORTE - NDP Noticias\",\"isPartOf\":{\"@id\":\"https:\/\/ndpnoticias.com.mx\/#website\"},\"primaryImageOfPage\":{\"@id\":\"https:\/\/ndpnoticias.com.mx\/?p=5215#primaryimage\"},\"image\":{\"@id\":\"https:\/\/ndpnoticias.com.mx\/?p=5215#primaryimage\"},\"thumbnailUrl\":\"https:\/\/ndpnoticias.com.mx\/wp-content\/uploads\/2024\/09\/4ee2c4d3-4fb3-4c2a-881a-c35787d05701.jpeg\",\"datePublished\":\"2024-09-07T22:58:52+00:00\",\"dateModified\":\"2024-09-07T22:58:55+00:00\",\"breadcrumb\":{\"@id\":\"https:\/\/ndpnoticias.com.mx\/?p=5215#breadcrumb\"},\"inLanguage\":\"es\",\"potentialAction\":[{\"@type\":\"ReadAction\",\"target\":[\"https:\/\/ndpnoticias.com.mx\/?p=5215\"]}]},{\"@type\":\"ImageObject\",\"inLanguage\":\"es\",\"@id\":\"https:\/\/ndpnoticias.com.mx\/?p=5215#primaryimage\",\"url\":\"https:\/\/ndpnoticias.com.mx\/wp-content\/uploads\/2024\/09\/4ee2c4d3-4fb3-4c2a-881a-c35787d05701.jpeg\",\"contentUrl\":\"https:\/\/ndpnoticias.com.mx\/wp-content\/uploads\/2024\/09\/4ee2c4d3-4fb3-4c2a-881a-c35787d05701.jpeg\",\"width\":1500,\"height\":844},{\"@type\":\"BreadcrumbList\",\"@id\":\"https:\/\/ndpnoticias.com.mx\/?p=5215#breadcrumb\",\"itemListElement\":[{\"@type\":\"ListItem\",\"position\":1,\"name\":\"Portada\",\"item\":\"https:\/\/ndpnoticias.com.mx\/\"},{\"@type\":\"ListItem\",\"position\":2,\"name\":\"DELFINA G\u00d3MEZ RECONOCE A ATLETAS PARAL\u00cdMPICOS Y REITERA APOYO AL DEPORTE\"}]},{\"@type\":\"WebSite\",\"@id\":\"https:\/\/ndpnoticias.com.mx\/#website\",\"url\":\"https:\/\/ndpnoticias.com.mx\/\",\"name\":\"NDP Noticias\",\"description\":\"\",\"publisher\":{\"@id\":\"https:\/\/ndpnoticias.com.mx\/#organization\"},\"potentialAction\":[{\"@type\":\"SearchAction\",\"target\":{\"@type\":\"EntryPoint\",\"urlTemplate\":\"https:\/\/ndpnoticias.com.mx\/?s={search_term_string}\"},\"query-input\":\"required name=search_term_string\"}],\"inLanguage\":\"es\"},{\"@type\":\"Organization\",\"@id\":\"https:\/\/ndpnoticias.com.mx\/#organization\",\"name\":\"NDP Noticias\",\"url\":\"https:\/\/ndpnoticias.com.mx\/\",\"logo\":{\"@type\":\"ImageObject\",\"inLanguage\":\"es\",\"@id\":\"https:\/\/ndpnoticias.com.mx\/#\/schema\/logo\/image\/\",\"url\":\"https:\/\/ndpnoticias.com.mx\/wp-content\/uploads\/2024\/01\/cropped-IMG_3802-1.jpeg\",\"contentUrl\":\"https:\/\/ndpnoticias.com.mx\/wp-content\/uploads\/2024\/01\/cropped-IMG_3802-1.jpeg\",\"width\":472,\"height\":80,\"caption\":\"NDP Noticias\"},\"image\":{\"@id\":\"https:\/\/ndpnoticias.com.mx\/#\/schema\/logo\/image\/\"}},{\"@type\":\"Person\",\"@id\":\"https:\/\/ndpnoticias.com.mx\/#\/schema\/person\/76f3f372c2bedd0bf44c0c3fb0adc6ca\",\"name\":\"admin\",\"image\":{\"@type\":\"ImageObject\",\"inLanguage\":\"es\",\"@id\":\"https:\/\/ndpnoticias.com.mx\/#\/schema\/person\/image\/\",\"url\":\"https:\/\/secure.gravatar.com\/avatar\/76d7e481f585a42e41243c8312642a6f526d9b06cd67b616fc58155ca4786d1a?s=96&d=mm&r=g\",\"contentUrl\":\"https:\/\/secure.gravatar.com\/avatar\/76d7e481f585a42e41243c8312642a6f526d9b06cd67b616fc58155ca4786d1a?s=96&d=mm&r=g\",\"caption\":\"admin\"},\"sameAs\":[\"https:\/\/ndpnoticias.com.mx\"],\"url\":\"https:\/\/ndpnoticias.com.mx\/?author=1\"}]}<\/script>\n<!-- \/ Yoast SEO plugin. -->","yoast_head_json":{"title":"DELFINA G\u00d3MEZ RECONOCE A ATLETAS PARAL\u00cdMPICOS Y REITERA APOYO AL DEPORTE - NDP Noticias","robots":{"index":"index","follow":"follow","max-snippet":"max-snippet:-1","max-image-preview":"max-image-preview:large","max-video-preview":"max-video-preview:-1"},"canonical":"https:\/\/ndpnoticias.com.mx\/?p=5215","og_locale":"es_ES","og_type":"article","og_title":"DELFINA G\u00d3MEZ RECONOCE A ATLETAS PARAL\u00cdMPICOS Y REITERA APOYO AL DEPORTE - NDP Noticias","og_description":"\u2022 Inaugura Maestra Delfina G\u00f3mez \u00c1lvarez 5\u00aa Feria Nacional por la Inclusi\u00f3n \u201cPor un M\u00e9xico sin barreras\u201d, realizada por primera vez en el EdoM\u00e9x \u2022 Reconoce a atletas mexiquenses que&hellip;","og_url":"https:\/\/ndpnoticias.com.mx\/?p=5215","og_site_name":"NDP Noticias","article_published_time":"2024-09-07T22:58:52+00:00","article_modified_time":"2024-09-07T22:58:55+00:00","og_image":[{"width":1500,"height":844,"url":"https:\/\/ndpnoticias.com.mx\/wp-content\/uploads\/2024\/09\/4ee2c4d3-4fb3-4c2a-881a-c35787d05701.jpeg","type":"image\/jpeg"}],"author":"admin","twitter_card":"summary_large_image","twitter_misc":{"Escrito por":"admin","Tiempo de lectura":"3 minutos"},"schema":{"@context":"https:\/\/schema.org","@graph":[{"@type":"Article","@id":"https:\/\/ndpnoticias.com.mx\/?p=5215#article","isPartOf":{"@id":"https:\/\/ndpnoticias.com.mx\/?p=5215"},"author":{"name":"admin","@id":"https:\/\/ndpnoticias.com.mx\/#\/schema\/person\/76f3f372c2bedd0bf44c0c3fb0adc6ca"},"headline":"DELFINA G\u00d3MEZ RECONOCE A ATLETAS PARAL\u00cdMPICOS Y REITERA APOYO AL DEPORTE","datePublished":"2024-09-07T22:58:52+00:00","dateModified":"2024-09-07T22:58:55+00:00","mainEntityOfPage":{"@id":"https:\/\/ndpnoticias.com.mx\/?p=5215"},"wordCount":659,"commentCount":0,"publisher":{"@id":"https:\/\/ndpnoticias.com.mx\/#organization"},"image":{"@id":"https:\/\/ndpnoticias.com.mx\/?p=5215#primaryimage"},"thumbnailUrl":"https:\/\/ndpnoticias.com.mx\/wp-content\/uploads\/2024\/09\/4ee2c4d3-4fb3-4c2a-881a-c35787d05701.jpeg","articleSection":["Destacadas"],"inLanguage":"es","potentialAction":[{"@type":"CommentAction","name":"Comment","target":["https:\/\/ndpnoticias.com.mx\/?p=5215#respond"]}]},{"@type":"WebPage","@id":"https:\/\/ndpnoticias.com.mx\/?p=5215","url":"https:\/\/ndpnoticias.com.mx\/?p=5215","name":"DELFINA G\u00d3MEZ RECONOCE A ATLETAS PARAL\u00cdMPICOS Y REITERA APOYO AL DEPORTE - NDP Noticias","isPartOf":{"@id":"https:\/\/ndpnoticias.com.mx\/#website"},"primaryImageOfPage":{"@id":"https:\/\/ndpnoticias.com.mx\/?p=5215#primaryimage"},"image":{"@id":"https:\/\/ndpnoticias.com.mx\/?p=5215#primaryimage"},"thumbnailUrl":"https:\/\/ndpnoticias.com.mx\/wp-content\/uploads\/2024\/09\/4ee2c4d3-4fb3-4c2a-881a-c35787d05701.jpeg","datePublished":"2024-09-07T22:58:52+00:00","dateModified":"2024-09-07T22:58:55+00:00","breadcrumb":{"@id":"https:\/\/ndpnoticias.com.mx\/?p=5215#breadcrumb"},"inLanguage":"es","potentialAction":[{"@type":"ReadAction","target":["https:\/\/ndpnoticias.com.mx\/?p=5215"]}]},{"@type":"ImageObject","inLanguage":"es","@id":"https:\/\/ndpnoticias.com.mx\/?p=5215#primaryimage","url":"https:\/\/ndpnoticias.com.mx\/wp-content\/uploads\/2024\/09\/4ee2c4d3-4fb3-4c2a-881a-c35787d05701.jpeg","contentUrl":"https:\/\/ndpnoticias.com.mx\/wp-content\/uploads\/2024\/09\/4ee2c4d3-4fb3-4c2a-881a-c35787d05701.jpeg","width":1500,"height":844},{"@type":"BreadcrumbList","@id":"https:\/\/ndpnoticias.com.mx\/?p=5215#breadcrumb","itemListElement":[{"@type":"ListItem","position":1,"name":"Portada","item":"https:\/\/ndpnoticias.com.mx\/"},{"@type":"ListItem","position":2,"name":"DELFINA G\u00d3MEZ RECONOCE A ATLETAS PARAL\u00cdMPICOS Y REITERA APOYO AL DEPORTE"}]},{"@type":"WebSite","@id":"https:\/\/ndpnoticias.com.mx\/#website","url":"https:\/\/ndpnoticias.com.mx\/","name":"NDP Noticias","description":"","publisher":{"@id":"https:\/\/ndpnoticias.com.mx\/#organization"},"potentialAction":[{"@type":"SearchAction","target":{"@type":"EntryPoint","urlTemplate":"https:\/\/ndpnoticias.com.mx\/?s={search_term_string}"},"query-input":"required name=search_term_string"}],"inLanguage":"es"},{"@type":"Organization","@id":"https:\/\/ndpnoticias.com.mx\/#organization","name":"NDP Noticias","url":"https:\/\/ndpnoticias.com.mx\/","logo":{"@type":"ImageObject","inLanguage":"es","@id":"https:\/\/ndpnoticias.com.mx\/#\/schema\/logo\/image\/","url":"https:\/\/ndpnoticias.com.mx\/wp-content\/uploads\/2024\/01\/cropped-IMG_3802-1.jpeg","contentUrl":"https:\/\/ndpnoticias.com.mx\/wp-content\/uploads\/2024\/01\/cropped-IMG_3802-1.jpeg","width":472,"height":80,"caption":"NDP Noticias"},"image":{"@id":"https:\/\/ndpnoticias.com.mx\/#\/schema\/logo\/image\/"}},{"@type":"Person","@id":"https:\/\/ndpnoticias.com.mx\/#\/schema\/person\/76f3f372c2bedd0bf44c0c3fb0adc6ca","name":"admin","image":{"@type":"ImageObject","inLanguage":"es","@id":"https:\/\/ndpnoticias.com.mx\/#\/schema\/person\/image\/","url":"https:\/\/secure.gravatar.com\/avatar\/76d7e481f585a42e41243c8312642a6f526d9b06cd67b616fc58155ca4786d1a?s=96&d=mm&r=g","contentUrl":"https:\/\/secure.gravatar.com\/avatar\/76d7e481f585a42e41243c8312642a6f526d9b06cd67b616fc58155ca4786d1a?s=96&d=mm&r=g","caption":"admin"},"sameAs":["https:\/\/ndpnoticias.com.mx"],"url":"https:\/\/ndpnoticias.com.mx\/?author=1"}]}},"_links":{"self":[{"href":"https:\/\/ndpnoticias.com.mx\/index.php?rest_route=\/wp\/v2\/posts\/5215","targetHints":{"allow":["GET"]}}],"collection":[{"href":"https:\/\/ndpnoticias.com.mx\/index.php?rest_route=\/wp\/v2\/posts"}],"about":[{"href":"https:\/\/ndpnoticias.com.mx\/index.php?rest_route=\/wp\/v2\/types\/post"}],"author":[{"embeddable":true,"href":"https:\/\/ndpnoticias.com.mx\/index.php?rest_route=\/wp\/v2\/users\/1"}],"replies":[{"embeddable":true,"href":"https:\/\/ndpnoticias.com.mx\/index.php?rest_route=%2Fwp%2Fv2%2Fcomments&post=5215"}],"version-history":[{"count":1,"href":"https:\/\/ndpnoticias.com.mx\/index.php?rest_route=\/wp\/v2\/posts\/5215\/revisions"}],"predecessor-version":[{"id":5217,"href":"https:\/\/ndpnoticias.com.mx\/index.php?rest_route=\/wp\/v2\/posts\/5215\/revisions\/5217"}],"wp:featuredmedia":[{"embeddable":true,"href":"https:\/\/ndpnoticias.com.mx\/index.php?rest_route=\/wp\/v2\/media\/5216"}],"wp:attachment":[{"href":"https:\/\/ndpnoticias.com.mx\/index.php?rest_route=%2Fwp%2Fv2%2Fmedia&parent=5215"}],"wp:term":[{"taxonomy":"category","embeddable":true,"href":"https:\/\/ndpnoticias.com.mx\/index.php?rest_route=%2Fwp%2Fv2%2Fcategories&post=5215"},{"taxonomy":"post_tag","embeddable":true,"href":"https:\/\/ndpnoticias.com.mx\/index.php?rest_route=%2Fwp%2Fv2%2Ftags&post=5215"}],"curies":[{"name":"wp","href":"https:\/\/api.w.org\/{rel}","templated":true}]}}