{"id":5046,"date":"2024-08-31T21:31:44","date_gmt":"2024-09-01T03:31:44","guid":{"rendered":"https:\/\/ndpnoticias.com.mx\/?p=5046"},"modified":"2024-08-31T21:31:48","modified_gmt":"2024-09-01T03:31:48","slug":"delfina-gomez-y-amlo-inauguran-estacion-santa-fe-del-tren-interurbano-mexico-toluca","status":"publish","type":"post","link":"https:\/\/ndpnoticias.com.mx\/?p=5046","title":{"rendered":"DELFINA G\u00d3MEZ Y AMLO INAUGURAN ESTACI\u00d3N SANTA FE DEL TREN INTERURBANO M\u00c9XICO-TOLUCA"},"content":{"rendered":"\n<ul class=\"wp-block-list\">\n<li>La Gobernadora destaca el impacto positivo del nuevo transporte en la conectividad entre la ciudad de m\u00e9xico y el estado de m\u00e9xico<\/li>\n<\/ul>\n\n\n\n<p>Cuajimalpa, M\u00e9x.- La Gobernadora del Estado de M\u00e9xico, Delfina G\u00f3mez \u00c1lvarez, acompa\u00f1\u00f3 al Presidente Andr\u00e9s Manuel L\u00f3pez Obrador en la inauguraci\u00f3n de la Estaci\u00f3n Santa Fe, parte del Tren Interurbano M\u00e9xico-Toluca, conocido como \u201cEl Insurgente\u201d. Durante el evento, G\u00f3mez \u00c1lvarez agradeci\u00f3 al presidente por su liderazgo y compromiso con obras que benefician a la poblaci\u00f3n no solo del Estado de M\u00e9xico y la Ciudad de M\u00e9xico, sino de todo el pa\u00eds.<\/p>\n\n\n\n<p>La nueva ruta, que cubre el tramo de Lerma a Santa Fe, tiene una longitud de 29 kil\u00f3metros y permite realizar el recorrido en 37 minutos, con intervalos de 10 minutos entre cada tren. Cada convoy tiene capacidad para 719 pasajeros y circula a una velocidad de 80 kil\u00f3metros por hora. Este moderno medio de transporte, destac\u00f3 la gobernadora, fortalecer\u00e1 la conectividad entre ambas entidades y mejorar\u00e1 los tiempos de traslado, ofreciendo recorridos seguros y c\u00f3modos a los usuarios.<\/p>\n\n\n\n<p>En la ceremonia tambi\u00e9n estuvieron presentes Claudia Sheinbaum Pardo, Presidenta Electa de M\u00e9xico, Mart\u00ed Batres Guadarrama, Jefe de Gobierno de la Ciudad de M\u00e9xico, y Clara Marina Brugada Molina, Jefa de Gobierno Electa. El proyecto, que beneficiar\u00e1 a millones de habitantes, es un ejemplo del compromiso de los gobiernos federal y locales por mejorar la movilidad urbana y la calidad de vida de los ciudadanos.<\/p>\n","protected":false},"excerpt":{"rendered":"<p>Cuajimalpa, M\u00e9x.- La Gobernadora del Estado de M\u00e9xico, Delfina G\u00f3mez \u00c1lvarez, acompa\u00f1\u00f3 al Presidente Andr\u00e9s Manuel L\u00f3pez Obrador en la inauguraci\u00f3n de la Estaci\u00f3n Santa Fe, parte del Tren Interurbano&hellip; <\/p>\n","protected":false},"author":1,"featured_media":5047,"comment_status":"open","ping_status":"closed","sticky":false,"template":"","format":"standard","meta":{"footnotes":""},"categories":[20],"tags":[],"class_list":["post-5046","post","type-post","status-publish","format-standard","has-post-thumbnail","hentry","category-destacadas"],"yoast_head":"<!-- This site is optimized with the Yoast SEO plugin v22.9 - https:\/\/yoast.com\/wordpress\/plugins\/seo\/ -->\n<title>DELFINA G\u00d3MEZ Y AMLO INAUGURAN ESTACI\u00d3N SANTA FE DEL TREN INTERURBANO M\u00c9XICO-TOLUCA - NDP Noticias<\/title>\n<meta name=\"robots\" content=\"index, follow, max-snippet:-1, max-image-preview:large, max-video-preview:-1\" \/>\n<link rel=\"canonical\" href=\"https:\/\/ndpnoticias.com.mx\/?p=5046\" \/>\n<meta property=\"og:locale\" content=\"es_ES\" \/>\n<meta property=\"og:type\" content=\"article\" \/>\n<meta property=\"og:title\" content=\"DELFINA G\u00d3MEZ Y AMLO INAUGURAN ESTACI\u00d3N SANTA FE DEL TREN INTERURBANO M\u00c9XICO-TOLUCA - NDP Noticias\" \/>\n<meta property=\"og:description\" content=\"Cuajimalpa, M\u00e9x.- La Gobernadora del Estado de M\u00e9xico, Delfina G\u00f3mez \u00c1lvarez, acompa\u00f1\u00f3 al Presidente Andr\u00e9s Manuel L\u00f3pez Obrador en la inauguraci\u00f3n de la Estaci\u00f3n Santa Fe, parte del Tren Interurbano&hellip;\" \/>\n<meta property=\"og:url\" content=\"https:\/\/ndpnoticias.com.mx\/?p=5046\" \/>\n<meta property=\"og:site_name\" content=\"NDP Noticias\" \/>\n<meta property=\"article:published_time\" content=\"2024-09-01T03:31:44+00:00\" \/>\n<meta property=\"article:modified_time\" content=\"2024-09-01T03:31:48+00:00\" \/>\n<meta property=\"og:image\" content=\"https:\/\/ndpnoticias.com.mx\/wp-content\/uploads\/2024\/08\/ad35a30e-b4e0-45ae-9768-259ac7b5c01d.jpeg\" \/>\n\t<meta property=\"og:image:width\" content=\"1600\" \/>\n\t<meta property=\"og:image:height\" content=\"901\" \/>\n\t<meta property=\"og:image:type\" content=\"image\/jpeg\" \/>\n<meta name=\"author\" content=\"admin\" \/>\n<meta name=\"twitter:card\" content=\"summary_large_image\" \/>\n<meta name=\"twitter:label1\" content=\"Escrito por\" \/>\n\t<meta name=\"twitter:data1\" content=\"admin\" \/>\n\t<meta name=\"twitter:label2\" content=\"Tiempo de lectura\" \/>\n\t<meta name=\"twitter:data2\" content=\"2 minutos\" \/>\n<script type=\"application\/ld+json\" class=\"yoast-schema-graph\">{\"@context\":\"https:\/\/schema.org\",\"@graph\":[{\"@type\":\"Article\",\"@id\":\"https:\/\/ndpnoticias.com.mx\/?p=5046#article\",\"isPartOf\":{\"@id\":\"https:\/\/ndpnoticias.com.mx\/?p=5046\"},\"author\":{\"name\":\"admin\",\"@id\":\"https:\/\/ndpnoticias.com.mx\/#\/schema\/person\/76f3f372c2bedd0bf44c0c3fb0adc6ca\"},\"headline\":\"DELFINA G\u00d3MEZ Y AMLO INAUGURAN ESTACI\u00d3N SANTA FE DEL TREN INTERURBANO M\u00c9XICO-TOLUCA\",\"datePublished\":\"2024-09-01T03:31:44+00:00\",\"dateModified\":\"2024-09-01T03:31:48+00:00\",\"mainEntityOfPage\":{\"@id\":\"https:\/\/ndpnoticias.com.mx\/?p=5046\"},\"wordCount\":269,\"commentCount\":0,\"publisher\":{\"@id\":\"https:\/\/ndpnoticias.com.mx\/#organization\"},\"image\":{\"@id\":\"https:\/\/ndpnoticias.com.mx\/?p=5046#primaryimage\"},\"thumbnailUrl\":\"https:\/\/ndpnoticias.com.mx\/wp-content\/uploads\/2024\/08\/ad35a30e-b4e0-45ae-9768-259ac7b5c01d.jpeg\",\"articleSection\":[\"Destacadas\"],\"inLanguage\":\"es\",\"potentialAction\":[{\"@type\":\"CommentAction\",\"name\":\"Comment\",\"target\":[\"https:\/\/ndpnoticias.com.mx\/?p=5046#respond\"]}]},{\"@type\":\"WebPage\",\"@id\":\"https:\/\/ndpnoticias.com.mx\/?p=5046\",\"url\":\"https:\/\/ndpnoticias.com.mx\/?p=5046\",\"name\":\"DELFINA G\u00d3MEZ Y AMLO INAUGURAN ESTACI\u00d3N SANTA FE DEL TREN INTERURBANO M\u00c9XICO-TOLUCA - NDP Noticias\",\"isPartOf\":{\"@id\":\"https:\/\/ndpnoticias.com.mx\/#website\"},\"primaryImageOfPage\":{\"@id\":\"https:\/\/ndpnoticias.com.mx\/?p=5046#primaryimage\"},\"image\":{\"@id\":\"https:\/\/ndpnoticias.com.mx\/?p=5046#primaryimage\"},\"thumbnailUrl\":\"https:\/\/ndpnoticias.com.mx\/wp-content\/uploads\/2024\/08\/ad35a30e-b4e0-45ae-9768-259ac7b5c01d.jpeg\",\"datePublished\":\"2024-09-01T03:31:44+00:00\",\"dateModified\":\"2024-09-01T03:31:48+00:00\",\"breadcrumb\":{\"@id\":\"https:\/\/ndpnoticias.com.mx\/?p=5046#breadcrumb\"},\"inLanguage\":\"es\",\"potentialAction\":[{\"@type\":\"ReadAction\",\"target\":[\"https:\/\/ndpnoticias.com.mx\/?p=5046\"]}]},{\"@type\":\"ImageObject\",\"inLanguage\":\"es\",\"@id\":\"https:\/\/ndpnoticias.com.mx\/?p=5046#primaryimage\",\"url\":\"https:\/\/ndpnoticias.com.mx\/wp-content\/uploads\/2024\/08\/ad35a30e-b4e0-45ae-9768-259ac7b5c01d.jpeg\",\"contentUrl\":\"https:\/\/ndpnoticias.com.mx\/wp-content\/uploads\/2024\/08\/ad35a30e-b4e0-45ae-9768-259ac7b5c01d.jpeg\",\"width\":1600,\"height\":901},{\"@type\":\"BreadcrumbList\",\"@id\":\"https:\/\/ndpnoticias.com.mx\/?p=5046#breadcrumb\",\"itemListElement\":[{\"@type\":\"ListItem\",\"position\":1,\"name\":\"Portada\",\"item\":\"https:\/\/ndpnoticias.com.mx\/\"},{\"@type\":\"ListItem\",\"position\":2,\"name\":\"DELFINA G\u00d3MEZ Y AMLO INAUGURAN ESTACI\u00d3N SANTA FE DEL TREN INTERURBANO M\u00c9XICO-TOLUCA\"}]},{\"@type\":\"WebSite\",\"@id\":\"https:\/\/ndpnoticias.com.mx\/#website\",\"url\":\"https:\/\/ndpnoticias.com.mx\/\",\"name\":\"NDP Noticias\",\"description\":\"\",\"publisher\":{\"@id\":\"https:\/\/ndpnoticias.com.mx\/#organization\"},\"potentialAction\":[{\"@type\":\"SearchAction\",\"target\":{\"@type\":\"EntryPoint\",\"urlTemplate\":\"https:\/\/ndpnoticias.com.mx\/?s={search_term_string}\"},\"query-input\":\"required name=search_term_string\"}],\"inLanguage\":\"es\"},{\"@type\":\"Organization\",\"@id\":\"https:\/\/ndpnoticias.com.mx\/#organization\",\"name\":\"NDP Noticias\",\"url\":\"https:\/\/ndpnoticias.com.mx\/\",\"logo\":{\"@type\":\"ImageObject\",\"inLanguage\":\"es\",\"@id\":\"https:\/\/ndpnoticias.com.mx\/#\/schema\/logo\/image\/\",\"url\":\"https:\/\/ndpnoticias.com.mx\/wp-content\/uploads\/2024\/01\/cropped-IMG_3802-1.jpeg\",\"contentUrl\":\"https:\/\/ndpnoticias.com.mx\/wp-content\/uploads\/2024\/01\/cropped-IMG_3802-1.jpeg\",\"width\":472,\"height\":80,\"caption\":\"NDP Noticias\"},\"image\":{\"@id\":\"https:\/\/ndpnoticias.com.mx\/#\/schema\/logo\/image\/\"}},{\"@type\":\"Person\",\"@id\":\"https:\/\/ndpnoticias.com.mx\/#\/schema\/person\/76f3f372c2bedd0bf44c0c3fb0adc6ca\",\"name\":\"admin\",\"image\":{\"@type\":\"ImageObject\",\"inLanguage\":\"es\",\"@id\":\"https:\/\/ndpnoticias.com.mx\/#\/schema\/person\/image\/\",\"url\":\"https:\/\/secure.gravatar.com\/avatar\/76d7e481f585a42e41243c8312642a6f526d9b06cd67b616fc58155ca4786d1a?s=96&d=mm&r=g\",\"contentUrl\":\"https:\/\/secure.gravatar.com\/avatar\/76d7e481f585a42e41243c8312642a6f526d9b06cd67b616fc58155ca4786d1a?s=96&d=mm&r=g\",\"caption\":\"admin\"},\"sameAs\":[\"https:\/\/ndpnoticias.com.mx\"],\"url\":\"https:\/\/ndpnoticias.com.mx\/?author=1\"}]}<\/script>\n<!-- \/ Yoast SEO plugin. -->","yoast_head_json":{"title":"DELFINA G\u00d3MEZ Y AMLO INAUGURAN ESTACI\u00d3N SANTA FE DEL TREN INTERURBANO M\u00c9XICO-TOLUCA - NDP Noticias","robots":{"index":"index","follow":"follow","max-snippet":"max-snippet:-1","max-image-preview":"max-image-preview:large","max-video-preview":"max-video-preview:-1"},"canonical":"https:\/\/ndpnoticias.com.mx\/?p=5046","og_locale":"es_ES","og_type":"article","og_title":"DELFINA G\u00d3MEZ Y AMLO INAUGURAN ESTACI\u00d3N SANTA FE DEL TREN INTERURBANO M\u00c9XICO-TOLUCA - NDP Noticias","og_description":"Cuajimalpa, M\u00e9x.- La Gobernadora del Estado de M\u00e9xico, Delfina G\u00f3mez \u00c1lvarez, acompa\u00f1\u00f3 al Presidente Andr\u00e9s Manuel L\u00f3pez Obrador en la inauguraci\u00f3n de la Estaci\u00f3n Santa Fe, parte del Tren Interurbano&hellip;","og_url":"https:\/\/ndpnoticias.com.mx\/?p=5046","og_site_name":"NDP Noticias","article_published_time":"2024-09-01T03:31:44+00:00","article_modified_time":"2024-09-01T03:31:48+00:00","og_image":[{"width":1600,"height":901,"url":"https:\/\/ndpnoticias.com.mx\/wp-content\/uploads\/2024\/08\/ad35a30e-b4e0-45ae-9768-259ac7b5c01d.jpeg","type":"image\/jpeg"}],"author":"admin","twitter_card":"summary_large_image","twitter_misc":{"Escrito por":"admin","Tiempo de lectura":"2 minutos"},"schema":{"@context":"https:\/\/schema.org","@graph":[{"@type":"Article","@id":"https:\/\/ndpnoticias.com.mx\/?p=5046#article","isPartOf":{"@id":"https:\/\/ndpnoticias.com.mx\/?p=5046"},"author":{"name":"admin","@id":"https:\/\/ndpnoticias.com.mx\/#\/schema\/person\/76f3f372c2bedd0bf44c0c3fb0adc6ca"},"headline":"DELFINA G\u00d3MEZ Y AMLO INAUGURAN ESTACI\u00d3N SANTA FE DEL TREN INTERURBANO M\u00c9XICO-TOLUCA","datePublished":"2024-09-01T03:31:44+00:00","dateModified":"2024-09-01T03:31:48+00:00","mainEntityOfPage":{"@id":"https:\/\/ndpnoticias.com.mx\/?p=5046"},"wordCount":269,"commentCount":0,"publisher":{"@id":"https:\/\/ndpnoticias.com.mx\/#organization"},"image":{"@id":"https:\/\/ndpnoticias.com.mx\/?p=5046#primaryimage"},"thumbnailUrl":"https:\/\/ndpnoticias.com.mx\/wp-content\/uploads\/2024\/08\/ad35a30e-b4e0-45ae-9768-259ac7b5c01d.jpeg","articleSection":["Destacadas"],"inLanguage":"es","potentialAction":[{"@type":"CommentAction","name":"Comment","target":["https:\/\/ndpnoticias.com.mx\/?p=5046#respond"]}]},{"@type":"WebPage","@id":"https:\/\/ndpnoticias.com.mx\/?p=5046","url":"https:\/\/ndpnoticias.com.mx\/?p=5046","name":"DELFINA G\u00d3MEZ Y AMLO INAUGURAN ESTACI\u00d3N SANTA FE DEL TREN INTERURBANO M\u00c9XICO-TOLUCA - NDP Noticias","isPartOf":{"@id":"https:\/\/ndpnoticias.com.mx\/#website"},"primaryImageOfPage":{"@id":"https:\/\/ndpnoticias.com.mx\/?p=5046#primaryimage"},"image":{"@id":"https:\/\/ndpnoticias.com.mx\/?p=5046#primaryimage"},"thumbnailUrl":"https:\/\/ndpnoticias.com.mx\/wp-content\/uploads\/2024\/08\/ad35a30e-b4e0-45ae-9768-259ac7b5c01d.jpeg","datePublished":"2024-09-01T03:31:44+00:00","dateModified":"2024-09-01T03:31:48+00:00","breadcrumb":{"@id":"https:\/\/ndpnoticias.com.mx\/?p=5046#breadcrumb"},"inLanguage":"es","potentialAction":[{"@type":"ReadAction","target":["https:\/\/ndpnoticias.com.mx\/?p=5046"]}]},{"@type":"ImageObject","inLanguage":"es","@id":"https:\/\/ndpnoticias.com.mx\/?p=5046#primaryimage","url":"https:\/\/ndpnoticias.com.mx\/wp-content\/uploads\/2024\/08\/ad35a30e-b4e0-45ae-9768-259ac7b5c01d.jpeg","contentUrl":"https:\/\/ndpnoticias.com.mx\/wp-content\/uploads\/2024\/08\/ad35a30e-b4e0-45ae-9768-259ac7b5c01d.jpeg","width":1600,"height":901},{"@type":"BreadcrumbList","@id":"https:\/\/ndpnoticias.com.mx\/?p=5046#breadcrumb","itemListElement":[{"@type":"ListItem","position":1,"name":"Portada","item":"https:\/\/ndpnoticias.com.mx\/"},{"@type":"ListItem","position":2,"name":"DELFINA G\u00d3MEZ Y AMLO INAUGURAN ESTACI\u00d3N SANTA FE DEL TREN INTERURBANO M\u00c9XICO-TOLUCA"}]},{"@type":"WebSite","@id":"https:\/\/ndpnoticias.com.mx\/#website","url":"https:\/\/ndpnoticias.com.mx\/","name":"NDP Noticias","description":"","publisher":{"@id":"https:\/\/ndpnoticias.com.mx\/#organization"},"potentialAction":[{"@type":"SearchAction","target":{"@type":"EntryPoint","urlTemplate":"https:\/\/ndpnoticias.com.mx\/?s={search_term_string}"},"query-input":"required name=search_term_string"}],"inLanguage":"es"},{"@type":"Organization","@id":"https:\/\/ndpnoticias.com.mx\/#organization","name":"NDP Noticias","url":"https:\/\/ndpnoticias.com.mx\/","logo":{"@type":"ImageObject","inLanguage":"es","@id":"https:\/\/ndpnoticias.com.mx\/#\/schema\/logo\/image\/","url":"https:\/\/ndpnoticias.com.mx\/wp-content\/uploads\/2024\/01\/cropped-IMG_3802-1.jpeg","contentUrl":"https:\/\/ndpnoticias.com.mx\/wp-content\/uploads\/2024\/01\/cropped-IMG_3802-1.jpeg","width":472,"height":80,"caption":"NDP Noticias"},"image":{"@id":"https:\/\/ndpnoticias.com.mx\/#\/schema\/logo\/image\/"}},{"@type":"Person","@id":"https:\/\/ndpnoticias.com.mx\/#\/schema\/person\/76f3f372c2bedd0bf44c0c3fb0adc6ca","name":"admin","image":{"@type":"ImageObject","inLanguage":"es","@id":"https:\/\/ndpnoticias.com.mx\/#\/schema\/person\/image\/","url":"https:\/\/secure.gravatar.com\/avatar\/76d7e481f585a42e41243c8312642a6f526d9b06cd67b616fc58155ca4786d1a?s=96&d=mm&r=g","contentUrl":"https:\/\/secure.gravatar.com\/avatar\/76d7e481f585a42e41243c8312642a6f526d9b06cd67b616fc58155ca4786d1a?s=96&d=mm&r=g","caption":"admin"},"sameAs":["https:\/\/ndpnoticias.com.mx"],"url":"https:\/\/ndpnoticias.com.mx\/?author=1"}]}},"_links":{"self":[{"href":"https:\/\/ndpnoticias.com.mx\/index.php?rest_route=\/wp\/v2\/posts\/5046","targetHints":{"allow":["GET"]}}],"collection":[{"href":"https:\/\/ndpnoticias.com.mx\/index.php?rest_route=\/wp\/v2\/posts"}],"about":[{"href":"https:\/\/ndpnoticias.com.mx\/index.php?rest_route=\/wp\/v2\/types\/post"}],"author":[{"embeddable":true,"href":"https:\/\/ndpnoticias.com.mx\/index.php?rest_route=\/wp\/v2\/users\/1"}],"replies":[{"embeddable":true,"href":"https:\/\/ndpnoticias.com.mx\/index.php?rest_route=%2Fwp%2Fv2%2Fcomments&post=5046"}],"version-history":[{"count":1,"href":"https:\/\/ndpnoticias.com.mx\/index.php?rest_route=\/wp\/v2\/posts\/5046\/revisions"}],"predecessor-version":[{"id":5048,"href":"https:\/\/ndpnoticias.com.mx\/index.php?rest_route=\/wp\/v2\/posts\/5046\/revisions\/5048"}],"wp:featuredmedia":[{"embeddable":true,"href":"https:\/\/ndpnoticias.com.mx\/index.php?rest_route=\/wp\/v2\/media\/5047"}],"wp:attachment":[{"href":"https:\/\/ndpnoticias.com.mx\/index.php?rest_route=%2Fwp%2Fv2%2Fmedia&parent=5046"}],"wp:term":[{"taxonomy":"category","embeddable":true,"href":"https:\/\/ndpnoticias.com.mx\/index.php?rest_route=%2Fwp%2Fv2%2Fcategories&post=5046"},{"taxonomy":"post_tag","embeddable":true,"href":"https:\/\/ndpnoticias.com.mx\/index.php?rest_route=%2Fwp%2Fv2%2Ftags&post=5046"}],"curies":[{"name":"wp","href":"https:\/\/api.w.org\/{rel}","templated":true}]}}