{"id":3932,"date":"2024-06-28T17:15:14","date_gmt":"2024-06-28T23:15:14","guid":{"rendered":"https:\/\/ndpnoticias.com.mx\/?p=3932"},"modified":"2024-06-28T17:15:24","modified_gmt":"2024-06-28T23:15:24","slug":"exito-en-la-feria-del-empleo-del-sector-turistico-en-naucalpan","status":"publish","type":"post","link":"https:\/\/ndpnoticias.com.mx\/?p=3932","title":{"rendered":"\u00c9XITO EN LA FERIA DEL EMPLEO DEL SECTOR TUR\u00cdSTICO EN NAUCALPAN"},"content":{"rendered":"\n<ul class=\"wp-block-list\">\n<li>Empresas del sector tur\u00edstico ofrecen m\u00faltiples oportunidades laborales en el Parque Revoluci\u00f3n de San Bartolo<\/li>\n<\/ul>\n\n\n\n<p>Naucalpan, M\u00e9x.- El gobierno de Naucalpan organiz\u00f3 la Feria del Empleo del Sector Tur\u00edstico en el Parque Revoluci\u00f3n de San Bartolo, atrayendo a cientos de personas interesadas en las 398 plazas ofertadas por 42 empresas hoteleras, restaurantes, cafeter\u00edas, bares y agencias de viajes.<\/p>\n\n\n\n<p>Gibr\u00e1n Daniel Otero Morales, residente de la colonia San Lorenzo Totolinga, expres\u00f3 su entusiasmo por la feria, destacando que es una excelente oportunidad para encontrar un empleo en el sector hotelero que le permita combinar trabajo y estudios. \u00abEstas ferias son una oportunidad para obtener empleo, son de mucha ayuda\u00bb, afirm\u00f3.<\/p>\n\n\n\n<p>Fernando Garc\u00eda Zamarr\u00f3n, subdirector de Promoci\u00f3n Empresarial, Empleo y MIPyMES de la Direcci\u00f3n General de Desarrollo y Fomento Econ\u00f3mico de Naucalpan, subray\u00f3 el compromiso de la alcaldesa Ang\u00e9lica Moya Mar\u00edn con la creaci\u00f3n de m\u00e1s empleos y la mejora de los salarios para los habitantes del municipio.<\/p>\n\n\n\n<p>En la sexta sesi\u00f3n del Consejo de Turismo, celebrada el 6 de junio, se decidi\u00f3 organizar esta feria para abordar las dificultades que enfrentan las empresas del sector tur\u00edstico al buscar empleados con el perfil adecuado.<\/p>\n\n\n\n<p>Ignacio Espinoza Castillo, director general de Desarrollo y Fomento Econ\u00f3mico, resalt\u00f3 la importancia de Naucalpan en el Estado de M\u00e9xico, aportando el 18% del Producto Interno Bruto (PIB) estatal. Tambi\u00e9n mencion\u00f3 que la administraci\u00f3n actual ha mejorado la regulaci\u00f3n y simplificado varios tr\u00e1mites, incluyendo la obtenci\u00f3n de licencias de funcionamiento.<\/p>\n\n\n\n<p>Adem\u00e1s de las oportunidades laborales, la feria cont\u00f3 con la participaci\u00f3n de 20 artesanos locales, quienes promocionaron sus productos, como chocolates, tejidos y alimentos elaborados con xoconostle.<\/p>\n\n\n\n<p>Entre los asistentes al evento se encontraban Luis Javier S\u00e1nchez Gardu\u00f1o, del \u00e1rea de Promoci\u00f3n al Empleo de la alcald\u00eda de Azcapotzalco; Sebasti\u00e1n Herrera de la Vega, subdirector de Prevenci\u00f3n del Delito de la polic\u00eda de Naucalpan; \u00d3scar Dom\u00ednguez Urbina, representante jur\u00eddico de la C\u00e1mara Nacional de la Industria de Restaurantes y Alimentos Condimentados (CANIRAC) del Estado de M\u00e9xico, y Dami\u00e1n Navarro Valle junto a Gustavo Ju\u00e1rez Villag\u00f3mez, presidente del Consejo de Participaci\u00f3n Ciudadana (COPACI) y delegado del pueblo de San Bartolo, respectivamente.<\/p>\n","protected":false},"excerpt":{"rendered":"<p>Naucalpan, M\u00e9x.- El gobierno de Naucalpan organiz\u00f3 la Feria del Empleo del Sector Tur\u00edstico en el Parque Revoluci\u00f3n de San Bartolo, atrayendo a cientos de personas interesadas en las 398&hellip; <\/p>\n","protected":false},"author":1,"featured_media":3933,"comment_status":"open","ping_status":"closed","sticky":false,"template":"","format":"standard","meta":{"footnotes":""},"categories":[22],"tags":[],"class_list":["post-3932","post","type-post","status-publish","format-standard","has-post-thumbnail","hentry","category-naucalpan"],"yoast_head":"<!-- This site is optimized with the Yoast SEO plugin v22.9 - https:\/\/yoast.com\/wordpress\/plugins\/seo\/ -->\n<title>\u00c9XITO EN LA FERIA DEL EMPLEO DEL SECTOR TUR\u00cdSTICO EN NAUCALPAN - NDP Noticias<\/title>\n<meta name=\"robots\" content=\"index, follow, max-snippet:-1, max-image-preview:large, max-video-preview:-1\" \/>\n<link rel=\"canonical\" href=\"https:\/\/ndpnoticias.com.mx\/?p=3932\" \/>\n<meta property=\"og:locale\" content=\"es_ES\" \/>\n<meta property=\"og:type\" content=\"article\" \/>\n<meta property=\"og:title\" content=\"\u00c9XITO EN LA FERIA DEL EMPLEO DEL SECTOR TUR\u00cdSTICO EN NAUCALPAN - NDP Noticias\" \/>\n<meta property=\"og:description\" content=\"Naucalpan, M\u00e9x.- El gobierno de Naucalpan organiz\u00f3 la Feria del Empleo del Sector Tur\u00edstico en el Parque Revoluci\u00f3n de San Bartolo, atrayendo a cientos de personas interesadas en las 398&hellip;\" \/>\n<meta property=\"og:url\" content=\"https:\/\/ndpnoticias.com.mx\/?p=3932\" \/>\n<meta property=\"og:site_name\" content=\"NDP Noticias\" \/>\n<meta property=\"article:published_time\" content=\"2024-06-28T23:15:14+00:00\" \/>\n<meta property=\"article:modified_time\" content=\"2024-06-28T23:15:24+00:00\" \/>\n<meta property=\"og:image\" content=\"https:\/\/ndpnoticias.com.mx\/wp-content\/uploads\/2024\/06\/IMG_1329.jpeg\" \/>\n\t<meta property=\"og:image:width\" content=\"1600\" \/>\n\t<meta property=\"og:image:height\" content=\"900\" \/>\n\t<meta property=\"og:image:type\" content=\"image\/jpeg\" \/>\n<meta name=\"author\" content=\"admin\" \/>\n<meta name=\"twitter:card\" content=\"summary_large_image\" \/>\n<meta name=\"twitter:label1\" content=\"Escrito por\" \/>\n\t<meta name=\"twitter:data1\" content=\"admin\" \/>\n\t<meta name=\"twitter:label2\" content=\"Tiempo de lectura\" \/>\n\t<meta name=\"twitter:data2\" content=\"2 minutos\" \/>\n<script type=\"application\/ld+json\" class=\"yoast-schema-graph\">{\"@context\":\"https:\/\/schema.org\",\"@graph\":[{\"@type\":\"Article\",\"@id\":\"https:\/\/ndpnoticias.com.mx\/?p=3932#article\",\"isPartOf\":{\"@id\":\"https:\/\/ndpnoticias.com.mx\/?p=3932\"},\"author\":{\"name\":\"admin\",\"@id\":\"https:\/\/ndpnoticias.com.mx\/#\/schema\/person\/76f3f372c2bedd0bf44c0c3fb0adc6ca\"},\"headline\":\"\u00c9XITO EN LA FERIA DEL EMPLEO DEL SECTOR TUR\u00cdSTICO EN NAUCALPAN\",\"datePublished\":\"2024-06-28T23:15:14+00:00\",\"dateModified\":\"2024-06-28T23:15:24+00:00\",\"mainEntityOfPage\":{\"@id\":\"https:\/\/ndpnoticias.com.mx\/?p=3932\"},\"wordCount\":403,\"commentCount\":0,\"publisher\":{\"@id\":\"https:\/\/ndpnoticias.com.mx\/#organization\"},\"image\":{\"@id\":\"https:\/\/ndpnoticias.com.mx\/?p=3932#primaryimage\"},\"thumbnailUrl\":\"https:\/\/ndpnoticias.com.mx\/wp-content\/uploads\/2024\/06\/IMG_1329.jpeg\",\"articleSection\":[\"Naucalpan\"],\"inLanguage\":\"es\",\"potentialAction\":[{\"@type\":\"CommentAction\",\"name\":\"Comment\",\"target\":[\"https:\/\/ndpnoticias.com.mx\/?p=3932#respond\"]}]},{\"@type\":\"WebPage\",\"@id\":\"https:\/\/ndpnoticias.com.mx\/?p=3932\",\"url\":\"https:\/\/ndpnoticias.com.mx\/?p=3932\",\"name\":\"\u00c9XITO EN LA FERIA DEL EMPLEO DEL SECTOR TUR\u00cdSTICO EN NAUCALPAN - NDP Noticias\",\"isPartOf\":{\"@id\":\"https:\/\/ndpnoticias.com.mx\/#website\"},\"primaryImageOfPage\":{\"@id\":\"https:\/\/ndpnoticias.com.mx\/?p=3932#primaryimage\"},\"image\":{\"@id\":\"https:\/\/ndpnoticias.com.mx\/?p=3932#primaryimage\"},\"thumbnailUrl\":\"https:\/\/ndpnoticias.com.mx\/wp-content\/uploads\/2024\/06\/IMG_1329.jpeg\",\"datePublished\":\"2024-06-28T23:15:14+00:00\",\"dateModified\":\"2024-06-28T23:15:24+00:00\",\"breadcrumb\":{\"@id\":\"https:\/\/ndpnoticias.com.mx\/?p=3932#breadcrumb\"},\"inLanguage\":\"es\",\"potentialAction\":[{\"@type\":\"ReadAction\",\"target\":[\"https:\/\/ndpnoticias.com.mx\/?p=3932\"]}]},{\"@type\":\"ImageObject\",\"inLanguage\":\"es\",\"@id\":\"https:\/\/ndpnoticias.com.mx\/?p=3932#primaryimage\",\"url\":\"https:\/\/ndpnoticias.com.mx\/wp-content\/uploads\/2024\/06\/IMG_1329.jpeg\",\"contentUrl\":\"https:\/\/ndpnoticias.com.mx\/wp-content\/uploads\/2024\/06\/IMG_1329.jpeg\",\"width\":1600,\"height\":900},{\"@type\":\"BreadcrumbList\",\"@id\":\"https:\/\/ndpnoticias.com.mx\/?p=3932#breadcrumb\",\"itemListElement\":[{\"@type\":\"ListItem\",\"position\":1,\"name\":\"Portada\",\"item\":\"https:\/\/ndpnoticias.com.mx\/\"},{\"@type\":\"ListItem\",\"position\":2,\"name\":\"\u00c9XITO EN LA FERIA DEL EMPLEO DEL SECTOR TUR\u00cdSTICO EN NAUCALPAN\"}]},{\"@type\":\"WebSite\",\"@id\":\"https:\/\/ndpnoticias.com.mx\/#website\",\"url\":\"https:\/\/ndpnoticias.com.mx\/\",\"name\":\"NDP Noticias\",\"description\":\"\",\"publisher\":{\"@id\":\"https:\/\/ndpnoticias.com.mx\/#organization\"},\"potentialAction\":[{\"@type\":\"SearchAction\",\"target\":{\"@type\":\"EntryPoint\",\"urlTemplate\":\"https:\/\/ndpnoticias.com.mx\/?s={search_term_string}\"},\"query-input\":\"required name=search_term_string\"}],\"inLanguage\":\"es\"},{\"@type\":\"Organization\",\"@id\":\"https:\/\/ndpnoticias.com.mx\/#organization\",\"name\":\"NDP Noticias\",\"url\":\"https:\/\/ndpnoticias.com.mx\/\",\"logo\":{\"@type\":\"ImageObject\",\"inLanguage\":\"es\",\"@id\":\"https:\/\/ndpnoticias.com.mx\/#\/schema\/logo\/image\/\",\"url\":\"https:\/\/ndpnoticias.com.mx\/wp-content\/uploads\/2024\/01\/cropped-IMG_3802-1.jpeg\",\"contentUrl\":\"https:\/\/ndpnoticias.com.mx\/wp-content\/uploads\/2024\/01\/cropped-IMG_3802-1.jpeg\",\"width\":472,\"height\":80,\"caption\":\"NDP Noticias\"},\"image\":{\"@id\":\"https:\/\/ndpnoticias.com.mx\/#\/schema\/logo\/image\/\"}},{\"@type\":\"Person\",\"@id\":\"https:\/\/ndpnoticias.com.mx\/#\/schema\/person\/76f3f372c2bedd0bf44c0c3fb0adc6ca\",\"name\":\"admin\",\"image\":{\"@type\":\"ImageObject\",\"inLanguage\":\"es\",\"@id\":\"https:\/\/ndpnoticias.com.mx\/#\/schema\/person\/image\/\",\"url\":\"https:\/\/secure.gravatar.com\/avatar\/76d7e481f585a42e41243c8312642a6f526d9b06cd67b616fc58155ca4786d1a?s=96&d=mm&r=g\",\"contentUrl\":\"https:\/\/secure.gravatar.com\/avatar\/76d7e481f585a42e41243c8312642a6f526d9b06cd67b616fc58155ca4786d1a?s=96&d=mm&r=g\",\"caption\":\"admin\"},\"sameAs\":[\"https:\/\/ndpnoticias.com.mx\"],\"url\":\"https:\/\/ndpnoticias.com.mx\/?author=1\"}]}<\/script>\n<!-- \/ Yoast SEO plugin. -->","yoast_head_json":{"title":"\u00c9XITO EN LA FERIA DEL EMPLEO DEL SECTOR TUR\u00cdSTICO EN NAUCALPAN - NDP Noticias","robots":{"index":"index","follow":"follow","max-snippet":"max-snippet:-1","max-image-preview":"max-image-preview:large","max-video-preview":"max-video-preview:-1"},"canonical":"https:\/\/ndpnoticias.com.mx\/?p=3932","og_locale":"es_ES","og_type":"article","og_title":"\u00c9XITO EN LA FERIA DEL EMPLEO DEL SECTOR TUR\u00cdSTICO EN NAUCALPAN - NDP Noticias","og_description":"Naucalpan, M\u00e9x.- El gobierno de Naucalpan organiz\u00f3 la Feria del Empleo del Sector Tur\u00edstico en el Parque Revoluci\u00f3n de San Bartolo, atrayendo a cientos de personas interesadas en las 398&hellip;","og_url":"https:\/\/ndpnoticias.com.mx\/?p=3932","og_site_name":"NDP Noticias","article_published_time":"2024-06-28T23:15:14+00:00","article_modified_time":"2024-06-28T23:15:24+00:00","og_image":[{"width":1600,"height":900,"url":"https:\/\/ndpnoticias.com.mx\/wp-content\/uploads\/2024\/06\/IMG_1329.jpeg","type":"image\/jpeg"}],"author":"admin","twitter_card":"summary_large_image","twitter_misc":{"Escrito por":"admin","Tiempo de lectura":"2 minutos"},"schema":{"@context":"https:\/\/schema.org","@graph":[{"@type":"Article","@id":"https:\/\/ndpnoticias.com.mx\/?p=3932#article","isPartOf":{"@id":"https:\/\/ndpnoticias.com.mx\/?p=3932"},"author":{"name":"admin","@id":"https:\/\/ndpnoticias.com.mx\/#\/schema\/person\/76f3f372c2bedd0bf44c0c3fb0adc6ca"},"headline":"\u00c9XITO EN LA FERIA DEL EMPLEO DEL SECTOR TUR\u00cdSTICO EN NAUCALPAN","datePublished":"2024-06-28T23:15:14+00:00","dateModified":"2024-06-28T23:15:24+00:00","mainEntityOfPage":{"@id":"https:\/\/ndpnoticias.com.mx\/?p=3932"},"wordCount":403,"commentCount":0,"publisher":{"@id":"https:\/\/ndpnoticias.com.mx\/#organization"},"image":{"@id":"https:\/\/ndpnoticias.com.mx\/?p=3932#primaryimage"},"thumbnailUrl":"https:\/\/ndpnoticias.com.mx\/wp-content\/uploads\/2024\/06\/IMG_1329.jpeg","articleSection":["Naucalpan"],"inLanguage":"es","potentialAction":[{"@type":"CommentAction","name":"Comment","target":["https:\/\/ndpnoticias.com.mx\/?p=3932#respond"]}]},{"@type":"WebPage","@id":"https:\/\/ndpnoticias.com.mx\/?p=3932","url":"https:\/\/ndpnoticias.com.mx\/?p=3932","name":"\u00c9XITO EN LA FERIA DEL EMPLEO DEL SECTOR TUR\u00cdSTICO EN NAUCALPAN - NDP Noticias","isPartOf":{"@id":"https:\/\/ndpnoticias.com.mx\/#website"},"primaryImageOfPage":{"@id":"https:\/\/ndpnoticias.com.mx\/?p=3932#primaryimage"},"image":{"@id":"https:\/\/ndpnoticias.com.mx\/?p=3932#primaryimage"},"thumbnailUrl":"https:\/\/ndpnoticias.com.mx\/wp-content\/uploads\/2024\/06\/IMG_1329.jpeg","datePublished":"2024-06-28T23:15:14+00:00","dateModified":"2024-06-28T23:15:24+00:00","breadcrumb":{"@id":"https:\/\/ndpnoticias.com.mx\/?p=3932#breadcrumb"},"inLanguage":"es","potentialAction":[{"@type":"ReadAction","target":["https:\/\/ndpnoticias.com.mx\/?p=3932"]}]},{"@type":"ImageObject","inLanguage":"es","@id":"https:\/\/ndpnoticias.com.mx\/?p=3932#primaryimage","url":"https:\/\/ndpnoticias.com.mx\/wp-content\/uploads\/2024\/06\/IMG_1329.jpeg","contentUrl":"https:\/\/ndpnoticias.com.mx\/wp-content\/uploads\/2024\/06\/IMG_1329.jpeg","width":1600,"height":900},{"@type":"BreadcrumbList","@id":"https:\/\/ndpnoticias.com.mx\/?p=3932#breadcrumb","itemListElement":[{"@type":"ListItem","position":1,"name":"Portada","item":"https:\/\/ndpnoticias.com.mx\/"},{"@type":"ListItem","position":2,"name":"\u00c9XITO EN LA FERIA DEL EMPLEO DEL SECTOR TUR\u00cdSTICO EN NAUCALPAN"}]},{"@type":"WebSite","@id":"https:\/\/ndpnoticias.com.mx\/#website","url":"https:\/\/ndpnoticias.com.mx\/","name":"NDP Noticias","description":"","publisher":{"@id":"https:\/\/ndpnoticias.com.mx\/#organization"},"potentialAction":[{"@type":"SearchAction","target":{"@type":"EntryPoint","urlTemplate":"https:\/\/ndpnoticias.com.mx\/?s={search_term_string}"},"query-input":"required name=search_term_string"}],"inLanguage":"es"},{"@type":"Organization","@id":"https:\/\/ndpnoticias.com.mx\/#organization","name":"NDP Noticias","url":"https:\/\/ndpnoticias.com.mx\/","logo":{"@type":"ImageObject","inLanguage":"es","@id":"https:\/\/ndpnoticias.com.mx\/#\/schema\/logo\/image\/","url":"https:\/\/ndpnoticias.com.mx\/wp-content\/uploads\/2024\/01\/cropped-IMG_3802-1.jpeg","contentUrl":"https:\/\/ndpnoticias.com.mx\/wp-content\/uploads\/2024\/01\/cropped-IMG_3802-1.jpeg","width":472,"height":80,"caption":"NDP Noticias"},"image":{"@id":"https:\/\/ndpnoticias.com.mx\/#\/schema\/logo\/image\/"}},{"@type":"Person","@id":"https:\/\/ndpnoticias.com.mx\/#\/schema\/person\/76f3f372c2bedd0bf44c0c3fb0adc6ca","name":"admin","image":{"@type":"ImageObject","inLanguage":"es","@id":"https:\/\/ndpnoticias.com.mx\/#\/schema\/person\/image\/","url":"https:\/\/secure.gravatar.com\/avatar\/76d7e481f585a42e41243c8312642a6f526d9b06cd67b616fc58155ca4786d1a?s=96&d=mm&r=g","contentUrl":"https:\/\/secure.gravatar.com\/avatar\/76d7e481f585a42e41243c8312642a6f526d9b06cd67b616fc58155ca4786d1a?s=96&d=mm&r=g","caption":"admin"},"sameAs":["https:\/\/ndpnoticias.com.mx"],"url":"https:\/\/ndpnoticias.com.mx\/?author=1"}]}},"_links":{"self":[{"href":"https:\/\/ndpnoticias.com.mx\/index.php?rest_route=\/wp\/v2\/posts\/3932","targetHints":{"allow":["GET"]}}],"collection":[{"href":"https:\/\/ndpnoticias.com.mx\/index.php?rest_route=\/wp\/v2\/posts"}],"about":[{"href":"https:\/\/ndpnoticias.com.mx\/index.php?rest_route=\/wp\/v2\/types\/post"}],"author":[{"embeddable":true,"href":"https:\/\/ndpnoticias.com.mx\/index.php?rest_route=\/wp\/v2\/users\/1"}],"replies":[{"embeddable":true,"href":"https:\/\/ndpnoticias.com.mx\/index.php?rest_route=%2Fwp%2Fv2%2Fcomments&post=3932"}],"version-history":[{"count":1,"href":"https:\/\/ndpnoticias.com.mx\/index.php?rest_route=\/wp\/v2\/posts\/3932\/revisions"}],"predecessor-version":[{"id":3934,"href":"https:\/\/ndpnoticias.com.mx\/index.php?rest_route=\/wp\/v2\/posts\/3932\/revisions\/3934"}],"wp:featuredmedia":[{"embeddable":true,"href":"https:\/\/ndpnoticias.com.mx\/index.php?rest_route=\/wp\/v2\/media\/3933"}],"wp:attachment":[{"href":"https:\/\/ndpnoticias.com.mx\/index.php?rest_route=%2Fwp%2Fv2%2Fmedia&parent=3932"}],"wp:term":[{"taxonomy":"category","embeddable":true,"href":"https:\/\/ndpnoticias.com.mx\/index.php?rest_route=%2Fwp%2Fv2%2Fcategories&post=3932"},{"taxonomy":"post_tag","embeddable":true,"href":"https:\/\/ndpnoticias.com.mx\/index.php?rest_route=%2Fwp%2Fv2%2Ftags&post=3932"}],"curies":[{"name":"wp","href":"https:\/\/api.w.org\/{rel}","templated":true}]}}