{"id":3331,"date":"2024-05-30T22:49:10","date_gmt":"2024-05-31T04:49:10","guid":{"rendered":"https:\/\/ndpnoticias.com.mx\/?p=3331"},"modified":"2024-05-30T22:57:56","modified_gmt":"2024-05-31T04:57:56","slug":"alfredo-del-mazo-renuncia-al-pri-tras-30-anos-de-militancia","status":"publish","type":"post","link":"https:\/\/ndpnoticias.com.mx\/?p=3331","title":{"rendered":"ALFREDO DEL MAZO RENUNCIA AL PRI TRAS 30 A\u00d1OS DE MILITANCIA"},"content":{"rendered":"\n<ul class=\"wp-block-list\">\n<li>El exgobernador mexiquense expresa en redes sociales su decisi\u00f3n, se\u00f1alando que no era su voluntad manifestarlo, pero ante la provocaci\u00f3n expres\u00f3 lo siguiente:<\/li>\n<\/ul>\n\n\n\n<p>Edomex.- Alfredo Del Mazo Maza, exgobernador del Estado de M\u00e9xico, anunci\u00f3 en sus redes sociales su esperada renuncia al Partido Revolucionario Institucional (PRI) despu\u00e9s de tres d\u00e9cadas de militancia. En su mensaje, Del Mazo dej\u00f3 claro que esta decisi\u00f3n no fue tomada por iniciativa propia, sino en respuesta a una provocaci\u00f3n que no detall\u00f3 expl\u00edcitamente.<\/p>\n\n\n\n<p>\u00abHoy, despu\u00e9s de 30 a\u00f1os de pertenecer al PRI, me veo en la necesidad de hacer p\u00fablica mi renuncia. No era mi voluntad manifestarlo de esta manera, pero ante la provocaci\u00f3n que he recibido, me siento obligado a compartir esta decisi\u00f3n con todos ustedes\u00bb, escribi\u00f3 Del Mazo en su cuenta oficial de Twitter.<\/p>\n\n\n\n<p>El anuncio ha generado un amplio espectro de reacciones en el \u00e1mbito pol\u00edtico y entre sus seguidores. Mientras algunos expresan su apoyo y comprensi\u00f3n hacia Del Mazo, otros cuestionan las circunstancias que lo llevaron a tomar esta determinaci\u00f3n. Sin embargo, el exgobernador no ha proporcionado detalles adicionales sobre la naturaleza de la provocaci\u00f3n que mencion\u00f3 en su declaraci\u00f3n.<\/p>\n\n\n\n<p>La trayectoria de Alfredo Del Mazo en el PRI ha sido destacada, ocupando diversos cargos a lo largo de los a\u00f1os, incluyendo su reciente mandato como gobernador del Estado de M\u00e9xico. Su renuncia marca un momento significativo en la pol\u00edtica mexicana, especialmente dentro del PRI, un partido que ha visto a varios de sus miembros prominentes tomar decisiones similares en tiempos recientes.<\/p>\n\n\n\n<p>Analistas pol\u00edticos especulan sobre el impacto que esta renuncia tendr\u00e1 en el panorama pol\u00edtico local y nacional, as\u00ed como sobre los pr\u00f3ximos pasos que podr\u00eda tomar Del Mazo en su carrera pol\u00edtica. Por ahora, el exgobernador ha solicitado respeto y comprensi\u00f3n para \u00e9l y su familia mientras navegan por esta nueva etapa.<\/p>\n\n\n\n<p>La noticia de su renuncia contin\u00faa desarroll\u00e1ndose, y se espera que en los pr\u00f3ximos d\u00edas se revelen m\u00e1s detalles y reacciones sobre este inesperado giro en la pol\u00edtica mexicana.<\/p>\n\n\n\n<figure class=\"wp-block-image size-large is-resized\"><img loading=\"lazy\" decoding=\"async\" width=\"815\" height=\"1024\" src=\"https:\/\/ndpnoticias.com.mx\/wp-content\/uploads\/2024\/05\/IMG_0243-815x1024.jpeg\" alt=\"\" class=\"wp-image-3334\" style=\"width:374px;height:auto\" srcset=\"https:\/\/ndpnoticias.com.mx\/wp-content\/uploads\/2024\/05\/IMG_0243-815x1024.jpeg 815w, https:\/\/ndpnoticias.com.mx\/wp-content\/uploads\/2024\/05\/IMG_0243-239x300.jpeg 239w, https:\/\/ndpnoticias.com.mx\/wp-content\/uploads\/2024\/05\/IMG_0243-768x965.jpeg 768w, https:\/\/ndpnoticias.com.mx\/wp-content\/uploads\/2024\/05\/IMG_0243-600x754.jpeg 600w, https:\/\/ndpnoticias.com.mx\/wp-content\/uploads\/2024\/05\/IMG_0243.jpeg 1125w\" sizes=\"auto, (max-width: 815px) 100vw, 815px\" \/><\/figure>\n\n\n\n<figure class=\"wp-block-image size-large\"><img loading=\"lazy\" decoding=\"async\" width=\"815\" height=\"1024\" src=\"https:\/\/ndpnoticias.com.mx\/wp-content\/uploads\/2024\/05\/IMG_0242-815x1024.jpeg\" alt=\"\" class=\"wp-image-3336\" srcset=\"https:\/\/ndpnoticias.com.mx\/wp-content\/uploads\/2024\/05\/IMG_0242-815x1024.jpeg 815w, https:\/\/ndpnoticias.com.mx\/wp-content\/uploads\/2024\/05\/IMG_0242-239x300.jpeg 239w, https:\/\/ndpnoticias.com.mx\/wp-content\/uploads\/2024\/05\/IMG_0242-768x965.jpeg 768w, https:\/\/ndpnoticias.com.mx\/wp-content\/uploads\/2024\/05\/IMG_0242-600x754.jpeg 600w, https:\/\/ndpnoticias.com.mx\/wp-content\/uploads\/2024\/05\/IMG_0242.jpeg 1125w\" sizes=\"auto, (max-width: 815px) 100vw, 815px\" \/><\/figure>\n","protected":false},"excerpt":{"rendered":"<p>Edomex.- Alfredo Del Mazo Maza, exgobernador del Estado de M\u00e9xico, anunci\u00f3 en sus redes sociales su esperada renuncia al Partido Revolucionario Institucional (PRI) despu\u00e9s de tres d\u00e9cadas de militancia. En&hellip; <\/p>\n","protected":false},"author":1,"featured_media":3332,"comment_status":"open","ping_status":"closed","sticky":false,"template":"","format":"standard","meta":{"footnotes":""},"categories":[20],"tags":[],"class_list":["post-3331","post","type-post","status-publish","format-standard","has-post-thumbnail","hentry","category-destacadas"],"yoast_head":"<!-- This site is optimized with the Yoast SEO plugin v22.9 - https:\/\/yoast.com\/wordpress\/plugins\/seo\/ -->\n<title>ALFREDO DEL MAZO RENUNCIA AL PRI TRAS 30 A\u00d1OS DE MILITANCIA - NDP Noticias<\/title>\n<meta name=\"robots\" content=\"index, follow, max-snippet:-1, max-image-preview:large, max-video-preview:-1\" \/>\n<link rel=\"canonical\" href=\"https:\/\/ndpnoticias.com.mx\/?p=3331\" \/>\n<meta property=\"og:locale\" content=\"es_ES\" \/>\n<meta property=\"og:type\" content=\"article\" \/>\n<meta property=\"og:title\" content=\"ALFREDO DEL MAZO RENUNCIA AL PRI TRAS 30 A\u00d1OS DE MILITANCIA - NDP Noticias\" \/>\n<meta property=\"og:description\" content=\"Edomex.- Alfredo Del Mazo Maza, exgobernador del Estado de M\u00e9xico, anunci\u00f3 en sus redes sociales su esperada renuncia al Partido Revolucionario Institucional (PRI) despu\u00e9s de tres d\u00e9cadas de militancia. En&hellip;\" \/>\n<meta property=\"og:url\" content=\"https:\/\/ndpnoticias.com.mx\/?p=3331\" \/>\n<meta property=\"og:site_name\" content=\"NDP Noticias\" \/>\n<meta property=\"article:published_time\" content=\"2024-05-31T04:49:10+00:00\" \/>\n<meta property=\"article:modified_time\" content=\"2024-05-31T04:57:56+00:00\" \/>\n<meta property=\"og:image\" content=\"https:\/\/ndpnoticias.com.mx\/wp-content\/uploads\/2024\/05\/IMG_0244.jpeg\" \/>\n\t<meta property=\"og:image:width\" content=\"1471\" \/>\n\t<meta property=\"og:image:height\" content=\"827\" \/>\n\t<meta property=\"og:image:type\" content=\"image\/jpeg\" \/>\n<meta name=\"author\" content=\"admin\" \/>\n<meta name=\"twitter:card\" content=\"summary_large_image\" \/>\n<meta name=\"twitter:label1\" content=\"Escrito por\" \/>\n\t<meta name=\"twitter:data1\" content=\"admin\" \/>\n\t<meta name=\"twitter:label2\" content=\"Tiempo de lectura\" \/>\n\t<meta name=\"twitter:data2\" content=\"3 minutos\" \/>\n<script type=\"application\/ld+json\" class=\"yoast-schema-graph\">{\"@context\":\"https:\/\/schema.org\",\"@graph\":[{\"@type\":\"Article\",\"@id\":\"https:\/\/ndpnoticias.com.mx\/?p=3331#article\",\"isPartOf\":{\"@id\":\"https:\/\/ndpnoticias.com.mx\/?p=3331\"},\"author\":{\"name\":\"admin\",\"@id\":\"https:\/\/ndpnoticias.com.mx\/#\/schema\/person\/76f3f372c2bedd0bf44c0c3fb0adc6ca\"},\"headline\":\"ALFREDO DEL MAZO RENUNCIA AL PRI TRAS 30 A\u00d1OS DE MILITANCIA\",\"datePublished\":\"2024-05-31T04:49:10+00:00\",\"dateModified\":\"2024-05-31T04:57:56+00:00\",\"mainEntityOfPage\":{\"@id\":\"https:\/\/ndpnoticias.com.mx\/?p=3331\"},\"wordCount\":377,\"commentCount\":0,\"publisher\":{\"@id\":\"https:\/\/ndpnoticias.com.mx\/#organization\"},\"image\":{\"@id\":\"https:\/\/ndpnoticias.com.mx\/?p=3331#primaryimage\"},\"thumbnailUrl\":\"https:\/\/ndpnoticias.com.mx\/wp-content\/uploads\/2024\/05\/IMG_0244.jpeg\",\"articleSection\":[\"Destacadas\"],\"inLanguage\":\"es\",\"potentialAction\":[{\"@type\":\"CommentAction\",\"name\":\"Comment\",\"target\":[\"https:\/\/ndpnoticias.com.mx\/?p=3331#respond\"]}]},{\"@type\":\"WebPage\",\"@id\":\"https:\/\/ndpnoticias.com.mx\/?p=3331\",\"url\":\"https:\/\/ndpnoticias.com.mx\/?p=3331\",\"name\":\"ALFREDO DEL MAZO RENUNCIA AL PRI TRAS 30 A\u00d1OS DE MILITANCIA - NDP Noticias\",\"isPartOf\":{\"@id\":\"https:\/\/ndpnoticias.com.mx\/#website\"},\"primaryImageOfPage\":{\"@id\":\"https:\/\/ndpnoticias.com.mx\/?p=3331#primaryimage\"},\"image\":{\"@id\":\"https:\/\/ndpnoticias.com.mx\/?p=3331#primaryimage\"},\"thumbnailUrl\":\"https:\/\/ndpnoticias.com.mx\/wp-content\/uploads\/2024\/05\/IMG_0244.jpeg\",\"datePublished\":\"2024-05-31T04:49:10+00:00\",\"dateModified\":\"2024-05-31T04:57:56+00:00\",\"breadcrumb\":{\"@id\":\"https:\/\/ndpnoticias.com.mx\/?p=3331#breadcrumb\"},\"inLanguage\":\"es\",\"potentialAction\":[{\"@type\":\"ReadAction\",\"target\":[\"https:\/\/ndpnoticias.com.mx\/?p=3331\"]}]},{\"@type\":\"ImageObject\",\"inLanguage\":\"es\",\"@id\":\"https:\/\/ndpnoticias.com.mx\/?p=3331#primaryimage\",\"url\":\"https:\/\/ndpnoticias.com.mx\/wp-content\/uploads\/2024\/05\/IMG_0244.jpeg\",\"contentUrl\":\"https:\/\/ndpnoticias.com.mx\/wp-content\/uploads\/2024\/05\/IMG_0244.jpeg\",\"width\":1471,\"height\":827},{\"@type\":\"BreadcrumbList\",\"@id\":\"https:\/\/ndpnoticias.com.mx\/?p=3331#breadcrumb\",\"itemListElement\":[{\"@type\":\"ListItem\",\"position\":1,\"name\":\"Portada\",\"item\":\"https:\/\/ndpnoticias.com.mx\/\"},{\"@type\":\"ListItem\",\"position\":2,\"name\":\"ALFREDO DEL MAZO RENUNCIA AL PRI TRAS 30 A\u00d1OS DE MILITANCIA\"}]},{\"@type\":\"WebSite\",\"@id\":\"https:\/\/ndpnoticias.com.mx\/#website\",\"url\":\"https:\/\/ndpnoticias.com.mx\/\",\"name\":\"NDP Noticias\",\"description\":\"\",\"publisher\":{\"@id\":\"https:\/\/ndpnoticias.com.mx\/#organization\"},\"potentialAction\":[{\"@type\":\"SearchAction\",\"target\":{\"@type\":\"EntryPoint\",\"urlTemplate\":\"https:\/\/ndpnoticias.com.mx\/?s={search_term_string}\"},\"query-input\":\"required name=search_term_string\"}],\"inLanguage\":\"es\"},{\"@type\":\"Organization\",\"@id\":\"https:\/\/ndpnoticias.com.mx\/#organization\",\"name\":\"NDP Noticias\",\"url\":\"https:\/\/ndpnoticias.com.mx\/\",\"logo\":{\"@type\":\"ImageObject\",\"inLanguage\":\"es\",\"@id\":\"https:\/\/ndpnoticias.com.mx\/#\/schema\/logo\/image\/\",\"url\":\"https:\/\/ndpnoticias.com.mx\/wp-content\/uploads\/2024\/01\/cropped-IMG_3802-1.jpeg\",\"contentUrl\":\"https:\/\/ndpnoticias.com.mx\/wp-content\/uploads\/2024\/01\/cropped-IMG_3802-1.jpeg\",\"width\":472,\"height\":80,\"caption\":\"NDP Noticias\"},\"image\":{\"@id\":\"https:\/\/ndpnoticias.com.mx\/#\/schema\/logo\/image\/\"}},{\"@type\":\"Person\",\"@id\":\"https:\/\/ndpnoticias.com.mx\/#\/schema\/person\/76f3f372c2bedd0bf44c0c3fb0adc6ca\",\"name\":\"admin\",\"image\":{\"@type\":\"ImageObject\",\"inLanguage\":\"es\",\"@id\":\"https:\/\/ndpnoticias.com.mx\/#\/schema\/person\/image\/\",\"url\":\"https:\/\/secure.gravatar.com\/avatar\/76d7e481f585a42e41243c8312642a6f526d9b06cd67b616fc58155ca4786d1a?s=96&d=mm&r=g\",\"contentUrl\":\"https:\/\/secure.gravatar.com\/avatar\/76d7e481f585a42e41243c8312642a6f526d9b06cd67b616fc58155ca4786d1a?s=96&d=mm&r=g\",\"caption\":\"admin\"},\"sameAs\":[\"https:\/\/ndpnoticias.com.mx\"],\"url\":\"https:\/\/ndpnoticias.com.mx\/?author=1\"}]}<\/script>\n<!-- \/ Yoast SEO plugin. -->","yoast_head_json":{"title":"ALFREDO DEL MAZO RENUNCIA AL PRI TRAS 30 A\u00d1OS DE MILITANCIA - NDP Noticias","robots":{"index":"index","follow":"follow","max-snippet":"max-snippet:-1","max-image-preview":"max-image-preview:large","max-video-preview":"max-video-preview:-1"},"canonical":"https:\/\/ndpnoticias.com.mx\/?p=3331","og_locale":"es_ES","og_type":"article","og_title":"ALFREDO DEL MAZO RENUNCIA AL PRI TRAS 30 A\u00d1OS DE MILITANCIA - NDP Noticias","og_description":"Edomex.- Alfredo Del Mazo Maza, exgobernador del Estado de M\u00e9xico, anunci\u00f3 en sus redes sociales su esperada renuncia al Partido Revolucionario Institucional (PRI) despu\u00e9s de tres d\u00e9cadas de militancia. En&hellip;","og_url":"https:\/\/ndpnoticias.com.mx\/?p=3331","og_site_name":"NDP Noticias","article_published_time":"2024-05-31T04:49:10+00:00","article_modified_time":"2024-05-31T04:57:56+00:00","og_image":[{"width":1471,"height":827,"url":"https:\/\/ndpnoticias.com.mx\/wp-content\/uploads\/2024\/05\/IMG_0244.jpeg","type":"image\/jpeg"}],"author":"admin","twitter_card":"summary_large_image","twitter_misc":{"Escrito por":"admin","Tiempo de lectura":"3 minutos"},"schema":{"@context":"https:\/\/schema.org","@graph":[{"@type":"Article","@id":"https:\/\/ndpnoticias.com.mx\/?p=3331#article","isPartOf":{"@id":"https:\/\/ndpnoticias.com.mx\/?p=3331"},"author":{"name":"admin","@id":"https:\/\/ndpnoticias.com.mx\/#\/schema\/person\/76f3f372c2bedd0bf44c0c3fb0adc6ca"},"headline":"ALFREDO DEL MAZO RENUNCIA AL PRI TRAS 30 A\u00d1OS DE MILITANCIA","datePublished":"2024-05-31T04:49:10+00:00","dateModified":"2024-05-31T04:57:56+00:00","mainEntityOfPage":{"@id":"https:\/\/ndpnoticias.com.mx\/?p=3331"},"wordCount":377,"commentCount":0,"publisher":{"@id":"https:\/\/ndpnoticias.com.mx\/#organization"},"image":{"@id":"https:\/\/ndpnoticias.com.mx\/?p=3331#primaryimage"},"thumbnailUrl":"https:\/\/ndpnoticias.com.mx\/wp-content\/uploads\/2024\/05\/IMG_0244.jpeg","articleSection":["Destacadas"],"inLanguage":"es","potentialAction":[{"@type":"CommentAction","name":"Comment","target":["https:\/\/ndpnoticias.com.mx\/?p=3331#respond"]}]},{"@type":"WebPage","@id":"https:\/\/ndpnoticias.com.mx\/?p=3331","url":"https:\/\/ndpnoticias.com.mx\/?p=3331","name":"ALFREDO DEL MAZO RENUNCIA AL PRI TRAS 30 A\u00d1OS DE MILITANCIA - NDP Noticias","isPartOf":{"@id":"https:\/\/ndpnoticias.com.mx\/#website"},"primaryImageOfPage":{"@id":"https:\/\/ndpnoticias.com.mx\/?p=3331#primaryimage"},"image":{"@id":"https:\/\/ndpnoticias.com.mx\/?p=3331#primaryimage"},"thumbnailUrl":"https:\/\/ndpnoticias.com.mx\/wp-content\/uploads\/2024\/05\/IMG_0244.jpeg","datePublished":"2024-05-31T04:49:10+00:00","dateModified":"2024-05-31T04:57:56+00:00","breadcrumb":{"@id":"https:\/\/ndpnoticias.com.mx\/?p=3331#breadcrumb"},"inLanguage":"es","potentialAction":[{"@type":"ReadAction","target":["https:\/\/ndpnoticias.com.mx\/?p=3331"]}]},{"@type":"ImageObject","inLanguage":"es","@id":"https:\/\/ndpnoticias.com.mx\/?p=3331#primaryimage","url":"https:\/\/ndpnoticias.com.mx\/wp-content\/uploads\/2024\/05\/IMG_0244.jpeg","contentUrl":"https:\/\/ndpnoticias.com.mx\/wp-content\/uploads\/2024\/05\/IMG_0244.jpeg","width":1471,"height":827},{"@type":"BreadcrumbList","@id":"https:\/\/ndpnoticias.com.mx\/?p=3331#breadcrumb","itemListElement":[{"@type":"ListItem","position":1,"name":"Portada","item":"https:\/\/ndpnoticias.com.mx\/"},{"@type":"ListItem","position":2,"name":"ALFREDO DEL MAZO RENUNCIA AL PRI TRAS 30 A\u00d1OS DE MILITANCIA"}]},{"@type":"WebSite","@id":"https:\/\/ndpnoticias.com.mx\/#website","url":"https:\/\/ndpnoticias.com.mx\/","name":"NDP Noticias","description":"","publisher":{"@id":"https:\/\/ndpnoticias.com.mx\/#organization"},"potentialAction":[{"@type":"SearchAction","target":{"@type":"EntryPoint","urlTemplate":"https:\/\/ndpnoticias.com.mx\/?s={search_term_string}"},"query-input":"required name=search_term_string"}],"inLanguage":"es"},{"@type":"Organization","@id":"https:\/\/ndpnoticias.com.mx\/#organization","name":"NDP Noticias","url":"https:\/\/ndpnoticias.com.mx\/","logo":{"@type":"ImageObject","inLanguage":"es","@id":"https:\/\/ndpnoticias.com.mx\/#\/schema\/logo\/image\/","url":"https:\/\/ndpnoticias.com.mx\/wp-content\/uploads\/2024\/01\/cropped-IMG_3802-1.jpeg","contentUrl":"https:\/\/ndpnoticias.com.mx\/wp-content\/uploads\/2024\/01\/cropped-IMG_3802-1.jpeg","width":472,"height":80,"caption":"NDP Noticias"},"image":{"@id":"https:\/\/ndpnoticias.com.mx\/#\/schema\/logo\/image\/"}},{"@type":"Person","@id":"https:\/\/ndpnoticias.com.mx\/#\/schema\/person\/76f3f372c2bedd0bf44c0c3fb0adc6ca","name":"admin","image":{"@type":"ImageObject","inLanguage":"es","@id":"https:\/\/ndpnoticias.com.mx\/#\/schema\/person\/image\/","url":"https:\/\/secure.gravatar.com\/avatar\/76d7e481f585a42e41243c8312642a6f526d9b06cd67b616fc58155ca4786d1a?s=96&d=mm&r=g","contentUrl":"https:\/\/secure.gravatar.com\/avatar\/76d7e481f585a42e41243c8312642a6f526d9b06cd67b616fc58155ca4786d1a?s=96&d=mm&r=g","caption":"admin"},"sameAs":["https:\/\/ndpnoticias.com.mx"],"url":"https:\/\/ndpnoticias.com.mx\/?author=1"}]}},"_links":{"self":[{"href":"https:\/\/ndpnoticias.com.mx\/index.php?rest_route=\/wp\/v2\/posts\/3331","targetHints":{"allow":["GET"]}}],"collection":[{"href":"https:\/\/ndpnoticias.com.mx\/index.php?rest_route=\/wp\/v2\/posts"}],"about":[{"href":"https:\/\/ndpnoticias.com.mx\/index.php?rest_route=\/wp\/v2\/types\/post"}],"author":[{"embeddable":true,"href":"https:\/\/ndpnoticias.com.mx\/index.php?rest_route=\/wp\/v2\/users\/1"}],"replies":[{"embeddable":true,"href":"https:\/\/ndpnoticias.com.mx\/index.php?rest_route=%2Fwp%2Fv2%2Fcomments&post=3331"}],"version-history":[{"count":2,"href":"https:\/\/ndpnoticias.com.mx\/index.php?rest_route=\/wp\/v2\/posts\/3331\/revisions"}],"predecessor-version":[{"id":3337,"href":"https:\/\/ndpnoticias.com.mx\/index.php?rest_route=\/wp\/v2\/posts\/3331\/revisions\/3337"}],"wp:featuredmedia":[{"embeddable":true,"href":"https:\/\/ndpnoticias.com.mx\/index.php?rest_route=\/wp\/v2\/media\/3332"}],"wp:attachment":[{"href":"https:\/\/ndpnoticias.com.mx\/index.php?rest_route=%2Fwp%2Fv2%2Fmedia&parent=3331"}],"wp:term":[{"taxonomy":"category","embeddable":true,"href":"https:\/\/ndpnoticias.com.mx\/index.php?rest_route=%2Fwp%2Fv2%2Fcategories&post=3331"},{"taxonomy":"post_tag","embeddable":true,"href":"https:\/\/ndpnoticias.com.mx\/index.php?rest_route=%2Fwp%2Fv2%2Ftags&post=3331"}],"curies":[{"name":"wp","href":"https:\/\/api.w.org\/{rel}","templated":true}]}}