{"id":20526,"date":"2026-04-28T18:37:29","date_gmt":"2026-04-29T00:37:29","guid":{"rendered":"https:\/\/ndpnoticias.com.mx\/?p=20526"},"modified":"2026-04-28T18:37:31","modified_gmt":"2026-04-29T00:37:31","slug":"entra-yoselin-mendoza-a-la-cupula-municipalista-del-pais","status":"publish","type":"post","link":"https:\/\/ndpnoticias.com.mx\/?p=20526","title":{"rendered":"ENTRA YOSELIN MENDOZA A LA C\u00daPULA MUNICIPALISTA DEL PA\u00cdS"},"content":{"rendered":"\n<p>\u2022La alcaldesa de Nicol\u00e1s Romero fue nombrada Secretaria General de AALMAC durante la renovaci\u00f3n de la dirigencia nacional en la Ciudad de M\u00e9xico<\/p>\n\n\n\n<p>NICOL\u00c1S ROMERO, M\u00c9X.\u2014 La alcaldesa de Nicol\u00e1s Romero, Yoselin Mendoza, asumi\u00f3 una de las posiciones clave dentro de la Asociaci\u00f3n de Autoridades Locales de M\u00e9xico A.C. (AALMAC), al ser designada Secretaria General del organismo que agrupa a gobiernos municipales progresistas del pa\u00eds.<\/p>\n\n\n\n<p>El nombramiento se realiz\u00f3 en el Museo de la Ciudad de M\u00e9xico, durante la toma de protesta de la nueva mesa directiva de la asociaci\u00f3n, encabezada ahora por Javier L\u00f3pez Casar\u00edn, alcalde de \u00c1lvaro Obreg\u00f3n.<\/p>\n\n\n\n<p>Tras recibir el cargo, Mendoza afirm\u00f3 que los municipios enfrentan desaf\u00edos que requieren coordinaci\u00f3n real entre los distintos niveles de gobierno y sostuvo que la transformaci\u00f3n nacional debe impulsarse desde lo local.<\/p>\n\n\n\n<p>La edil se\u00f1al\u00f3 que su compromiso ser\u00e1 fortalecer el trabajo municipalista para construir gobiernos m\u00e1s s\u00f3lidos y con mejores condiciones de vida para la poblaci\u00f3n.<\/p>\n\n\n\n<p>\u201cLa tarea es clara: atender los retos de los ayuntamientos, para garantizar la transformaci\u00f3n de M\u00e9xico desde lo local\u201d, expres\u00f3 durante su intervenci\u00f3n.<\/p>\n\n\n\n<p>Tambi\u00e9n asegur\u00f3 que AALMAC representa un espacio estrat\u00e9gico para consolidar trabajo conjunto entre alcald\u00edas, estados y federaci\u00f3n, bajo una visi\u00f3n de colaboraci\u00f3n permanente.<\/p>\n\n\n\n<p>Durante el evento, la jefa de Gobierno de la Ciudad de M\u00e9xico, Clara Brugada Molina, fue la encargada de tomar protesta a la nueva dirigencia y destac\u00f3 que el fortalecimiento de los municipios es una pieza fundamental para el desarrollo del pa\u00eds.<\/p>\n\n\n\n<p>Por su parte, Javier L\u00f3pez Casar\u00edn se comprometi\u00f3 a consolidar pol\u00edticas p\u00fablicas eficaces y fortalecer la coordinaci\u00f3n institucional entre los municipios y el Gobierno de M\u00e9xico.<\/p>\n\n\n\n<p>En la ceremonia participaron adem\u00e1s Alma Barrag\u00e1n, alcaldesa de Morole\u00f3n y presidenta saliente de AALMAC; Ra\u00fal Armando Quintero, coordinador nacional del INAFED; Laura Itzel Castillo, presidenta de la Mesa Directiva del Senado; Hermilo P\u00e9rez Cabrera, director general de AALMAC; y Rafael Guerra \u00c1lvarez, presidente del Tribunal Superior de Justicia de la Ciudad de M\u00e9xico.<\/p>\n\n\n\n<figure class=\"wp-block-image size-large\"><img loading=\"lazy\" decoding=\"async\" width=\"1024\" height=\"683\" src=\"https:\/\/ndpnoticias.com.mx\/wp-content\/uploads\/2026\/04\/6335e4d2-08f7-4ef9-a21d-c8d6828e9cff-1024x683.jpeg\" alt=\"\" class=\"wp-image-20527\" srcset=\"https:\/\/ndpnoticias.com.mx\/wp-content\/uploads\/2026\/04\/6335e4d2-08f7-4ef9-a21d-c8d6828e9cff-1024x683.jpeg 1024w, https:\/\/ndpnoticias.com.mx\/wp-content\/uploads\/2026\/04\/6335e4d2-08f7-4ef9-a21d-c8d6828e9cff-300x200.jpeg 300w, https:\/\/ndpnoticias.com.mx\/wp-content\/uploads\/2026\/04\/6335e4d2-08f7-4ef9-a21d-c8d6828e9cff-768x512.jpeg 768w, https:\/\/ndpnoticias.com.mx\/wp-content\/uploads\/2026\/04\/6335e4d2-08f7-4ef9-a21d-c8d6828e9cff-600x400.jpeg 600w, https:\/\/ndpnoticias.com.mx\/wp-content\/uploads\/2026\/04\/6335e4d2-08f7-4ef9-a21d-c8d6828e9cff.jpeg 1280w\" sizes=\"auto, (max-width: 1024px) 100vw, 1024px\" \/><\/figure>\n","protected":false},"excerpt":{"rendered":"<p>\u2022La alcaldesa de Nicol\u00e1s Romero fue nombrada Secretaria General de AALMAC durante la renovaci\u00f3n de la dirigencia nacional en la Ciudad de M\u00e9xico NICOL\u00c1S ROMERO, M\u00c9X.\u2014 La alcaldesa de Nicol\u00e1s&hellip; <\/p>\n","protected":false},"author":1,"featured_media":20528,"comment_status":"open","ping_status":"closed","sticky":false,"template":"","format":"standard","meta":{"footnotes":""},"categories":[34],"tags":[],"class_list":["post-20526","post","type-post","status-publish","format-standard","has-post-thumbnail","hentry","category-nicolas-romero"],"yoast_head":"<!-- This site is optimized with the Yoast SEO plugin v22.9 - https:\/\/yoast.com\/wordpress\/plugins\/seo\/ -->\n<title>ENTRA YOSELIN MENDOZA A LA C\u00daPULA MUNICIPALISTA DEL PA\u00cdS - NDP Noticias<\/title>\n<meta name=\"robots\" content=\"index, follow, max-snippet:-1, max-image-preview:large, max-video-preview:-1\" \/>\n<link rel=\"canonical\" href=\"https:\/\/ndpnoticias.com.mx\/?p=20526\" \/>\n<meta property=\"og:locale\" content=\"es_ES\" \/>\n<meta property=\"og:type\" content=\"article\" \/>\n<meta property=\"og:title\" content=\"ENTRA YOSELIN MENDOZA A LA C\u00daPULA MUNICIPALISTA DEL PA\u00cdS - NDP Noticias\" \/>\n<meta property=\"og:description\" content=\"\u2022La alcaldesa de Nicol\u00e1s Romero fue nombrada Secretaria General de AALMAC durante la renovaci\u00f3n de la dirigencia nacional en la Ciudad de M\u00e9xico NICOL\u00c1S ROMERO, M\u00c9X.\u2014 La alcaldesa de Nicol\u00e1s&hellip;\" \/>\n<meta property=\"og:url\" content=\"https:\/\/ndpnoticias.com.mx\/?p=20526\" \/>\n<meta property=\"og:site_name\" content=\"NDP Noticias\" \/>\n<meta property=\"article:published_time\" content=\"2026-04-29T00:37:29+00:00\" \/>\n<meta property=\"article:modified_time\" content=\"2026-04-29T00:37:31+00:00\" \/>\n<meta property=\"og:image\" content=\"https:\/\/ndpnoticias.com.mx\/wp-content\/uploads\/2026\/04\/dbb68ba4-0cb7-4a4a-bc81-ed36b22260ee.jpeg\" \/>\n\t<meta property=\"og:image:width\" content=\"1280\" \/>\n\t<meta property=\"og:image:height\" content=\"720\" \/>\n\t<meta property=\"og:image:type\" content=\"image\/jpeg\" \/>\n<meta name=\"author\" content=\"admin\" \/>\n<meta name=\"twitter:card\" content=\"summary_large_image\" \/>\n<meta name=\"twitter:label1\" content=\"Escrito por\" \/>\n\t<meta name=\"twitter:data1\" content=\"admin\" \/>\n\t<meta name=\"twitter:label2\" content=\"Tiempo de lectura\" \/>\n\t<meta name=\"twitter:data2\" content=\"2 minutos\" \/>\n<script type=\"application\/ld+json\" class=\"yoast-schema-graph\">{\"@context\":\"https:\/\/schema.org\",\"@graph\":[{\"@type\":\"Article\",\"@id\":\"https:\/\/ndpnoticias.com.mx\/?p=20526#article\",\"isPartOf\":{\"@id\":\"https:\/\/ndpnoticias.com.mx\/?p=20526\"},\"author\":{\"name\":\"admin\",\"@id\":\"https:\/\/ndpnoticias.com.mx\/#\/schema\/person\/76f3f372c2bedd0bf44c0c3fb0adc6ca\"},\"headline\":\"ENTRA YOSELIN MENDOZA A LA C\u00daPULA MUNICIPALISTA DEL PA\u00cdS\",\"datePublished\":\"2026-04-29T00:37:29+00:00\",\"dateModified\":\"2026-04-29T00:37:31+00:00\",\"mainEntityOfPage\":{\"@id\":\"https:\/\/ndpnoticias.com.mx\/?p=20526\"},\"wordCount\":381,\"commentCount\":0,\"publisher\":{\"@id\":\"https:\/\/ndpnoticias.com.mx\/#organization\"},\"image\":{\"@id\":\"https:\/\/ndpnoticias.com.mx\/?p=20526#primaryimage\"},\"thumbnailUrl\":\"https:\/\/ndpnoticias.com.mx\/wp-content\/uploads\/2026\/04\/dbb68ba4-0cb7-4a4a-bc81-ed36b22260ee.jpeg\",\"articleSection\":[\"Nicol\u00e1s Romero\"],\"inLanguage\":\"es\",\"potentialAction\":[{\"@type\":\"CommentAction\",\"name\":\"Comment\",\"target\":[\"https:\/\/ndpnoticias.com.mx\/?p=20526#respond\"]}]},{\"@type\":\"WebPage\",\"@id\":\"https:\/\/ndpnoticias.com.mx\/?p=20526\",\"url\":\"https:\/\/ndpnoticias.com.mx\/?p=20526\",\"name\":\"ENTRA YOSELIN MENDOZA A LA C\u00daPULA MUNICIPALISTA DEL PA\u00cdS - NDP Noticias\",\"isPartOf\":{\"@id\":\"https:\/\/ndpnoticias.com.mx\/#website\"},\"primaryImageOfPage\":{\"@id\":\"https:\/\/ndpnoticias.com.mx\/?p=20526#primaryimage\"},\"image\":{\"@id\":\"https:\/\/ndpnoticias.com.mx\/?p=20526#primaryimage\"},\"thumbnailUrl\":\"https:\/\/ndpnoticias.com.mx\/wp-content\/uploads\/2026\/04\/dbb68ba4-0cb7-4a4a-bc81-ed36b22260ee.jpeg\",\"datePublished\":\"2026-04-29T00:37:29+00:00\",\"dateModified\":\"2026-04-29T00:37:31+00:00\",\"breadcrumb\":{\"@id\":\"https:\/\/ndpnoticias.com.mx\/?p=20526#breadcrumb\"},\"inLanguage\":\"es\",\"potentialAction\":[{\"@type\":\"ReadAction\",\"target\":[\"https:\/\/ndpnoticias.com.mx\/?p=20526\"]}]},{\"@type\":\"ImageObject\",\"inLanguage\":\"es\",\"@id\":\"https:\/\/ndpnoticias.com.mx\/?p=20526#primaryimage\",\"url\":\"https:\/\/ndpnoticias.com.mx\/wp-content\/uploads\/2026\/04\/dbb68ba4-0cb7-4a4a-bc81-ed36b22260ee.jpeg\",\"contentUrl\":\"https:\/\/ndpnoticias.com.mx\/wp-content\/uploads\/2026\/04\/dbb68ba4-0cb7-4a4a-bc81-ed36b22260ee.jpeg\",\"width\":1280,\"height\":720},{\"@type\":\"BreadcrumbList\",\"@id\":\"https:\/\/ndpnoticias.com.mx\/?p=20526#breadcrumb\",\"itemListElement\":[{\"@type\":\"ListItem\",\"position\":1,\"name\":\"Portada\",\"item\":\"https:\/\/ndpnoticias.com.mx\/\"},{\"@type\":\"ListItem\",\"position\":2,\"name\":\"ENTRA YOSELIN MENDOZA A LA C\u00daPULA MUNICIPALISTA DEL PA\u00cdS\"}]},{\"@type\":\"WebSite\",\"@id\":\"https:\/\/ndpnoticias.com.mx\/#website\",\"url\":\"https:\/\/ndpnoticias.com.mx\/\",\"name\":\"NDP Noticias\",\"description\":\"\",\"publisher\":{\"@id\":\"https:\/\/ndpnoticias.com.mx\/#organization\"},\"potentialAction\":[{\"@type\":\"SearchAction\",\"target\":{\"@type\":\"EntryPoint\",\"urlTemplate\":\"https:\/\/ndpnoticias.com.mx\/?s={search_term_string}\"},\"query-input\":\"required name=search_term_string\"}],\"inLanguage\":\"es\"},{\"@type\":\"Organization\",\"@id\":\"https:\/\/ndpnoticias.com.mx\/#organization\",\"name\":\"NDP Noticias\",\"url\":\"https:\/\/ndpnoticias.com.mx\/\",\"logo\":{\"@type\":\"ImageObject\",\"inLanguage\":\"es\",\"@id\":\"https:\/\/ndpnoticias.com.mx\/#\/schema\/logo\/image\/\",\"url\":\"https:\/\/ndpnoticias.com.mx\/wp-content\/uploads\/2024\/01\/cropped-IMG_3802-1.jpeg\",\"contentUrl\":\"https:\/\/ndpnoticias.com.mx\/wp-content\/uploads\/2024\/01\/cropped-IMG_3802-1.jpeg\",\"width\":472,\"height\":80,\"caption\":\"NDP Noticias\"},\"image\":{\"@id\":\"https:\/\/ndpnoticias.com.mx\/#\/schema\/logo\/image\/\"}},{\"@type\":\"Person\",\"@id\":\"https:\/\/ndpnoticias.com.mx\/#\/schema\/person\/76f3f372c2bedd0bf44c0c3fb0adc6ca\",\"name\":\"admin\",\"image\":{\"@type\":\"ImageObject\",\"inLanguage\":\"es\",\"@id\":\"https:\/\/ndpnoticias.com.mx\/#\/schema\/person\/image\/\",\"url\":\"https:\/\/secure.gravatar.com\/avatar\/76d7e481f585a42e41243c8312642a6f526d9b06cd67b616fc58155ca4786d1a?s=96&d=mm&r=g\",\"contentUrl\":\"https:\/\/secure.gravatar.com\/avatar\/76d7e481f585a42e41243c8312642a6f526d9b06cd67b616fc58155ca4786d1a?s=96&d=mm&r=g\",\"caption\":\"admin\"},\"sameAs\":[\"https:\/\/ndpnoticias.com.mx\"],\"url\":\"https:\/\/ndpnoticias.com.mx\/?author=1\"}]}<\/script>\n<!-- \/ Yoast SEO plugin. -->","yoast_head_json":{"title":"ENTRA YOSELIN MENDOZA A LA C\u00daPULA MUNICIPALISTA DEL PA\u00cdS - NDP Noticias","robots":{"index":"index","follow":"follow","max-snippet":"max-snippet:-1","max-image-preview":"max-image-preview:large","max-video-preview":"max-video-preview:-1"},"canonical":"https:\/\/ndpnoticias.com.mx\/?p=20526","og_locale":"es_ES","og_type":"article","og_title":"ENTRA YOSELIN MENDOZA A LA C\u00daPULA MUNICIPALISTA DEL PA\u00cdS - NDP Noticias","og_description":"\u2022La alcaldesa de Nicol\u00e1s Romero fue nombrada Secretaria General de AALMAC durante la renovaci\u00f3n de la dirigencia nacional en la Ciudad de M\u00e9xico NICOL\u00c1S ROMERO, M\u00c9X.\u2014 La alcaldesa de Nicol\u00e1s&hellip;","og_url":"https:\/\/ndpnoticias.com.mx\/?p=20526","og_site_name":"NDP Noticias","article_published_time":"2026-04-29T00:37:29+00:00","article_modified_time":"2026-04-29T00:37:31+00:00","og_image":[{"width":1280,"height":720,"url":"https:\/\/ndpnoticias.com.mx\/wp-content\/uploads\/2026\/04\/dbb68ba4-0cb7-4a4a-bc81-ed36b22260ee.jpeg","type":"image\/jpeg"}],"author":"admin","twitter_card":"summary_large_image","twitter_misc":{"Escrito por":"admin","Tiempo de lectura":"2 minutos"},"schema":{"@context":"https:\/\/schema.org","@graph":[{"@type":"Article","@id":"https:\/\/ndpnoticias.com.mx\/?p=20526#article","isPartOf":{"@id":"https:\/\/ndpnoticias.com.mx\/?p=20526"},"author":{"name":"admin","@id":"https:\/\/ndpnoticias.com.mx\/#\/schema\/person\/76f3f372c2bedd0bf44c0c3fb0adc6ca"},"headline":"ENTRA YOSELIN MENDOZA A LA C\u00daPULA MUNICIPALISTA DEL PA\u00cdS","datePublished":"2026-04-29T00:37:29+00:00","dateModified":"2026-04-29T00:37:31+00:00","mainEntityOfPage":{"@id":"https:\/\/ndpnoticias.com.mx\/?p=20526"},"wordCount":381,"commentCount":0,"publisher":{"@id":"https:\/\/ndpnoticias.com.mx\/#organization"},"image":{"@id":"https:\/\/ndpnoticias.com.mx\/?p=20526#primaryimage"},"thumbnailUrl":"https:\/\/ndpnoticias.com.mx\/wp-content\/uploads\/2026\/04\/dbb68ba4-0cb7-4a4a-bc81-ed36b22260ee.jpeg","articleSection":["Nicol\u00e1s Romero"],"inLanguage":"es","potentialAction":[{"@type":"CommentAction","name":"Comment","target":["https:\/\/ndpnoticias.com.mx\/?p=20526#respond"]}]},{"@type":"WebPage","@id":"https:\/\/ndpnoticias.com.mx\/?p=20526","url":"https:\/\/ndpnoticias.com.mx\/?p=20526","name":"ENTRA YOSELIN MENDOZA A LA C\u00daPULA MUNICIPALISTA DEL PA\u00cdS - NDP Noticias","isPartOf":{"@id":"https:\/\/ndpnoticias.com.mx\/#website"},"primaryImageOfPage":{"@id":"https:\/\/ndpnoticias.com.mx\/?p=20526#primaryimage"},"image":{"@id":"https:\/\/ndpnoticias.com.mx\/?p=20526#primaryimage"},"thumbnailUrl":"https:\/\/ndpnoticias.com.mx\/wp-content\/uploads\/2026\/04\/dbb68ba4-0cb7-4a4a-bc81-ed36b22260ee.jpeg","datePublished":"2026-04-29T00:37:29+00:00","dateModified":"2026-04-29T00:37:31+00:00","breadcrumb":{"@id":"https:\/\/ndpnoticias.com.mx\/?p=20526#breadcrumb"},"inLanguage":"es","potentialAction":[{"@type":"ReadAction","target":["https:\/\/ndpnoticias.com.mx\/?p=20526"]}]},{"@type":"ImageObject","inLanguage":"es","@id":"https:\/\/ndpnoticias.com.mx\/?p=20526#primaryimage","url":"https:\/\/ndpnoticias.com.mx\/wp-content\/uploads\/2026\/04\/dbb68ba4-0cb7-4a4a-bc81-ed36b22260ee.jpeg","contentUrl":"https:\/\/ndpnoticias.com.mx\/wp-content\/uploads\/2026\/04\/dbb68ba4-0cb7-4a4a-bc81-ed36b22260ee.jpeg","width":1280,"height":720},{"@type":"BreadcrumbList","@id":"https:\/\/ndpnoticias.com.mx\/?p=20526#breadcrumb","itemListElement":[{"@type":"ListItem","position":1,"name":"Portada","item":"https:\/\/ndpnoticias.com.mx\/"},{"@type":"ListItem","position":2,"name":"ENTRA YOSELIN MENDOZA A LA C\u00daPULA MUNICIPALISTA DEL PA\u00cdS"}]},{"@type":"WebSite","@id":"https:\/\/ndpnoticias.com.mx\/#website","url":"https:\/\/ndpnoticias.com.mx\/","name":"NDP Noticias","description":"","publisher":{"@id":"https:\/\/ndpnoticias.com.mx\/#organization"},"potentialAction":[{"@type":"SearchAction","target":{"@type":"EntryPoint","urlTemplate":"https:\/\/ndpnoticias.com.mx\/?s={search_term_string}"},"query-input":"required name=search_term_string"}],"inLanguage":"es"},{"@type":"Organization","@id":"https:\/\/ndpnoticias.com.mx\/#organization","name":"NDP Noticias","url":"https:\/\/ndpnoticias.com.mx\/","logo":{"@type":"ImageObject","inLanguage":"es","@id":"https:\/\/ndpnoticias.com.mx\/#\/schema\/logo\/image\/","url":"https:\/\/ndpnoticias.com.mx\/wp-content\/uploads\/2024\/01\/cropped-IMG_3802-1.jpeg","contentUrl":"https:\/\/ndpnoticias.com.mx\/wp-content\/uploads\/2024\/01\/cropped-IMG_3802-1.jpeg","width":472,"height":80,"caption":"NDP Noticias"},"image":{"@id":"https:\/\/ndpnoticias.com.mx\/#\/schema\/logo\/image\/"}},{"@type":"Person","@id":"https:\/\/ndpnoticias.com.mx\/#\/schema\/person\/76f3f372c2bedd0bf44c0c3fb0adc6ca","name":"admin","image":{"@type":"ImageObject","inLanguage":"es","@id":"https:\/\/ndpnoticias.com.mx\/#\/schema\/person\/image\/","url":"https:\/\/secure.gravatar.com\/avatar\/76d7e481f585a42e41243c8312642a6f526d9b06cd67b616fc58155ca4786d1a?s=96&d=mm&r=g","contentUrl":"https:\/\/secure.gravatar.com\/avatar\/76d7e481f585a42e41243c8312642a6f526d9b06cd67b616fc58155ca4786d1a?s=96&d=mm&r=g","caption":"admin"},"sameAs":["https:\/\/ndpnoticias.com.mx"],"url":"https:\/\/ndpnoticias.com.mx\/?author=1"}]}},"_links":{"self":[{"href":"https:\/\/ndpnoticias.com.mx\/index.php?rest_route=\/wp\/v2\/posts\/20526","targetHints":{"allow":["GET"]}}],"collection":[{"href":"https:\/\/ndpnoticias.com.mx\/index.php?rest_route=\/wp\/v2\/posts"}],"about":[{"href":"https:\/\/ndpnoticias.com.mx\/index.php?rest_route=\/wp\/v2\/types\/post"}],"author":[{"embeddable":true,"href":"https:\/\/ndpnoticias.com.mx\/index.php?rest_route=\/wp\/v2\/users\/1"}],"replies":[{"embeddable":true,"href":"https:\/\/ndpnoticias.com.mx\/index.php?rest_route=%2Fwp%2Fv2%2Fcomments&post=20526"}],"version-history":[{"count":1,"href":"https:\/\/ndpnoticias.com.mx\/index.php?rest_route=\/wp\/v2\/posts\/20526\/revisions"}],"predecessor-version":[{"id":20529,"href":"https:\/\/ndpnoticias.com.mx\/index.php?rest_route=\/wp\/v2\/posts\/20526\/revisions\/20529"}],"wp:featuredmedia":[{"embeddable":true,"href":"https:\/\/ndpnoticias.com.mx\/index.php?rest_route=\/wp\/v2\/media\/20528"}],"wp:attachment":[{"href":"https:\/\/ndpnoticias.com.mx\/index.php?rest_route=%2Fwp%2Fv2%2Fmedia&parent=20526"}],"wp:term":[{"taxonomy":"category","embeddable":true,"href":"https:\/\/ndpnoticias.com.mx\/index.php?rest_route=%2Fwp%2Fv2%2Fcategories&post=20526"},{"taxonomy":"post_tag","embeddable":true,"href":"https:\/\/ndpnoticias.com.mx\/index.php?rest_route=%2Fwp%2Fv2%2Ftags&post=20526"}],"curies":[{"name":"wp","href":"https:\/\/api.w.org\/{rel}","templated":true}]}}