{"id":20518,"date":"2026-04-28T18:34:32","date_gmt":"2026-04-29T00:34:32","guid":{"rendered":"https:\/\/ndpnoticias.com.mx\/?p=20518"},"modified":"2026-04-28T18:34:35","modified_gmt":"2026-04-29T00:34:35","slug":"coacalco-sale-a-las-calles-por-la-inclusion","status":"publish","type":"post","link":"https:\/\/ndpnoticias.com.mx\/?p=20518","title":{"rendered":"COACALCO SALE A LAS CALLES POR LA INCLUSI\u00d3N"},"content":{"rendered":"\n<p>\u2022M\u00e1s de 13 asociaciones participaron en la caminata por el autismo organizada por el DIF; familias, activistas y ciudadanos recorrieron la avenida 16 de Septiembre hasta el Auditorio Claudio Mu\u00f1oz Franco<\/p>\n\n\n\n<p>COACALCO, M\u00c9X.\u2014 La avenida 16 de Septiembre se convirti\u00f3 en un corredor de inclusi\u00f3n en Coacalco. Familias, colectivos y asociaciones civiles caminaron desde la zona de los Salesianos hasta el Auditorio \u201cClaudio Mu\u00f1oz Franco\u201d para enviar un mensaje de visibilidad y empat\u00eda hacia las personas con autismo y discapacidad.<\/p>\n\n\n\n<p>La segunda caminata por el autismo y la inclusi\u00f3n reuni\u00f3 a m\u00e1s de 13 asociaciones defensoras de los derechos de las personas con discapacidad, adem\u00e1s de madres, padres de familia y ciudadanos que participaron en esta jornada impulsada por el Sistema Municipal DIF Coacalco.<\/p>\n\n\n\n<p>Durante el acto protocolario, el director del DIF, Erubey Espinoza Castillo, acudi\u00f3 en representaci\u00f3n de la presidenta del organismo, Mar\u00eda de Lourdes Gonz\u00e1lez Ocampo, y asegur\u00f3 que la movilizaci\u00f3n simboliza un avance real hacia una sociedad m\u00e1s incluyente.<\/p>\n\n\n\n<p>Adem\u00e1s, transmiti\u00f3 el mensaje de la presidenta del DIF, quien reiter\u00f3 que la instituci\u00f3n mantiene el compromiso de impulsar acciones dirigidas a los sectores que requieren mayor atenci\u00f3n y acompa\u00f1amiento.<\/p>\n\n\n\n<p>Uno de los momentos m\u00e1s significativos ocurri\u00f3 con la participaci\u00f3n del presidente de la Fundaci\u00f3n Yanko Dari\u00e9n, Yanko Dari\u00e9n, quien reconoci\u00f3 p\u00fablicamente el trabajo del DIF municipal para visibilizar a las personas con discapacidad, particularmente a quienes viven con autismo.<\/p>\n\n\n\n<p>En su intervenci\u00f3n, tambi\u00e9n destac\u00f3 el esfuerzo cotidiano de madres y padres que enfrentan m\u00faltiples desaf\u00edos para garantizar bienestar, cari\u00f1o y oportunidades de desarrollo para sus hijos.<\/p>\n\n\n\n<p>La jornada concluy\u00f3 con actividades art\u00edsticas organizadas con motivo del D\u00eda del Ni\u00f1o y un bazar donde asociaciones y familias ofrecieron distintos productos y servicios, en un ambiente de convivencia que reuni\u00f3 a decenas de asistentes en la Cabecera Municipal.<\/p>\n\n\n\n<figure class=\"wp-block-image size-large\"><img loading=\"lazy\" decoding=\"async\" width=\"1024\" height=\"682\" src=\"https:\/\/ndpnoticias.com.mx\/wp-content\/uploads\/2026\/04\/24d4803d-1d5d-4e55-995d-338f235dab20-1024x682.jpeg\" alt=\"\" class=\"wp-image-20519\" srcset=\"https:\/\/ndpnoticias.com.mx\/wp-content\/uploads\/2026\/04\/24d4803d-1d5d-4e55-995d-338f235dab20-1024x682.jpeg 1024w, https:\/\/ndpnoticias.com.mx\/wp-content\/uploads\/2026\/04\/24d4803d-1d5d-4e55-995d-338f235dab20-300x200.jpeg 300w, https:\/\/ndpnoticias.com.mx\/wp-content\/uploads\/2026\/04\/24d4803d-1d5d-4e55-995d-338f235dab20-768x512.jpeg 768w, https:\/\/ndpnoticias.com.mx\/wp-content\/uploads\/2026\/04\/24d4803d-1d5d-4e55-995d-338f235dab20-1536x1023.jpeg 1536w, https:\/\/ndpnoticias.com.mx\/wp-content\/uploads\/2026\/04\/24d4803d-1d5d-4e55-995d-338f235dab20-600x400.jpeg 600w, https:\/\/ndpnoticias.com.mx\/wp-content\/uploads\/2026\/04\/24d4803d-1d5d-4e55-995d-338f235dab20.jpeg 1600w\" sizes=\"auto, (max-width: 1024px) 100vw, 1024px\" \/><\/figure>\n","protected":false},"excerpt":{"rendered":"<p>\u2022M\u00e1s de 13 asociaciones participaron en la caminata por el autismo organizada por el DIF; familias, activistas y ciudadanos recorrieron la avenida 16 de Septiembre hasta el Auditorio Claudio Mu\u00f1oz&hellip; <\/p>\n","protected":false},"author":1,"featured_media":20520,"comment_status":"open","ping_status":"closed","sticky":false,"template":"","format":"standard","meta":{"footnotes":""},"categories":[32],"tags":[],"class_list":["post-20518","post","type-post","status-publish","format-standard","has-post-thumbnail","hentry","category-coacalco"],"yoast_head":"<!-- This site is optimized with the Yoast SEO plugin v22.9 - https:\/\/yoast.com\/wordpress\/plugins\/seo\/ -->\n<title>COACALCO SALE A LAS CALLES POR LA INCLUSI\u00d3N - NDP Noticias<\/title>\n<meta name=\"robots\" content=\"index, follow, max-snippet:-1, max-image-preview:large, max-video-preview:-1\" \/>\n<link rel=\"canonical\" href=\"https:\/\/ndpnoticias.com.mx\/?p=20518\" \/>\n<meta property=\"og:locale\" content=\"es_ES\" \/>\n<meta property=\"og:type\" content=\"article\" \/>\n<meta property=\"og:title\" content=\"COACALCO SALE A LAS CALLES POR LA INCLUSI\u00d3N - NDP Noticias\" \/>\n<meta property=\"og:description\" content=\"\u2022M\u00e1s de 13 asociaciones participaron en la caminata por el autismo organizada por el DIF; familias, activistas y ciudadanos recorrieron la avenida 16 de Septiembre hasta el Auditorio Claudio Mu\u00f1oz&hellip;\" \/>\n<meta property=\"og:url\" content=\"https:\/\/ndpnoticias.com.mx\/?p=20518\" \/>\n<meta property=\"og:site_name\" content=\"NDP Noticias\" \/>\n<meta property=\"article:published_time\" content=\"2026-04-29T00:34:32+00:00\" \/>\n<meta property=\"article:modified_time\" content=\"2026-04-29T00:34:35+00:00\" \/>\n<meta property=\"og:image\" content=\"https:\/\/ndpnoticias.com.mx\/wp-content\/uploads\/2026\/04\/dace2ec6-d1a6-4930-becc-cfbbc9039776.jpeg\" \/>\n\t<meta property=\"og:image:width\" content=\"1600\" \/>\n\t<meta property=\"og:image:height\" content=\"1066\" \/>\n\t<meta property=\"og:image:type\" content=\"image\/jpeg\" \/>\n<meta name=\"author\" content=\"admin\" \/>\n<meta name=\"twitter:card\" content=\"summary_large_image\" \/>\n<meta name=\"twitter:label1\" content=\"Escrito por\" \/>\n\t<meta name=\"twitter:data1\" content=\"admin\" \/>\n\t<meta name=\"twitter:label2\" content=\"Tiempo de lectura\" \/>\n\t<meta name=\"twitter:data2\" content=\"2 minutos\" \/>\n<script type=\"application\/ld+json\" class=\"yoast-schema-graph\">{\"@context\":\"https:\/\/schema.org\",\"@graph\":[{\"@type\":\"Article\",\"@id\":\"https:\/\/ndpnoticias.com.mx\/?p=20518#article\",\"isPartOf\":{\"@id\":\"https:\/\/ndpnoticias.com.mx\/?p=20518\"},\"author\":{\"name\":\"admin\",\"@id\":\"https:\/\/ndpnoticias.com.mx\/#\/schema\/person\/76f3f372c2bedd0bf44c0c3fb0adc6ca\"},\"headline\":\"COACALCO SALE A LAS CALLES POR LA INCLUSI\u00d3N\",\"datePublished\":\"2026-04-29T00:34:32+00:00\",\"dateModified\":\"2026-04-29T00:34:35+00:00\",\"mainEntityOfPage\":{\"@id\":\"https:\/\/ndpnoticias.com.mx\/?p=20518\"},\"wordCount\":336,\"commentCount\":0,\"publisher\":{\"@id\":\"https:\/\/ndpnoticias.com.mx\/#organization\"},\"image\":{\"@id\":\"https:\/\/ndpnoticias.com.mx\/?p=20518#primaryimage\"},\"thumbnailUrl\":\"https:\/\/ndpnoticias.com.mx\/wp-content\/uploads\/2026\/04\/dace2ec6-d1a6-4930-becc-cfbbc9039776.jpeg\",\"articleSection\":[\"Coacalco\"],\"inLanguage\":\"es\",\"potentialAction\":[{\"@type\":\"CommentAction\",\"name\":\"Comment\",\"target\":[\"https:\/\/ndpnoticias.com.mx\/?p=20518#respond\"]}]},{\"@type\":\"WebPage\",\"@id\":\"https:\/\/ndpnoticias.com.mx\/?p=20518\",\"url\":\"https:\/\/ndpnoticias.com.mx\/?p=20518\",\"name\":\"COACALCO SALE A LAS CALLES POR LA INCLUSI\u00d3N - NDP Noticias\",\"isPartOf\":{\"@id\":\"https:\/\/ndpnoticias.com.mx\/#website\"},\"primaryImageOfPage\":{\"@id\":\"https:\/\/ndpnoticias.com.mx\/?p=20518#primaryimage\"},\"image\":{\"@id\":\"https:\/\/ndpnoticias.com.mx\/?p=20518#primaryimage\"},\"thumbnailUrl\":\"https:\/\/ndpnoticias.com.mx\/wp-content\/uploads\/2026\/04\/dace2ec6-d1a6-4930-becc-cfbbc9039776.jpeg\",\"datePublished\":\"2026-04-29T00:34:32+00:00\",\"dateModified\":\"2026-04-29T00:34:35+00:00\",\"breadcrumb\":{\"@id\":\"https:\/\/ndpnoticias.com.mx\/?p=20518#breadcrumb\"},\"inLanguage\":\"es\",\"potentialAction\":[{\"@type\":\"ReadAction\",\"target\":[\"https:\/\/ndpnoticias.com.mx\/?p=20518\"]}]},{\"@type\":\"ImageObject\",\"inLanguage\":\"es\",\"@id\":\"https:\/\/ndpnoticias.com.mx\/?p=20518#primaryimage\",\"url\":\"https:\/\/ndpnoticias.com.mx\/wp-content\/uploads\/2026\/04\/dace2ec6-d1a6-4930-becc-cfbbc9039776.jpeg\",\"contentUrl\":\"https:\/\/ndpnoticias.com.mx\/wp-content\/uploads\/2026\/04\/dace2ec6-d1a6-4930-becc-cfbbc9039776.jpeg\",\"width\":1600,\"height\":1066},{\"@type\":\"BreadcrumbList\",\"@id\":\"https:\/\/ndpnoticias.com.mx\/?p=20518#breadcrumb\",\"itemListElement\":[{\"@type\":\"ListItem\",\"position\":1,\"name\":\"Portada\",\"item\":\"https:\/\/ndpnoticias.com.mx\/\"},{\"@type\":\"ListItem\",\"position\":2,\"name\":\"COACALCO SALE A LAS CALLES POR LA INCLUSI\u00d3N\"}]},{\"@type\":\"WebSite\",\"@id\":\"https:\/\/ndpnoticias.com.mx\/#website\",\"url\":\"https:\/\/ndpnoticias.com.mx\/\",\"name\":\"NDP Noticias\",\"description\":\"\",\"publisher\":{\"@id\":\"https:\/\/ndpnoticias.com.mx\/#organization\"},\"potentialAction\":[{\"@type\":\"SearchAction\",\"target\":{\"@type\":\"EntryPoint\",\"urlTemplate\":\"https:\/\/ndpnoticias.com.mx\/?s={search_term_string}\"},\"query-input\":\"required name=search_term_string\"}],\"inLanguage\":\"es\"},{\"@type\":\"Organization\",\"@id\":\"https:\/\/ndpnoticias.com.mx\/#organization\",\"name\":\"NDP Noticias\",\"url\":\"https:\/\/ndpnoticias.com.mx\/\",\"logo\":{\"@type\":\"ImageObject\",\"inLanguage\":\"es\",\"@id\":\"https:\/\/ndpnoticias.com.mx\/#\/schema\/logo\/image\/\",\"url\":\"https:\/\/ndpnoticias.com.mx\/wp-content\/uploads\/2024\/01\/cropped-IMG_3802-1.jpeg\",\"contentUrl\":\"https:\/\/ndpnoticias.com.mx\/wp-content\/uploads\/2024\/01\/cropped-IMG_3802-1.jpeg\",\"width\":472,\"height\":80,\"caption\":\"NDP Noticias\"},\"image\":{\"@id\":\"https:\/\/ndpnoticias.com.mx\/#\/schema\/logo\/image\/\"}},{\"@type\":\"Person\",\"@id\":\"https:\/\/ndpnoticias.com.mx\/#\/schema\/person\/76f3f372c2bedd0bf44c0c3fb0adc6ca\",\"name\":\"admin\",\"image\":{\"@type\":\"ImageObject\",\"inLanguage\":\"es\",\"@id\":\"https:\/\/ndpnoticias.com.mx\/#\/schema\/person\/image\/\",\"url\":\"https:\/\/secure.gravatar.com\/avatar\/76d7e481f585a42e41243c8312642a6f526d9b06cd67b616fc58155ca4786d1a?s=96&d=mm&r=g\",\"contentUrl\":\"https:\/\/secure.gravatar.com\/avatar\/76d7e481f585a42e41243c8312642a6f526d9b06cd67b616fc58155ca4786d1a?s=96&d=mm&r=g\",\"caption\":\"admin\"},\"sameAs\":[\"https:\/\/ndpnoticias.com.mx\"],\"url\":\"https:\/\/ndpnoticias.com.mx\/?author=1\"}]}<\/script>\n<!-- \/ Yoast SEO plugin. -->","yoast_head_json":{"title":"COACALCO SALE A LAS CALLES POR LA INCLUSI\u00d3N - NDP Noticias","robots":{"index":"index","follow":"follow","max-snippet":"max-snippet:-1","max-image-preview":"max-image-preview:large","max-video-preview":"max-video-preview:-1"},"canonical":"https:\/\/ndpnoticias.com.mx\/?p=20518","og_locale":"es_ES","og_type":"article","og_title":"COACALCO SALE A LAS CALLES POR LA INCLUSI\u00d3N - NDP Noticias","og_description":"\u2022M\u00e1s de 13 asociaciones participaron en la caminata por el autismo organizada por el DIF; familias, activistas y ciudadanos recorrieron la avenida 16 de Septiembre hasta el Auditorio Claudio Mu\u00f1oz&hellip;","og_url":"https:\/\/ndpnoticias.com.mx\/?p=20518","og_site_name":"NDP Noticias","article_published_time":"2026-04-29T00:34:32+00:00","article_modified_time":"2026-04-29T00:34:35+00:00","og_image":[{"width":1600,"height":1066,"url":"https:\/\/ndpnoticias.com.mx\/wp-content\/uploads\/2026\/04\/dace2ec6-d1a6-4930-becc-cfbbc9039776.jpeg","type":"image\/jpeg"}],"author":"admin","twitter_card":"summary_large_image","twitter_misc":{"Escrito por":"admin","Tiempo de lectura":"2 minutos"},"schema":{"@context":"https:\/\/schema.org","@graph":[{"@type":"Article","@id":"https:\/\/ndpnoticias.com.mx\/?p=20518#article","isPartOf":{"@id":"https:\/\/ndpnoticias.com.mx\/?p=20518"},"author":{"name":"admin","@id":"https:\/\/ndpnoticias.com.mx\/#\/schema\/person\/76f3f372c2bedd0bf44c0c3fb0adc6ca"},"headline":"COACALCO SALE A LAS CALLES POR LA INCLUSI\u00d3N","datePublished":"2026-04-29T00:34:32+00:00","dateModified":"2026-04-29T00:34:35+00:00","mainEntityOfPage":{"@id":"https:\/\/ndpnoticias.com.mx\/?p=20518"},"wordCount":336,"commentCount":0,"publisher":{"@id":"https:\/\/ndpnoticias.com.mx\/#organization"},"image":{"@id":"https:\/\/ndpnoticias.com.mx\/?p=20518#primaryimage"},"thumbnailUrl":"https:\/\/ndpnoticias.com.mx\/wp-content\/uploads\/2026\/04\/dace2ec6-d1a6-4930-becc-cfbbc9039776.jpeg","articleSection":["Coacalco"],"inLanguage":"es","potentialAction":[{"@type":"CommentAction","name":"Comment","target":["https:\/\/ndpnoticias.com.mx\/?p=20518#respond"]}]},{"@type":"WebPage","@id":"https:\/\/ndpnoticias.com.mx\/?p=20518","url":"https:\/\/ndpnoticias.com.mx\/?p=20518","name":"COACALCO SALE A LAS CALLES POR LA INCLUSI\u00d3N - NDP Noticias","isPartOf":{"@id":"https:\/\/ndpnoticias.com.mx\/#website"},"primaryImageOfPage":{"@id":"https:\/\/ndpnoticias.com.mx\/?p=20518#primaryimage"},"image":{"@id":"https:\/\/ndpnoticias.com.mx\/?p=20518#primaryimage"},"thumbnailUrl":"https:\/\/ndpnoticias.com.mx\/wp-content\/uploads\/2026\/04\/dace2ec6-d1a6-4930-becc-cfbbc9039776.jpeg","datePublished":"2026-04-29T00:34:32+00:00","dateModified":"2026-04-29T00:34:35+00:00","breadcrumb":{"@id":"https:\/\/ndpnoticias.com.mx\/?p=20518#breadcrumb"},"inLanguage":"es","potentialAction":[{"@type":"ReadAction","target":["https:\/\/ndpnoticias.com.mx\/?p=20518"]}]},{"@type":"ImageObject","inLanguage":"es","@id":"https:\/\/ndpnoticias.com.mx\/?p=20518#primaryimage","url":"https:\/\/ndpnoticias.com.mx\/wp-content\/uploads\/2026\/04\/dace2ec6-d1a6-4930-becc-cfbbc9039776.jpeg","contentUrl":"https:\/\/ndpnoticias.com.mx\/wp-content\/uploads\/2026\/04\/dace2ec6-d1a6-4930-becc-cfbbc9039776.jpeg","width":1600,"height":1066},{"@type":"BreadcrumbList","@id":"https:\/\/ndpnoticias.com.mx\/?p=20518#breadcrumb","itemListElement":[{"@type":"ListItem","position":1,"name":"Portada","item":"https:\/\/ndpnoticias.com.mx\/"},{"@type":"ListItem","position":2,"name":"COACALCO SALE A LAS CALLES POR LA INCLUSI\u00d3N"}]},{"@type":"WebSite","@id":"https:\/\/ndpnoticias.com.mx\/#website","url":"https:\/\/ndpnoticias.com.mx\/","name":"NDP Noticias","description":"","publisher":{"@id":"https:\/\/ndpnoticias.com.mx\/#organization"},"potentialAction":[{"@type":"SearchAction","target":{"@type":"EntryPoint","urlTemplate":"https:\/\/ndpnoticias.com.mx\/?s={search_term_string}"},"query-input":"required name=search_term_string"}],"inLanguage":"es"},{"@type":"Organization","@id":"https:\/\/ndpnoticias.com.mx\/#organization","name":"NDP Noticias","url":"https:\/\/ndpnoticias.com.mx\/","logo":{"@type":"ImageObject","inLanguage":"es","@id":"https:\/\/ndpnoticias.com.mx\/#\/schema\/logo\/image\/","url":"https:\/\/ndpnoticias.com.mx\/wp-content\/uploads\/2024\/01\/cropped-IMG_3802-1.jpeg","contentUrl":"https:\/\/ndpnoticias.com.mx\/wp-content\/uploads\/2024\/01\/cropped-IMG_3802-1.jpeg","width":472,"height":80,"caption":"NDP Noticias"},"image":{"@id":"https:\/\/ndpnoticias.com.mx\/#\/schema\/logo\/image\/"}},{"@type":"Person","@id":"https:\/\/ndpnoticias.com.mx\/#\/schema\/person\/76f3f372c2bedd0bf44c0c3fb0adc6ca","name":"admin","image":{"@type":"ImageObject","inLanguage":"es","@id":"https:\/\/ndpnoticias.com.mx\/#\/schema\/person\/image\/","url":"https:\/\/secure.gravatar.com\/avatar\/76d7e481f585a42e41243c8312642a6f526d9b06cd67b616fc58155ca4786d1a?s=96&d=mm&r=g","contentUrl":"https:\/\/secure.gravatar.com\/avatar\/76d7e481f585a42e41243c8312642a6f526d9b06cd67b616fc58155ca4786d1a?s=96&d=mm&r=g","caption":"admin"},"sameAs":["https:\/\/ndpnoticias.com.mx"],"url":"https:\/\/ndpnoticias.com.mx\/?author=1"}]}},"_links":{"self":[{"href":"https:\/\/ndpnoticias.com.mx\/index.php?rest_route=\/wp\/v2\/posts\/20518","targetHints":{"allow":["GET"]}}],"collection":[{"href":"https:\/\/ndpnoticias.com.mx\/index.php?rest_route=\/wp\/v2\/posts"}],"about":[{"href":"https:\/\/ndpnoticias.com.mx\/index.php?rest_route=\/wp\/v2\/types\/post"}],"author":[{"embeddable":true,"href":"https:\/\/ndpnoticias.com.mx\/index.php?rest_route=\/wp\/v2\/users\/1"}],"replies":[{"embeddable":true,"href":"https:\/\/ndpnoticias.com.mx\/index.php?rest_route=%2Fwp%2Fv2%2Fcomments&post=20518"}],"version-history":[{"count":1,"href":"https:\/\/ndpnoticias.com.mx\/index.php?rest_route=\/wp\/v2\/posts\/20518\/revisions"}],"predecessor-version":[{"id":20521,"href":"https:\/\/ndpnoticias.com.mx\/index.php?rest_route=\/wp\/v2\/posts\/20518\/revisions\/20521"}],"wp:featuredmedia":[{"embeddable":true,"href":"https:\/\/ndpnoticias.com.mx\/index.php?rest_route=\/wp\/v2\/media\/20520"}],"wp:attachment":[{"href":"https:\/\/ndpnoticias.com.mx\/index.php?rest_route=%2Fwp%2Fv2%2Fmedia&parent=20518"}],"wp:term":[{"taxonomy":"category","embeddable":true,"href":"https:\/\/ndpnoticias.com.mx\/index.php?rest_route=%2Fwp%2Fv2%2Fcategories&post=20518"},{"taxonomy":"post_tag","embeddable":true,"href":"https:\/\/ndpnoticias.com.mx\/index.php?rest_route=%2Fwp%2Fv2%2Ftags&post=20518"}],"curies":[{"name":"wp","href":"https:\/\/api.w.org\/{rel}","templated":true}]}}