{"id":20470,"date":"2026-04-26T16:15:30","date_gmt":"2026-04-26T22:15:30","guid":{"rendered":"https:\/\/ndpnoticias.com.mx\/?p=20470"},"modified":"2026-04-26T16:15:32","modified_gmt":"2026-04-26T22:15:32","slug":"inauguran-sheinbaum-y-delfina-gomez-suburbano-al-aifa-viajes-mas-rapidos-y-baratos","status":"publish","type":"post","link":"https:\/\/ndpnoticias.com.mx\/?p=20470","title":{"rendered":"INAUGURAN SHEINBAUM Y DELFINA G\u00d3MEZ SUBURBANO AL AIFA: VIAJES M\u00c1S R\u00c1PIDOS Y BARATOS"},"content":{"rendered":"\n<p>\u2022El nuevo ramal Buenavista-AIFA mover\u00e1 a m\u00e1s de 82 mil pasajeros diarios; tarifa inicial de 45 pesos y conexi\u00f3n clave rumbo a evento mundial de futbol<\/p>\n\n\n\n<p>ZUMPANGO, M\u00c9X.\u2014 El trayecto entre la Ciudad de M\u00e9xico y el Aeropuerto Internacional Felipe \u00c1ngeles dej\u00f3 de ser una apuesta incierta: desde ahora, el Tren Suburbano \u201cFelipe \u00c1ngeles\u201d opera con una ruta directa que promete movilizar a m\u00e1s de 82 mil pasajeros cada d\u00eda en la Zona Metropolitana del Valle de M\u00e9xico.<\/p>\n\n\n\n<p>La Presidenta Claudia Sheinbaum Pardo y la gobernadora Delfina G\u00f3mez \u00c1lvarez encabezaron la inauguraci\u00f3n del tramo AIFA-Lecher\u00eda, pieza central de un sistema ferroviario de 41 kil\u00f3metros que busca reordenar la movilidad regional. Tan solo este ramal cubre 22.94 kil\u00f3metros y conecta seis estaciones con una terminal estrat\u00e9gica.<\/p>\n\n\n\n<p>\u201cEl Tren Felipe \u00c1ngeles es un impulso decisivo para transformar el Estado de M\u00e9xico; acerca oportunidades, reduce distancias y mejora la vida de miles de mexiquenses\u201d, afirm\u00f3 Delfina G\u00f3mez, al subrayar que el proyecto trasciende lo t\u00e9cnico para convertirse en una herramienta de desarrollo y justicia social.<\/p>\n\n\n\n<p>El servicio arranca con una tarifa promocional de 45 pesos desde cualquier estaci\u00f3n hacia el AIFA \u2014y 11.50 pesos en tramos intermedios\u2014 durante su primer mes. Los horarios cubren pr\u00e1cticamente todo el d\u00eda: de lunes a viernes de 5:00 a 00:00 horas; s\u00e1bados de 6:00 a 00:00; y domingos y d\u00edas festivos de 7:00 a 00:00.<\/p>\n\n\n\n<p>La operaci\u00f3n contempla 10 trenes con capacidad para 719 pasajeros cada uno, atendidos por 24 conductores especializados. En horas de alta demanda, los convoyes podr\u00e1n acoplarse para transportar hasta mil 400 usuarios, reforzando la capacidad ante picos de movilidad.<\/p>\n\n\n\n<p>M\u00e1s all\u00e1 de cifras, el impacto se mide en territorio: municipios como Tultitl\u00e1n, Tultepec, Nextlalpan y Zumpango, as\u00ed como comunidades hist\u00f3ricamente rezagadas como Jaltocan \u2014de origen otom\u00ed\u2014, tendr\u00e1n por primera vez acceso a un sistema de transporte masivo con est\u00e1ndares modernos.<\/p>\n\n\n\n<p>El nuevo corredor tambi\u00e9n se perfila como pieza log\u00edstica ante la pr\u00f3xima justa internacional de futbol, al facilitar el arribo de visitantes al AIFA. \u201cEste segundo piso de la transformaci\u00f3n se vive en todo el territorio\u201d, sostuvo la mandataria mexiquense.<\/p>\n\n\n\n<p>Al acto acudieron, entre otros, Clara Brugada Molina, jefa de Gobierno de la Ciudad de M\u00e9xico; Julio Menchaca, gobernador de Hidalgo; Rosa Icela Rodr\u00edguez, secretaria de Gobernaci\u00f3n; y mandos federales responsables de infraestructura, defensa y transporte, en lo que fue presentado como uno de los proyectos insignia del \u201cA\u00f1o de las Obras 2026\u201d en la entidad.<\/p>\n\n\n\n<figure class=\"wp-block-image size-large\"><img loading=\"lazy\" decoding=\"async\" width=\"1024\" height=\"683\" src=\"https:\/\/ndpnoticias.com.mx\/wp-content\/uploads\/2026\/04\/15059ecf-e8a4-490d-8826-b10cc822749a-1024x683.jpeg\" alt=\"\" class=\"wp-image-20471\" srcset=\"https:\/\/ndpnoticias.com.mx\/wp-content\/uploads\/2026\/04\/15059ecf-e8a4-490d-8826-b10cc822749a-1024x683.jpeg 1024w, https:\/\/ndpnoticias.com.mx\/wp-content\/uploads\/2026\/04\/15059ecf-e8a4-490d-8826-b10cc822749a-300x200.jpeg 300w, https:\/\/ndpnoticias.com.mx\/wp-content\/uploads\/2026\/04\/15059ecf-e8a4-490d-8826-b10cc822749a-768x512.jpeg 768w, https:\/\/ndpnoticias.com.mx\/wp-content\/uploads\/2026\/04\/15059ecf-e8a4-490d-8826-b10cc822749a-600x400.jpeg 600w, https:\/\/ndpnoticias.com.mx\/wp-content\/uploads\/2026\/04\/15059ecf-e8a4-490d-8826-b10cc822749a.jpeg 1280w\" sizes=\"auto, (max-width: 1024px) 100vw, 1024px\" \/><\/figure>\n","protected":false},"excerpt":{"rendered":"<p>\u2022El nuevo ramal Buenavista-AIFA mover\u00e1 a m\u00e1s de 82 mil pasajeros diarios; tarifa inicial de 45 pesos y conexi\u00f3n clave rumbo a evento mundial de futbol ZUMPANGO, M\u00c9X.\u2014 El trayecto&hellip; <\/p>\n","protected":false},"author":1,"featured_media":20472,"comment_status":"open","ping_status":"closed","sticky":false,"template":"","format":"standard","meta":{"footnotes":""},"categories":[20,19],"tags":[],"class_list":["post-20470","post","type-post","status-publish","format-standard","has-post-thumbnail","hentry","category-destacadas","category-gem"],"yoast_head":"<!-- This site is optimized with the Yoast SEO plugin v22.9 - https:\/\/yoast.com\/wordpress\/plugins\/seo\/ -->\n<title>INAUGURAN SHEINBAUM Y DELFINA G\u00d3MEZ SUBURBANO AL AIFA: VIAJES M\u00c1S R\u00c1PIDOS Y BARATOS - NDP Noticias<\/title>\n<meta name=\"robots\" content=\"index, follow, max-snippet:-1, max-image-preview:large, max-video-preview:-1\" \/>\n<link rel=\"canonical\" href=\"https:\/\/ndpnoticias.com.mx\/?p=20470\" \/>\n<meta property=\"og:locale\" content=\"es_ES\" \/>\n<meta property=\"og:type\" content=\"article\" \/>\n<meta property=\"og:title\" content=\"INAUGURAN SHEINBAUM Y DELFINA G\u00d3MEZ SUBURBANO AL AIFA: VIAJES M\u00c1S R\u00c1PIDOS Y BARATOS - NDP Noticias\" \/>\n<meta property=\"og:description\" content=\"\u2022El nuevo ramal Buenavista-AIFA mover\u00e1 a m\u00e1s de 82 mil pasajeros diarios; tarifa inicial de 45 pesos y conexi\u00f3n clave rumbo a evento mundial de futbol ZUMPANGO, M\u00c9X.\u2014 El trayecto&hellip;\" \/>\n<meta property=\"og:url\" content=\"https:\/\/ndpnoticias.com.mx\/?p=20470\" \/>\n<meta property=\"og:site_name\" content=\"NDP Noticias\" \/>\n<meta property=\"article:published_time\" content=\"2026-04-26T22:15:30+00:00\" \/>\n<meta property=\"article:modified_time\" content=\"2026-04-26T22:15:32+00:00\" \/>\n<meta property=\"og:image\" content=\"https:\/\/ndpnoticias.com.mx\/wp-content\/uploads\/2026\/04\/6cabbce0-4dc5-4244-98c1-7419f3ee0e3f.jpeg\" \/>\n\t<meta property=\"og:image:width\" content=\"1600\" \/>\n\t<meta property=\"og:image:height\" content=\"900\" \/>\n\t<meta property=\"og:image:type\" content=\"image\/jpeg\" \/>\n<meta name=\"author\" content=\"admin\" \/>\n<meta name=\"twitter:card\" content=\"summary_large_image\" \/>\n<meta name=\"twitter:label1\" content=\"Escrito por\" \/>\n\t<meta name=\"twitter:data1\" content=\"admin\" \/>\n\t<meta name=\"twitter:label2\" content=\"Tiempo de lectura\" \/>\n\t<meta name=\"twitter:data2\" content=\"3 minutos\" \/>\n<script type=\"application\/ld+json\" class=\"yoast-schema-graph\">{\"@context\":\"https:\/\/schema.org\",\"@graph\":[{\"@type\":\"Article\",\"@id\":\"https:\/\/ndpnoticias.com.mx\/?p=20470#article\",\"isPartOf\":{\"@id\":\"https:\/\/ndpnoticias.com.mx\/?p=20470\"},\"author\":{\"name\":\"admin\",\"@id\":\"https:\/\/ndpnoticias.com.mx\/#\/schema\/person\/76f3f372c2bedd0bf44c0c3fb0adc6ca\"},\"headline\":\"INAUGURAN SHEINBAUM Y DELFINA G\u00d3MEZ SUBURBANO AL AIFA: VIAJES M\u00c1S R\u00c1PIDOS Y BARATOS\",\"datePublished\":\"2026-04-26T22:15:30+00:00\",\"dateModified\":\"2026-04-26T22:15:32+00:00\",\"mainEntityOfPage\":{\"@id\":\"https:\/\/ndpnoticias.com.mx\/?p=20470\"},\"wordCount\":438,\"commentCount\":0,\"publisher\":{\"@id\":\"https:\/\/ndpnoticias.com.mx\/#organization\"},\"image\":{\"@id\":\"https:\/\/ndpnoticias.com.mx\/?p=20470#primaryimage\"},\"thumbnailUrl\":\"https:\/\/ndpnoticias.com.mx\/wp-content\/uploads\/2026\/04\/6cabbce0-4dc5-4244-98c1-7419f3ee0e3f.jpeg\",\"articleSection\":[\"Destacadas\",\"GEM\"],\"inLanguage\":\"es\",\"potentialAction\":[{\"@type\":\"CommentAction\",\"name\":\"Comment\",\"target\":[\"https:\/\/ndpnoticias.com.mx\/?p=20470#respond\"]}]},{\"@type\":\"WebPage\",\"@id\":\"https:\/\/ndpnoticias.com.mx\/?p=20470\",\"url\":\"https:\/\/ndpnoticias.com.mx\/?p=20470\",\"name\":\"INAUGURAN SHEINBAUM Y DELFINA G\u00d3MEZ SUBURBANO AL AIFA: VIAJES M\u00c1S R\u00c1PIDOS Y BARATOS - NDP Noticias\",\"isPartOf\":{\"@id\":\"https:\/\/ndpnoticias.com.mx\/#website\"},\"primaryImageOfPage\":{\"@id\":\"https:\/\/ndpnoticias.com.mx\/?p=20470#primaryimage\"},\"image\":{\"@id\":\"https:\/\/ndpnoticias.com.mx\/?p=20470#primaryimage\"},\"thumbnailUrl\":\"https:\/\/ndpnoticias.com.mx\/wp-content\/uploads\/2026\/04\/6cabbce0-4dc5-4244-98c1-7419f3ee0e3f.jpeg\",\"datePublished\":\"2026-04-26T22:15:30+00:00\",\"dateModified\":\"2026-04-26T22:15:32+00:00\",\"breadcrumb\":{\"@id\":\"https:\/\/ndpnoticias.com.mx\/?p=20470#breadcrumb\"},\"inLanguage\":\"es\",\"potentialAction\":[{\"@type\":\"ReadAction\",\"target\":[\"https:\/\/ndpnoticias.com.mx\/?p=20470\"]}]},{\"@type\":\"ImageObject\",\"inLanguage\":\"es\",\"@id\":\"https:\/\/ndpnoticias.com.mx\/?p=20470#primaryimage\",\"url\":\"https:\/\/ndpnoticias.com.mx\/wp-content\/uploads\/2026\/04\/6cabbce0-4dc5-4244-98c1-7419f3ee0e3f.jpeg\",\"contentUrl\":\"https:\/\/ndpnoticias.com.mx\/wp-content\/uploads\/2026\/04\/6cabbce0-4dc5-4244-98c1-7419f3ee0e3f.jpeg\",\"width\":1600,\"height\":900},{\"@type\":\"BreadcrumbList\",\"@id\":\"https:\/\/ndpnoticias.com.mx\/?p=20470#breadcrumb\",\"itemListElement\":[{\"@type\":\"ListItem\",\"position\":1,\"name\":\"Portada\",\"item\":\"https:\/\/ndpnoticias.com.mx\/\"},{\"@type\":\"ListItem\",\"position\":2,\"name\":\"INAUGURAN SHEINBAUM Y DELFINA G\u00d3MEZ SUBURBANO AL AIFA: VIAJES M\u00c1S R\u00c1PIDOS Y BARATOS\"}]},{\"@type\":\"WebSite\",\"@id\":\"https:\/\/ndpnoticias.com.mx\/#website\",\"url\":\"https:\/\/ndpnoticias.com.mx\/\",\"name\":\"NDP Noticias\",\"description\":\"\",\"publisher\":{\"@id\":\"https:\/\/ndpnoticias.com.mx\/#organization\"},\"potentialAction\":[{\"@type\":\"SearchAction\",\"target\":{\"@type\":\"EntryPoint\",\"urlTemplate\":\"https:\/\/ndpnoticias.com.mx\/?s={search_term_string}\"},\"query-input\":\"required name=search_term_string\"}],\"inLanguage\":\"es\"},{\"@type\":\"Organization\",\"@id\":\"https:\/\/ndpnoticias.com.mx\/#organization\",\"name\":\"NDP Noticias\",\"url\":\"https:\/\/ndpnoticias.com.mx\/\",\"logo\":{\"@type\":\"ImageObject\",\"inLanguage\":\"es\",\"@id\":\"https:\/\/ndpnoticias.com.mx\/#\/schema\/logo\/image\/\",\"url\":\"https:\/\/ndpnoticias.com.mx\/wp-content\/uploads\/2024\/01\/cropped-IMG_3802-1.jpeg\",\"contentUrl\":\"https:\/\/ndpnoticias.com.mx\/wp-content\/uploads\/2024\/01\/cropped-IMG_3802-1.jpeg\",\"width\":472,\"height\":80,\"caption\":\"NDP Noticias\"},\"image\":{\"@id\":\"https:\/\/ndpnoticias.com.mx\/#\/schema\/logo\/image\/\"}},{\"@type\":\"Person\",\"@id\":\"https:\/\/ndpnoticias.com.mx\/#\/schema\/person\/76f3f372c2bedd0bf44c0c3fb0adc6ca\",\"name\":\"admin\",\"image\":{\"@type\":\"ImageObject\",\"inLanguage\":\"es\",\"@id\":\"https:\/\/ndpnoticias.com.mx\/#\/schema\/person\/image\/\",\"url\":\"https:\/\/secure.gravatar.com\/avatar\/76d7e481f585a42e41243c8312642a6f526d9b06cd67b616fc58155ca4786d1a?s=96&d=mm&r=g\",\"contentUrl\":\"https:\/\/secure.gravatar.com\/avatar\/76d7e481f585a42e41243c8312642a6f526d9b06cd67b616fc58155ca4786d1a?s=96&d=mm&r=g\",\"caption\":\"admin\"},\"sameAs\":[\"https:\/\/ndpnoticias.com.mx\"],\"url\":\"https:\/\/ndpnoticias.com.mx\/?author=1\"}]}<\/script>\n<!-- \/ Yoast SEO plugin. -->","yoast_head_json":{"title":"INAUGURAN SHEINBAUM Y DELFINA G\u00d3MEZ SUBURBANO AL AIFA: VIAJES M\u00c1S R\u00c1PIDOS Y BARATOS - NDP Noticias","robots":{"index":"index","follow":"follow","max-snippet":"max-snippet:-1","max-image-preview":"max-image-preview:large","max-video-preview":"max-video-preview:-1"},"canonical":"https:\/\/ndpnoticias.com.mx\/?p=20470","og_locale":"es_ES","og_type":"article","og_title":"INAUGURAN SHEINBAUM Y DELFINA G\u00d3MEZ SUBURBANO AL AIFA: VIAJES M\u00c1S R\u00c1PIDOS Y BARATOS - NDP Noticias","og_description":"\u2022El nuevo ramal Buenavista-AIFA mover\u00e1 a m\u00e1s de 82 mil pasajeros diarios; tarifa inicial de 45 pesos y conexi\u00f3n clave rumbo a evento mundial de futbol ZUMPANGO, M\u00c9X.\u2014 El trayecto&hellip;","og_url":"https:\/\/ndpnoticias.com.mx\/?p=20470","og_site_name":"NDP Noticias","article_published_time":"2026-04-26T22:15:30+00:00","article_modified_time":"2026-04-26T22:15:32+00:00","og_image":[{"width":1600,"height":900,"url":"https:\/\/ndpnoticias.com.mx\/wp-content\/uploads\/2026\/04\/6cabbce0-4dc5-4244-98c1-7419f3ee0e3f.jpeg","type":"image\/jpeg"}],"author":"admin","twitter_card":"summary_large_image","twitter_misc":{"Escrito por":"admin","Tiempo de lectura":"3 minutos"},"schema":{"@context":"https:\/\/schema.org","@graph":[{"@type":"Article","@id":"https:\/\/ndpnoticias.com.mx\/?p=20470#article","isPartOf":{"@id":"https:\/\/ndpnoticias.com.mx\/?p=20470"},"author":{"name":"admin","@id":"https:\/\/ndpnoticias.com.mx\/#\/schema\/person\/76f3f372c2bedd0bf44c0c3fb0adc6ca"},"headline":"INAUGURAN SHEINBAUM Y DELFINA G\u00d3MEZ SUBURBANO AL AIFA: VIAJES M\u00c1S R\u00c1PIDOS Y BARATOS","datePublished":"2026-04-26T22:15:30+00:00","dateModified":"2026-04-26T22:15:32+00:00","mainEntityOfPage":{"@id":"https:\/\/ndpnoticias.com.mx\/?p=20470"},"wordCount":438,"commentCount":0,"publisher":{"@id":"https:\/\/ndpnoticias.com.mx\/#organization"},"image":{"@id":"https:\/\/ndpnoticias.com.mx\/?p=20470#primaryimage"},"thumbnailUrl":"https:\/\/ndpnoticias.com.mx\/wp-content\/uploads\/2026\/04\/6cabbce0-4dc5-4244-98c1-7419f3ee0e3f.jpeg","articleSection":["Destacadas","GEM"],"inLanguage":"es","potentialAction":[{"@type":"CommentAction","name":"Comment","target":["https:\/\/ndpnoticias.com.mx\/?p=20470#respond"]}]},{"@type":"WebPage","@id":"https:\/\/ndpnoticias.com.mx\/?p=20470","url":"https:\/\/ndpnoticias.com.mx\/?p=20470","name":"INAUGURAN SHEINBAUM Y DELFINA G\u00d3MEZ SUBURBANO AL AIFA: VIAJES M\u00c1S R\u00c1PIDOS Y BARATOS - NDP Noticias","isPartOf":{"@id":"https:\/\/ndpnoticias.com.mx\/#website"},"primaryImageOfPage":{"@id":"https:\/\/ndpnoticias.com.mx\/?p=20470#primaryimage"},"image":{"@id":"https:\/\/ndpnoticias.com.mx\/?p=20470#primaryimage"},"thumbnailUrl":"https:\/\/ndpnoticias.com.mx\/wp-content\/uploads\/2026\/04\/6cabbce0-4dc5-4244-98c1-7419f3ee0e3f.jpeg","datePublished":"2026-04-26T22:15:30+00:00","dateModified":"2026-04-26T22:15:32+00:00","breadcrumb":{"@id":"https:\/\/ndpnoticias.com.mx\/?p=20470#breadcrumb"},"inLanguage":"es","potentialAction":[{"@type":"ReadAction","target":["https:\/\/ndpnoticias.com.mx\/?p=20470"]}]},{"@type":"ImageObject","inLanguage":"es","@id":"https:\/\/ndpnoticias.com.mx\/?p=20470#primaryimage","url":"https:\/\/ndpnoticias.com.mx\/wp-content\/uploads\/2026\/04\/6cabbce0-4dc5-4244-98c1-7419f3ee0e3f.jpeg","contentUrl":"https:\/\/ndpnoticias.com.mx\/wp-content\/uploads\/2026\/04\/6cabbce0-4dc5-4244-98c1-7419f3ee0e3f.jpeg","width":1600,"height":900},{"@type":"BreadcrumbList","@id":"https:\/\/ndpnoticias.com.mx\/?p=20470#breadcrumb","itemListElement":[{"@type":"ListItem","position":1,"name":"Portada","item":"https:\/\/ndpnoticias.com.mx\/"},{"@type":"ListItem","position":2,"name":"INAUGURAN SHEINBAUM Y DELFINA G\u00d3MEZ SUBURBANO AL AIFA: VIAJES M\u00c1S R\u00c1PIDOS Y BARATOS"}]},{"@type":"WebSite","@id":"https:\/\/ndpnoticias.com.mx\/#website","url":"https:\/\/ndpnoticias.com.mx\/","name":"NDP Noticias","description":"","publisher":{"@id":"https:\/\/ndpnoticias.com.mx\/#organization"},"potentialAction":[{"@type":"SearchAction","target":{"@type":"EntryPoint","urlTemplate":"https:\/\/ndpnoticias.com.mx\/?s={search_term_string}"},"query-input":"required name=search_term_string"}],"inLanguage":"es"},{"@type":"Organization","@id":"https:\/\/ndpnoticias.com.mx\/#organization","name":"NDP Noticias","url":"https:\/\/ndpnoticias.com.mx\/","logo":{"@type":"ImageObject","inLanguage":"es","@id":"https:\/\/ndpnoticias.com.mx\/#\/schema\/logo\/image\/","url":"https:\/\/ndpnoticias.com.mx\/wp-content\/uploads\/2024\/01\/cropped-IMG_3802-1.jpeg","contentUrl":"https:\/\/ndpnoticias.com.mx\/wp-content\/uploads\/2024\/01\/cropped-IMG_3802-1.jpeg","width":472,"height":80,"caption":"NDP Noticias"},"image":{"@id":"https:\/\/ndpnoticias.com.mx\/#\/schema\/logo\/image\/"}},{"@type":"Person","@id":"https:\/\/ndpnoticias.com.mx\/#\/schema\/person\/76f3f372c2bedd0bf44c0c3fb0adc6ca","name":"admin","image":{"@type":"ImageObject","inLanguage":"es","@id":"https:\/\/ndpnoticias.com.mx\/#\/schema\/person\/image\/","url":"https:\/\/secure.gravatar.com\/avatar\/76d7e481f585a42e41243c8312642a6f526d9b06cd67b616fc58155ca4786d1a?s=96&d=mm&r=g","contentUrl":"https:\/\/secure.gravatar.com\/avatar\/76d7e481f585a42e41243c8312642a6f526d9b06cd67b616fc58155ca4786d1a?s=96&d=mm&r=g","caption":"admin"},"sameAs":["https:\/\/ndpnoticias.com.mx"],"url":"https:\/\/ndpnoticias.com.mx\/?author=1"}]}},"_links":{"self":[{"href":"https:\/\/ndpnoticias.com.mx\/index.php?rest_route=\/wp\/v2\/posts\/20470","targetHints":{"allow":["GET"]}}],"collection":[{"href":"https:\/\/ndpnoticias.com.mx\/index.php?rest_route=\/wp\/v2\/posts"}],"about":[{"href":"https:\/\/ndpnoticias.com.mx\/index.php?rest_route=\/wp\/v2\/types\/post"}],"author":[{"embeddable":true,"href":"https:\/\/ndpnoticias.com.mx\/index.php?rest_route=\/wp\/v2\/users\/1"}],"replies":[{"embeddable":true,"href":"https:\/\/ndpnoticias.com.mx\/index.php?rest_route=%2Fwp%2Fv2%2Fcomments&post=20470"}],"version-history":[{"count":1,"href":"https:\/\/ndpnoticias.com.mx\/index.php?rest_route=\/wp\/v2\/posts\/20470\/revisions"}],"predecessor-version":[{"id":20473,"href":"https:\/\/ndpnoticias.com.mx\/index.php?rest_route=\/wp\/v2\/posts\/20470\/revisions\/20473"}],"wp:featuredmedia":[{"embeddable":true,"href":"https:\/\/ndpnoticias.com.mx\/index.php?rest_route=\/wp\/v2\/media\/20472"}],"wp:attachment":[{"href":"https:\/\/ndpnoticias.com.mx\/index.php?rest_route=%2Fwp%2Fv2%2Fmedia&parent=20470"}],"wp:term":[{"taxonomy":"category","embeddable":true,"href":"https:\/\/ndpnoticias.com.mx\/index.php?rest_route=%2Fwp%2Fv2%2Fcategories&post=20470"},{"taxonomy":"post_tag","embeddable":true,"href":"https:\/\/ndpnoticias.com.mx\/index.php?rest_route=%2Fwp%2Fv2%2Ftags&post=20470"}],"curies":[{"name":"wp","href":"https:\/\/api.w.org\/{rel}","templated":true}]}}