{"id":20454,"date":"2026-04-25T17:11:57","date_gmt":"2026-04-25T23:11:57","guid":{"rendered":"https:\/\/ndpnoticias.com.mx\/?p=20454"},"modified":"2026-04-25T17:12:00","modified_gmt":"2026-04-25T23:12:00","slug":"ecatepec-ya-es-heroica-reconocen-su-historia-y-el-sitio-donde-cayo-morelos","status":"publish","type":"post","link":"https:\/\/ndpnoticias.com.mx\/?p=20454","title":{"rendered":"ECATEPEC YA ES HEROICA: RECONOCEN SU HISTORIA Y EL SITIO DONDE CAY\u00d3 MORELOS"},"content":{"rendered":"\n<p>\u2022Recibe Azucena Cisneros pergamino en el 206 aniversario; San Juan Acalhuacan queda como sitio hist\u00f3rico clave<\/p>\n\n\n\n<p>ECATEPEC, M\u00c9X.\u2014 El lugar donde fue fusilado Jos\u00e9 Mar\u00eda Morelos y Pav\u00f3n en 1815 acaba de quedar marcado oficialmente en la historia nacional: el barrio de San Juan Acalhuacan fue declarado \u201cSitio de inter\u00e9s hist\u00f3rico\u201d, en el mismo acto donde San Crist\u00f3bal Ecatepec de Morelos obtuvo el t\u00edtulo de \u201cCiudad Heroica\u201d.<\/p>\n\n\n\n<p>La distinci\u00f3n fue entregada en la Casa de Morelos, durante la conmemoraci\u00f3n del 206 aniversario de la fundaci\u00f3n del municipio. Ah\u00ed, la alcaldesa Azucena Cisneros Coss recibi\u00f3 un pergamino en piel emitido por la Asociaci\u00f3n Nacional de Cronistas de Comunidades y Ciudades Mexicanas (ANACCIM), que avala ambos reconocimientos.<\/p>\n\n\n\n<p>El peso simb\u00f3lico del nombramiento recae en la memoria hist\u00f3rica del territorio. La cronista municipal, Ang\u00e9lica Rivero L\u00f3pez, record\u00f3 que el 22 de diciembre de 1815 marc\u00f3 un antes y un despu\u00e9s para Ecatepec: ese d\u00eda, en Acalhuacan, fue ejecutado Morelos, uno de los pilares de la Independencia. \u201cSu muerte no es un hecho menor: es un s\u00edmbolo que nos obliga a reflexionar sobre el valor y la deuda hist\u00f3rica con este territorio\u201d, sostuvo.<\/p>\n\n\n\n<p>Desde esa perspectiva, el presidente nacional de la ANACCIM, Gabriel Guerrero Romero, subray\u00f3 que el car\u00e1cter heroico no se decreta, sino que se construye con la memoria colectiva, los actos de resistencia y la identidad de sus habitantes.<\/p>\n\n\n\n<p>En su intervenci\u00f3n, Cisneros Coss vincul\u00f3 el reconocimiento con el presente del municipio. Se\u00f1al\u00f3 que, tras d\u00e9cadas de rezago, Ecatepec busca reposicionarse con acciones concretas: m\u00e1s de mil obras ejecutadas en el primer a\u00f1o de gobierno y una proyecci\u00f3n cercana a las 3 mil para el actual. \u201cToda la gloria hist\u00f3rica se opac\u00f3 por a\u00f1os de abandono, pero eso se termin\u00f3\u201d, afirm\u00f3.<\/p>\n\n\n\n<p>La alcaldesa tambi\u00e9n adelant\u00f3 que se promover\u00e1n nuevos procesos para declarar otros puntos emblem\u00e1ticos de los nueve pueblos del municipio como zonas de inter\u00e9s hist\u00f3rico, con el objetivo de preservar su legado.<\/p>\n\n\n\n<p>Durante la ceremonia, autoridades estatales y municipales respaldaron el acto, incluida Daniela Eugenia Hern\u00e1ndez, representante de la gobernadora Delfina G\u00f3mez \u00c1lvarez, quien reiter\u00f3 la coordinaci\u00f3n institucional para fortalecer el bienestar social.<\/p>\n\n\n\n<p>Como parte del proceso, se integr\u00f3 la publicaci\u00f3n \u201cCiudad Heroica, San Crist\u00f3bal Ecatepec de Morelos\u201d, que re\u00fane el sustento historiogr\u00e1fico y documental que deriv\u00f3 en la declaratoria. El evento cerr\u00f3 con la fotograf\u00eda oficial frente a la placa que consagra el nuevo estatus del municipio y del barrio donde la historia nacional dej\u00f3 una de sus huellas m\u00e1s profundas.<\/p>\n\n\n\n<figure class=\"wp-block-image size-large\"><img loading=\"lazy\" decoding=\"async\" width=\"1024\" height=\"1024\" src=\"https:\/\/ndpnoticias.com.mx\/wp-content\/uploads\/2026\/04\/6b42f568-2931-4612-a179-6ddee09a4fd0-1024x1024.jpeg\" alt=\"\" class=\"wp-image-20455\" srcset=\"https:\/\/ndpnoticias.com.mx\/wp-content\/uploads\/2026\/04\/6b42f568-2931-4612-a179-6ddee09a4fd0-1024x1024.jpeg 1024w, https:\/\/ndpnoticias.com.mx\/wp-content\/uploads\/2026\/04\/6b42f568-2931-4612-a179-6ddee09a4fd0-300x300.jpeg 300w, https:\/\/ndpnoticias.com.mx\/wp-content\/uploads\/2026\/04\/6b42f568-2931-4612-a179-6ddee09a4fd0-150x150.jpeg 150w, https:\/\/ndpnoticias.com.mx\/wp-content\/uploads\/2026\/04\/6b42f568-2931-4612-a179-6ddee09a4fd0-768x768.jpeg 768w, https:\/\/ndpnoticias.com.mx\/wp-content\/uploads\/2026\/04\/6b42f568-2931-4612-a179-6ddee09a4fd0-1536x1536.jpeg 1536w, https:\/\/ndpnoticias.com.mx\/wp-content\/uploads\/2026\/04\/6b42f568-2931-4612-a179-6ddee09a4fd0-600x600.jpeg 600w, https:\/\/ndpnoticias.com.mx\/wp-content\/uploads\/2026\/04\/6b42f568-2931-4612-a179-6ddee09a4fd0-100x100.jpeg 100w, https:\/\/ndpnoticias.com.mx\/wp-content\/uploads\/2026\/04\/6b42f568-2931-4612-a179-6ddee09a4fd0.jpeg 1600w\" sizes=\"auto, (max-width: 1024px) 100vw, 1024px\" \/><\/figure>\n","protected":false},"excerpt":{"rendered":"<p>\u2022Recibe Azucena Cisneros pergamino en el 206 aniversario; San Juan Acalhuacan queda como sitio hist\u00f3rico clave ECATEPEC, M\u00c9X.\u2014 El lugar donde fue fusilado Jos\u00e9 Mar\u00eda Morelos y Pav\u00f3n en 1815&hellip; <\/p>\n","protected":false},"author":1,"featured_media":20456,"comment_status":"open","ping_status":"closed","sticky":false,"template":"","format":"standard","meta":{"footnotes":""},"categories":[39],"tags":[],"class_list":["post-20454","post","type-post","status-publish","format-standard","has-post-thumbnail","hentry","category-ecatepec"],"yoast_head":"<!-- This site is optimized with the Yoast SEO plugin v22.9 - https:\/\/yoast.com\/wordpress\/plugins\/seo\/ -->\n<title>ECATEPEC YA ES HEROICA: RECONOCEN SU HISTORIA Y EL SITIO DONDE CAY\u00d3 MORELOS - NDP Noticias<\/title>\n<meta name=\"robots\" content=\"index, follow, max-snippet:-1, max-image-preview:large, max-video-preview:-1\" \/>\n<link rel=\"canonical\" href=\"https:\/\/ndpnoticias.com.mx\/?p=20454\" \/>\n<meta property=\"og:locale\" content=\"es_ES\" \/>\n<meta property=\"og:type\" content=\"article\" \/>\n<meta property=\"og:title\" content=\"ECATEPEC YA ES HEROICA: RECONOCEN SU HISTORIA Y EL SITIO DONDE CAY\u00d3 MORELOS - NDP Noticias\" \/>\n<meta property=\"og:description\" content=\"\u2022Recibe Azucena Cisneros pergamino en el 206 aniversario; San Juan Acalhuacan queda como sitio hist\u00f3rico clave ECATEPEC, M\u00c9X.\u2014 El lugar donde fue fusilado Jos\u00e9 Mar\u00eda Morelos y Pav\u00f3n en 1815&hellip;\" \/>\n<meta property=\"og:url\" content=\"https:\/\/ndpnoticias.com.mx\/?p=20454\" \/>\n<meta property=\"og:site_name\" content=\"NDP Noticias\" \/>\n<meta property=\"article:published_time\" content=\"2026-04-25T23:11:57+00:00\" \/>\n<meta property=\"article:modified_time\" content=\"2026-04-25T23:12:00+00:00\" \/>\n<meta property=\"og:image\" content=\"https:\/\/ndpnoticias.com.mx\/wp-content\/uploads\/2026\/04\/9d6da5c9-6381-4d4c-b49f-20a721acdcbc.jpeg\" \/>\n\t<meta property=\"og:image:width\" content=\"1381\" \/>\n\t<meta property=\"og:image:height\" content=\"777\" \/>\n\t<meta property=\"og:image:type\" content=\"image\/jpeg\" \/>\n<meta name=\"author\" content=\"admin\" \/>\n<meta name=\"twitter:card\" content=\"summary_large_image\" \/>\n<meta name=\"twitter:label1\" content=\"Escrito por\" \/>\n\t<meta name=\"twitter:data1\" content=\"admin\" \/>\n\t<meta name=\"twitter:label2\" content=\"Tiempo de lectura\" \/>\n\t<meta name=\"twitter:data2\" content=\"3 minutos\" \/>\n<script type=\"application\/ld+json\" class=\"yoast-schema-graph\">{\"@context\":\"https:\/\/schema.org\",\"@graph\":[{\"@type\":\"Article\",\"@id\":\"https:\/\/ndpnoticias.com.mx\/?p=20454#article\",\"isPartOf\":{\"@id\":\"https:\/\/ndpnoticias.com.mx\/?p=20454\"},\"author\":{\"name\":\"admin\",\"@id\":\"https:\/\/ndpnoticias.com.mx\/#\/schema\/person\/76f3f372c2bedd0bf44c0c3fb0adc6ca\"},\"headline\":\"ECATEPEC YA ES HEROICA: RECONOCEN SU HISTORIA Y EL SITIO DONDE CAY\u00d3 MORELOS\",\"datePublished\":\"2026-04-25T23:11:57+00:00\",\"dateModified\":\"2026-04-25T23:12:00+00:00\",\"mainEntityOfPage\":{\"@id\":\"https:\/\/ndpnoticias.com.mx\/?p=20454\"},\"wordCount\":461,\"commentCount\":0,\"publisher\":{\"@id\":\"https:\/\/ndpnoticias.com.mx\/#organization\"},\"image\":{\"@id\":\"https:\/\/ndpnoticias.com.mx\/?p=20454#primaryimage\"},\"thumbnailUrl\":\"https:\/\/ndpnoticias.com.mx\/wp-content\/uploads\/2026\/04\/9d6da5c9-6381-4d4c-b49f-20a721acdcbc.jpeg\",\"articleSection\":[\"Ecatepec\"],\"inLanguage\":\"es\",\"potentialAction\":[{\"@type\":\"CommentAction\",\"name\":\"Comment\",\"target\":[\"https:\/\/ndpnoticias.com.mx\/?p=20454#respond\"]}]},{\"@type\":\"WebPage\",\"@id\":\"https:\/\/ndpnoticias.com.mx\/?p=20454\",\"url\":\"https:\/\/ndpnoticias.com.mx\/?p=20454\",\"name\":\"ECATEPEC YA ES HEROICA: RECONOCEN SU HISTORIA Y EL SITIO DONDE CAY\u00d3 MORELOS - NDP Noticias\",\"isPartOf\":{\"@id\":\"https:\/\/ndpnoticias.com.mx\/#website\"},\"primaryImageOfPage\":{\"@id\":\"https:\/\/ndpnoticias.com.mx\/?p=20454#primaryimage\"},\"image\":{\"@id\":\"https:\/\/ndpnoticias.com.mx\/?p=20454#primaryimage\"},\"thumbnailUrl\":\"https:\/\/ndpnoticias.com.mx\/wp-content\/uploads\/2026\/04\/9d6da5c9-6381-4d4c-b49f-20a721acdcbc.jpeg\",\"datePublished\":\"2026-04-25T23:11:57+00:00\",\"dateModified\":\"2026-04-25T23:12:00+00:00\",\"breadcrumb\":{\"@id\":\"https:\/\/ndpnoticias.com.mx\/?p=20454#breadcrumb\"},\"inLanguage\":\"es\",\"potentialAction\":[{\"@type\":\"ReadAction\",\"target\":[\"https:\/\/ndpnoticias.com.mx\/?p=20454\"]}]},{\"@type\":\"ImageObject\",\"inLanguage\":\"es\",\"@id\":\"https:\/\/ndpnoticias.com.mx\/?p=20454#primaryimage\",\"url\":\"https:\/\/ndpnoticias.com.mx\/wp-content\/uploads\/2026\/04\/9d6da5c9-6381-4d4c-b49f-20a721acdcbc.jpeg\",\"contentUrl\":\"https:\/\/ndpnoticias.com.mx\/wp-content\/uploads\/2026\/04\/9d6da5c9-6381-4d4c-b49f-20a721acdcbc.jpeg\",\"width\":1381,\"height\":777},{\"@type\":\"BreadcrumbList\",\"@id\":\"https:\/\/ndpnoticias.com.mx\/?p=20454#breadcrumb\",\"itemListElement\":[{\"@type\":\"ListItem\",\"position\":1,\"name\":\"Portada\",\"item\":\"https:\/\/ndpnoticias.com.mx\/\"},{\"@type\":\"ListItem\",\"position\":2,\"name\":\"ECATEPEC YA ES HEROICA: RECONOCEN SU HISTORIA Y EL SITIO DONDE CAY\u00d3 MORELOS\"}]},{\"@type\":\"WebSite\",\"@id\":\"https:\/\/ndpnoticias.com.mx\/#website\",\"url\":\"https:\/\/ndpnoticias.com.mx\/\",\"name\":\"NDP Noticias\",\"description\":\"\",\"publisher\":{\"@id\":\"https:\/\/ndpnoticias.com.mx\/#organization\"},\"potentialAction\":[{\"@type\":\"SearchAction\",\"target\":{\"@type\":\"EntryPoint\",\"urlTemplate\":\"https:\/\/ndpnoticias.com.mx\/?s={search_term_string}\"},\"query-input\":\"required name=search_term_string\"}],\"inLanguage\":\"es\"},{\"@type\":\"Organization\",\"@id\":\"https:\/\/ndpnoticias.com.mx\/#organization\",\"name\":\"NDP Noticias\",\"url\":\"https:\/\/ndpnoticias.com.mx\/\",\"logo\":{\"@type\":\"ImageObject\",\"inLanguage\":\"es\",\"@id\":\"https:\/\/ndpnoticias.com.mx\/#\/schema\/logo\/image\/\",\"url\":\"https:\/\/ndpnoticias.com.mx\/wp-content\/uploads\/2024\/01\/cropped-IMG_3802-1.jpeg\",\"contentUrl\":\"https:\/\/ndpnoticias.com.mx\/wp-content\/uploads\/2024\/01\/cropped-IMG_3802-1.jpeg\",\"width\":472,\"height\":80,\"caption\":\"NDP Noticias\"},\"image\":{\"@id\":\"https:\/\/ndpnoticias.com.mx\/#\/schema\/logo\/image\/\"}},{\"@type\":\"Person\",\"@id\":\"https:\/\/ndpnoticias.com.mx\/#\/schema\/person\/76f3f372c2bedd0bf44c0c3fb0adc6ca\",\"name\":\"admin\",\"image\":{\"@type\":\"ImageObject\",\"inLanguage\":\"es\",\"@id\":\"https:\/\/ndpnoticias.com.mx\/#\/schema\/person\/image\/\",\"url\":\"https:\/\/secure.gravatar.com\/avatar\/76d7e481f585a42e41243c8312642a6f526d9b06cd67b616fc58155ca4786d1a?s=96&d=mm&r=g\",\"contentUrl\":\"https:\/\/secure.gravatar.com\/avatar\/76d7e481f585a42e41243c8312642a6f526d9b06cd67b616fc58155ca4786d1a?s=96&d=mm&r=g\",\"caption\":\"admin\"},\"sameAs\":[\"https:\/\/ndpnoticias.com.mx\"],\"url\":\"https:\/\/ndpnoticias.com.mx\/?author=1\"}]}<\/script>\n<!-- \/ Yoast SEO plugin. -->","yoast_head_json":{"title":"ECATEPEC YA ES HEROICA: RECONOCEN SU HISTORIA Y EL SITIO DONDE CAY\u00d3 MORELOS - NDP Noticias","robots":{"index":"index","follow":"follow","max-snippet":"max-snippet:-1","max-image-preview":"max-image-preview:large","max-video-preview":"max-video-preview:-1"},"canonical":"https:\/\/ndpnoticias.com.mx\/?p=20454","og_locale":"es_ES","og_type":"article","og_title":"ECATEPEC YA ES HEROICA: RECONOCEN SU HISTORIA Y EL SITIO DONDE CAY\u00d3 MORELOS - NDP Noticias","og_description":"\u2022Recibe Azucena Cisneros pergamino en el 206 aniversario; San Juan Acalhuacan queda como sitio hist\u00f3rico clave ECATEPEC, M\u00c9X.\u2014 El lugar donde fue fusilado Jos\u00e9 Mar\u00eda Morelos y Pav\u00f3n en 1815&hellip;","og_url":"https:\/\/ndpnoticias.com.mx\/?p=20454","og_site_name":"NDP Noticias","article_published_time":"2026-04-25T23:11:57+00:00","article_modified_time":"2026-04-25T23:12:00+00:00","og_image":[{"width":1381,"height":777,"url":"https:\/\/ndpnoticias.com.mx\/wp-content\/uploads\/2026\/04\/9d6da5c9-6381-4d4c-b49f-20a721acdcbc.jpeg","type":"image\/jpeg"}],"author":"admin","twitter_card":"summary_large_image","twitter_misc":{"Escrito por":"admin","Tiempo de lectura":"3 minutos"},"schema":{"@context":"https:\/\/schema.org","@graph":[{"@type":"Article","@id":"https:\/\/ndpnoticias.com.mx\/?p=20454#article","isPartOf":{"@id":"https:\/\/ndpnoticias.com.mx\/?p=20454"},"author":{"name":"admin","@id":"https:\/\/ndpnoticias.com.mx\/#\/schema\/person\/76f3f372c2bedd0bf44c0c3fb0adc6ca"},"headline":"ECATEPEC YA ES HEROICA: RECONOCEN SU HISTORIA Y EL SITIO DONDE CAY\u00d3 MORELOS","datePublished":"2026-04-25T23:11:57+00:00","dateModified":"2026-04-25T23:12:00+00:00","mainEntityOfPage":{"@id":"https:\/\/ndpnoticias.com.mx\/?p=20454"},"wordCount":461,"commentCount":0,"publisher":{"@id":"https:\/\/ndpnoticias.com.mx\/#organization"},"image":{"@id":"https:\/\/ndpnoticias.com.mx\/?p=20454#primaryimage"},"thumbnailUrl":"https:\/\/ndpnoticias.com.mx\/wp-content\/uploads\/2026\/04\/9d6da5c9-6381-4d4c-b49f-20a721acdcbc.jpeg","articleSection":["Ecatepec"],"inLanguage":"es","potentialAction":[{"@type":"CommentAction","name":"Comment","target":["https:\/\/ndpnoticias.com.mx\/?p=20454#respond"]}]},{"@type":"WebPage","@id":"https:\/\/ndpnoticias.com.mx\/?p=20454","url":"https:\/\/ndpnoticias.com.mx\/?p=20454","name":"ECATEPEC YA ES HEROICA: RECONOCEN SU HISTORIA Y EL SITIO DONDE CAY\u00d3 MORELOS - NDP Noticias","isPartOf":{"@id":"https:\/\/ndpnoticias.com.mx\/#website"},"primaryImageOfPage":{"@id":"https:\/\/ndpnoticias.com.mx\/?p=20454#primaryimage"},"image":{"@id":"https:\/\/ndpnoticias.com.mx\/?p=20454#primaryimage"},"thumbnailUrl":"https:\/\/ndpnoticias.com.mx\/wp-content\/uploads\/2026\/04\/9d6da5c9-6381-4d4c-b49f-20a721acdcbc.jpeg","datePublished":"2026-04-25T23:11:57+00:00","dateModified":"2026-04-25T23:12:00+00:00","breadcrumb":{"@id":"https:\/\/ndpnoticias.com.mx\/?p=20454#breadcrumb"},"inLanguage":"es","potentialAction":[{"@type":"ReadAction","target":["https:\/\/ndpnoticias.com.mx\/?p=20454"]}]},{"@type":"ImageObject","inLanguage":"es","@id":"https:\/\/ndpnoticias.com.mx\/?p=20454#primaryimage","url":"https:\/\/ndpnoticias.com.mx\/wp-content\/uploads\/2026\/04\/9d6da5c9-6381-4d4c-b49f-20a721acdcbc.jpeg","contentUrl":"https:\/\/ndpnoticias.com.mx\/wp-content\/uploads\/2026\/04\/9d6da5c9-6381-4d4c-b49f-20a721acdcbc.jpeg","width":1381,"height":777},{"@type":"BreadcrumbList","@id":"https:\/\/ndpnoticias.com.mx\/?p=20454#breadcrumb","itemListElement":[{"@type":"ListItem","position":1,"name":"Portada","item":"https:\/\/ndpnoticias.com.mx\/"},{"@type":"ListItem","position":2,"name":"ECATEPEC YA ES HEROICA: RECONOCEN SU HISTORIA Y EL SITIO DONDE CAY\u00d3 MORELOS"}]},{"@type":"WebSite","@id":"https:\/\/ndpnoticias.com.mx\/#website","url":"https:\/\/ndpnoticias.com.mx\/","name":"NDP Noticias","description":"","publisher":{"@id":"https:\/\/ndpnoticias.com.mx\/#organization"},"potentialAction":[{"@type":"SearchAction","target":{"@type":"EntryPoint","urlTemplate":"https:\/\/ndpnoticias.com.mx\/?s={search_term_string}"},"query-input":"required name=search_term_string"}],"inLanguage":"es"},{"@type":"Organization","@id":"https:\/\/ndpnoticias.com.mx\/#organization","name":"NDP Noticias","url":"https:\/\/ndpnoticias.com.mx\/","logo":{"@type":"ImageObject","inLanguage":"es","@id":"https:\/\/ndpnoticias.com.mx\/#\/schema\/logo\/image\/","url":"https:\/\/ndpnoticias.com.mx\/wp-content\/uploads\/2024\/01\/cropped-IMG_3802-1.jpeg","contentUrl":"https:\/\/ndpnoticias.com.mx\/wp-content\/uploads\/2024\/01\/cropped-IMG_3802-1.jpeg","width":472,"height":80,"caption":"NDP Noticias"},"image":{"@id":"https:\/\/ndpnoticias.com.mx\/#\/schema\/logo\/image\/"}},{"@type":"Person","@id":"https:\/\/ndpnoticias.com.mx\/#\/schema\/person\/76f3f372c2bedd0bf44c0c3fb0adc6ca","name":"admin","image":{"@type":"ImageObject","inLanguage":"es","@id":"https:\/\/ndpnoticias.com.mx\/#\/schema\/person\/image\/","url":"https:\/\/secure.gravatar.com\/avatar\/76d7e481f585a42e41243c8312642a6f526d9b06cd67b616fc58155ca4786d1a?s=96&d=mm&r=g","contentUrl":"https:\/\/secure.gravatar.com\/avatar\/76d7e481f585a42e41243c8312642a6f526d9b06cd67b616fc58155ca4786d1a?s=96&d=mm&r=g","caption":"admin"},"sameAs":["https:\/\/ndpnoticias.com.mx"],"url":"https:\/\/ndpnoticias.com.mx\/?author=1"}]}},"_links":{"self":[{"href":"https:\/\/ndpnoticias.com.mx\/index.php?rest_route=\/wp\/v2\/posts\/20454","targetHints":{"allow":["GET"]}}],"collection":[{"href":"https:\/\/ndpnoticias.com.mx\/index.php?rest_route=\/wp\/v2\/posts"}],"about":[{"href":"https:\/\/ndpnoticias.com.mx\/index.php?rest_route=\/wp\/v2\/types\/post"}],"author":[{"embeddable":true,"href":"https:\/\/ndpnoticias.com.mx\/index.php?rest_route=\/wp\/v2\/users\/1"}],"replies":[{"embeddable":true,"href":"https:\/\/ndpnoticias.com.mx\/index.php?rest_route=%2Fwp%2Fv2%2Fcomments&post=20454"}],"version-history":[{"count":1,"href":"https:\/\/ndpnoticias.com.mx\/index.php?rest_route=\/wp\/v2\/posts\/20454\/revisions"}],"predecessor-version":[{"id":20457,"href":"https:\/\/ndpnoticias.com.mx\/index.php?rest_route=\/wp\/v2\/posts\/20454\/revisions\/20457"}],"wp:featuredmedia":[{"embeddable":true,"href":"https:\/\/ndpnoticias.com.mx\/index.php?rest_route=\/wp\/v2\/media\/20456"}],"wp:attachment":[{"href":"https:\/\/ndpnoticias.com.mx\/index.php?rest_route=%2Fwp%2Fv2%2Fmedia&parent=20454"}],"wp:term":[{"taxonomy":"category","embeddable":true,"href":"https:\/\/ndpnoticias.com.mx\/index.php?rest_route=%2Fwp%2Fv2%2Fcategories&post=20454"},{"taxonomy":"post_tag","embeddable":true,"href":"https:\/\/ndpnoticias.com.mx\/index.php?rest_route=%2Fwp%2Fv2%2Ftags&post=20454"}],"curies":[{"name":"wp","href":"https:\/\/api.w.org\/{rel}","templated":true}]}}