{"id":20434,"date":"2026-04-24T20:21:39","date_gmt":"2026-04-25T02:21:39","guid":{"rendered":"https:\/\/ndpnoticias.com.mx\/?p=20434"},"modified":"2026-04-24T20:21:42","modified_gmt":"2026-04-25T02:21:42","slug":"pedro-rodriguez-abre-linea-contra-la-depresion-juvenil","status":"publish","type":"post","link":"https:\/\/ndpnoticias.com.mx\/?p=20434","title":{"rendered":"PEDRO RODR\u00cdGUEZ ABRE L\u00cdNEA CONTRA LA DEPRESI\u00d3N JUVENIL"},"content":{"rendered":"\n<p>\u2022\u201cConoce-T\u201d arranca en Atizap\u00e1n con atenci\u00f3n gratuita, tres centros y especialistas para frenar ansiedad, bullying y suicidio<\/p>\n\n\n\n<p>ATIZAP\u00c1N, M\u00c9X.\u2014 La atenci\u00f3n psicol\u00f3gica para j\u00f3venes en Atizap\u00e1n ya tiene n\u00famero directo: 55 1668 1748. Ese es el punto de entrada del programa municipal \u201cConoce-T\u201d, una estrategia que combina intervenci\u00f3n inmediata, acompa\u00f1amiento profesional y seguimiento para enfrentar depresi\u00f3n, ansiedad y conductas de riesgo.<\/p>\n\n\n\n<p>El alcalde Pedro Rodr\u00edguez present\u00f3 la iniciativa ante estudiantes de diversas escuelas, acompa\u00f1ado de regidores y directores, subrayando que el enfoque va m\u00e1s all\u00e1 de campa\u00f1as: se trata de abrir canales reales de ayuda. \u201cQuiero que vean esta l\u00ednea de contacto con la seriedad que esto representa y que reflexionemos sobre el da\u00f1o que causamos con el bullying; muchas veces es una de las causas de suicidio\u201d, advirti\u00f3.<\/p>\n\n\n\n<p>El programa, coordinado por la Direcci\u00f3n de la Juventud, se articula en tres ejes operativos. El primero, prevenci\u00f3n, mediante talleres y espacios de di\u00e1logo; el segundo, atenci\u00f3n directa con servicios psicol\u00f3gicos gratuitos brindados por un equipo especializado de cinco psic\u00f3logos, un psiquiatra y un paidopsiquiatra; y el tercero, seguimiento, para evitar que los procesos queden inconclusos.<\/p>\n\n\n\n<p>Adem\u00e1s de la l\u00ednea telef\u00f3nica, \u201cConoce-T\u201d operar\u00e1 desde tres sedes: Ampliaci\u00f3n Lomas de San Lorenzo, Ampliaci\u00f3n Lomas de Guadalupe y Jardines de Atizap\u00e1n, donde se ofrecer\u00e1 atenci\u00f3n profesional a j\u00f3venes que enfrenten crisis emocionales o requieran acompa\u00f1amiento continuo.<\/p>\n\n\n\n<p>La estrategia suma alianzas institucionales. En el arranque se formaliz\u00f3 un convenio de colaboraci\u00f3n con el Sistema Municipal de Protecci\u00f3n Integral de Ni\u00f1as, Ni\u00f1os y Adolescentes (SIPINNA), la organizaci\u00f3n Sin Depre, el CIJ Atizap\u00e1n de Zaragoza, la Fundaci\u00f3n Mexicana de Lucha Contra la Depresi\u00f3n A.C., el Centro Comunitario de Salud Mental y Adicciones y la Preceptor\u00eda Juvenil Regional de Reintegraci\u00f3n Social.<\/p>\n\n\n\n<p>Con este despliegue, el gobierno municipal busca intervenir de forma directa en una problem\u00e1tica que, reconocen autoridades, crece entre adolescentes y j\u00f3venes, donde el entorno escolar y social puede detonar crisis silenciosas.<\/p>\n\n\n\n<figure class=\"wp-block-image size-large\"><img loading=\"lazy\" decoding=\"async\" width=\"1024\" height=\"576\" src=\"https:\/\/ndpnoticias.com.mx\/wp-content\/uploads\/2026\/04\/891c5d43-7ba7-4a0d-91eb-0d742e2c3b82-1024x576.jpeg\" alt=\"\" class=\"wp-image-20435\" srcset=\"https:\/\/ndpnoticias.com.mx\/wp-content\/uploads\/2026\/04\/891c5d43-7ba7-4a0d-91eb-0d742e2c3b82-1024x576.jpeg 1024w, https:\/\/ndpnoticias.com.mx\/wp-content\/uploads\/2026\/04\/891c5d43-7ba7-4a0d-91eb-0d742e2c3b82-300x169.jpeg 300w, https:\/\/ndpnoticias.com.mx\/wp-content\/uploads\/2026\/04\/891c5d43-7ba7-4a0d-91eb-0d742e2c3b82-768x432.jpeg 768w, https:\/\/ndpnoticias.com.mx\/wp-content\/uploads\/2026\/04\/891c5d43-7ba7-4a0d-91eb-0d742e2c3b82-600x338.jpeg 600w, https:\/\/ndpnoticias.com.mx\/wp-content\/uploads\/2026\/04\/891c5d43-7ba7-4a0d-91eb-0d742e2c3b82.jpeg 1080w\" sizes=\"auto, (max-width: 1024px) 100vw, 1024px\" \/><\/figure>\n","protected":false},"excerpt":{"rendered":"<p>\u2022\u201cConoce-T\u201d arranca en Atizap\u00e1n con atenci\u00f3n gratuita, tres centros y especialistas para frenar ansiedad, bullying y suicidio ATIZAP\u00c1N, M\u00c9X.\u2014 La atenci\u00f3n psicol\u00f3gica para j\u00f3venes en Atizap\u00e1n ya tiene n\u00famero directo:&hellip; <\/p>\n","protected":false},"author":1,"featured_media":20436,"comment_status":"open","ping_status":"closed","sticky":false,"template":"","format":"standard","meta":{"footnotes":""},"categories":[24],"tags":[],"class_list":["post-20434","post","type-post","status-publish","format-standard","has-post-thumbnail","hentry","category-atizapan"],"yoast_head":"<!-- This site is optimized with the Yoast SEO plugin v22.9 - https:\/\/yoast.com\/wordpress\/plugins\/seo\/ -->\n<title>PEDRO RODR\u00cdGUEZ ABRE L\u00cdNEA CONTRA LA DEPRESI\u00d3N JUVENIL - NDP Noticias<\/title>\n<meta name=\"robots\" content=\"index, follow, max-snippet:-1, max-image-preview:large, max-video-preview:-1\" \/>\n<link rel=\"canonical\" href=\"https:\/\/ndpnoticias.com.mx\/?p=20434\" \/>\n<meta property=\"og:locale\" content=\"es_ES\" \/>\n<meta property=\"og:type\" content=\"article\" \/>\n<meta property=\"og:title\" content=\"PEDRO RODR\u00cdGUEZ ABRE L\u00cdNEA CONTRA LA DEPRESI\u00d3N JUVENIL - NDP Noticias\" \/>\n<meta property=\"og:description\" content=\"\u2022\u201cConoce-T\u201d arranca en Atizap\u00e1n con atenci\u00f3n gratuita, tres centros y especialistas para frenar ansiedad, bullying y suicidio ATIZAP\u00c1N, M\u00c9X.\u2014 La atenci\u00f3n psicol\u00f3gica para j\u00f3venes en Atizap\u00e1n ya tiene n\u00famero directo:&hellip;\" \/>\n<meta property=\"og:url\" content=\"https:\/\/ndpnoticias.com.mx\/?p=20434\" \/>\n<meta property=\"og:site_name\" content=\"NDP Noticias\" \/>\n<meta property=\"article:published_time\" content=\"2026-04-25T02:21:39+00:00\" \/>\n<meta property=\"article:modified_time\" content=\"2026-04-25T02:21:42+00:00\" \/>\n<meta property=\"og:image\" content=\"https:\/\/ndpnoticias.com.mx\/wp-content\/uploads\/2026\/04\/4c01e014-f898-4aba-8c69-08f661866b7d.jpeg\" \/>\n\t<meta property=\"og:image:width\" content=\"1080\" \/>\n\t<meta property=\"og:image:height\" content=\"759\" \/>\n\t<meta property=\"og:image:type\" content=\"image\/jpeg\" \/>\n<meta name=\"author\" content=\"admin\" \/>\n<meta name=\"twitter:card\" content=\"summary_large_image\" \/>\n<meta name=\"twitter:label1\" content=\"Escrito por\" \/>\n\t<meta name=\"twitter:data1\" content=\"admin\" \/>\n\t<meta name=\"twitter:label2\" content=\"Tiempo de lectura\" \/>\n\t<meta name=\"twitter:data2\" content=\"2 minutos\" \/>\n<script type=\"application\/ld+json\" class=\"yoast-schema-graph\">{\"@context\":\"https:\/\/schema.org\",\"@graph\":[{\"@type\":\"Article\",\"@id\":\"https:\/\/ndpnoticias.com.mx\/?p=20434#article\",\"isPartOf\":{\"@id\":\"https:\/\/ndpnoticias.com.mx\/?p=20434\"},\"author\":{\"name\":\"admin\",\"@id\":\"https:\/\/ndpnoticias.com.mx\/#\/schema\/person\/76f3f372c2bedd0bf44c0c3fb0adc6ca\"},\"headline\":\"PEDRO RODR\u00cdGUEZ ABRE L\u00cdNEA CONTRA LA DEPRESI\u00d3N JUVENIL\",\"datePublished\":\"2026-04-25T02:21:39+00:00\",\"dateModified\":\"2026-04-25T02:21:42+00:00\",\"mainEntityOfPage\":{\"@id\":\"https:\/\/ndpnoticias.com.mx\/?p=20434\"},\"wordCount\":370,\"commentCount\":0,\"publisher\":{\"@id\":\"https:\/\/ndpnoticias.com.mx\/#organization\"},\"image\":{\"@id\":\"https:\/\/ndpnoticias.com.mx\/?p=20434#primaryimage\"},\"thumbnailUrl\":\"https:\/\/ndpnoticias.com.mx\/wp-content\/uploads\/2026\/04\/4c01e014-f898-4aba-8c69-08f661866b7d.jpeg\",\"articleSection\":[\"Atizap\u00e1n\"],\"inLanguage\":\"es\",\"potentialAction\":[{\"@type\":\"CommentAction\",\"name\":\"Comment\",\"target\":[\"https:\/\/ndpnoticias.com.mx\/?p=20434#respond\"]}]},{\"@type\":\"WebPage\",\"@id\":\"https:\/\/ndpnoticias.com.mx\/?p=20434\",\"url\":\"https:\/\/ndpnoticias.com.mx\/?p=20434\",\"name\":\"PEDRO RODR\u00cdGUEZ ABRE L\u00cdNEA CONTRA LA DEPRESI\u00d3N JUVENIL - NDP Noticias\",\"isPartOf\":{\"@id\":\"https:\/\/ndpnoticias.com.mx\/#website\"},\"primaryImageOfPage\":{\"@id\":\"https:\/\/ndpnoticias.com.mx\/?p=20434#primaryimage\"},\"image\":{\"@id\":\"https:\/\/ndpnoticias.com.mx\/?p=20434#primaryimage\"},\"thumbnailUrl\":\"https:\/\/ndpnoticias.com.mx\/wp-content\/uploads\/2026\/04\/4c01e014-f898-4aba-8c69-08f661866b7d.jpeg\",\"datePublished\":\"2026-04-25T02:21:39+00:00\",\"dateModified\":\"2026-04-25T02:21:42+00:00\",\"breadcrumb\":{\"@id\":\"https:\/\/ndpnoticias.com.mx\/?p=20434#breadcrumb\"},\"inLanguage\":\"es\",\"potentialAction\":[{\"@type\":\"ReadAction\",\"target\":[\"https:\/\/ndpnoticias.com.mx\/?p=20434\"]}]},{\"@type\":\"ImageObject\",\"inLanguage\":\"es\",\"@id\":\"https:\/\/ndpnoticias.com.mx\/?p=20434#primaryimage\",\"url\":\"https:\/\/ndpnoticias.com.mx\/wp-content\/uploads\/2026\/04\/4c01e014-f898-4aba-8c69-08f661866b7d.jpeg\",\"contentUrl\":\"https:\/\/ndpnoticias.com.mx\/wp-content\/uploads\/2026\/04\/4c01e014-f898-4aba-8c69-08f661866b7d.jpeg\",\"width\":1080,\"height\":759},{\"@type\":\"BreadcrumbList\",\"@id\":\"https:\/\/ndpnoticias.com.mx\/?p=20434#breadcrumb\",\"itemListElement\":[{\"@type\":\"ListItem\",\"position\":1,\"name\":\"Portada\",\"item\":\"https:\/\/ndpnoticias.com.mx\/\"},{\"@type\":\"ListItem\",\"position\":2,\"name\":\"PEDRO RODR\u00cdGUEZ ABRE L\u00cdNEA CONTRA LA DEPRESI\u00d3N JUVENIL\"}]},{\"@type\":\"WebSite\",\"@id\":\"https:\/\/ndpnoticias.com.mx\/#website\",\"url\":\"https:\/\/ndpnoticias.com.mx\/\",\"name\":\"NDP Noticias\",\"description\":\"\",\"publisher\":{\"@id\":\"https:\/\/ndpnoticias.com.mx\/#organization\"},\"potentialAction\":[{\"@type\":\"SearchAction\",\"target\":{\"@type\":\"EntryPoint\",\"urlTemplate\":\"https:\/\/ndpnoticias.com.mx\/?s={search_term_string}\"},\"query-input\":\"required name=search_term_string\"}],\"inLanguage\":\"es\"},{\"@type\":\"Organization\",\"@id\":\"https:\/\/ndpnoticias.com.mx\/#organization\",\"name\":\"NDP Noticias\",\"url\":\"https:\/\/ndpnoticias.com.mx\/\",\"logo\":{\"@type\":\"ImageObject\",\"inLanguage\":\"es\",\"@id\":\"https:\/\/ndpnoticias.com.mx\/#\/schema\/logo\/image\/\",\"url\":\"https:\/\/ndpnoticias.com.mx\/wp-content\/uploads\/2024\/01\/cropped-IMG_3802-1.jpeg\",\"contentUrl\":\"https:\/\/ndpnoticias.com.mx\/wp-content\/uploads\/2024\/01\/cropped-IMG_3802-1.jpeg\",\"width\":472,\"height\":80,\"caption\":\"NDP Noticias\"},\"image\":{\"@id\":\"https:\/\/ndpnoticias.com.mx\/#\/schema\/logo\/image\/\"}},{\"@type\":\"Person\",\"@id\":\"https:\/\/ndpnoticias.com.mx\/#\/schema\/person\/76f3f372c2bedd0bf44c0c3fb0adc6ca\",\"name\":\"admin\",\"image\":{\"@type\":\"ImageObject\",\"inLanguage\":\"es\",\"@id\":\"https:\/\/ndpnoticias.com.mx\/#\/schema\/person\/image\/\",\"url\":\"https:\/\/secure.gravatar.com\/avatar\/76d7e481f585a42e41243c8312642a6f526d9b06cd67b616fc58155ca4786d1a?s=96&d=mm&r=g\",\"contentUrl\":\"https:\/\/secure.gravatar.com\/avatar\/76d7e481f585a42e41243c8312642a6f526d9b06cd67b616fc58155ca4786d1a?s=96&d=mm&r=g\",\"caption\":\"admin\"},\"sameAs\":[\"https:\/\/ndpnoticias.com.mx\"],\"url\":\"https:\/\/ndpnoticias.com.mx\/?author=1\"}]}<\/script>\n<!-- \/ Yoast SEO plugin. -->","yoast_head_json":{"title":"PEDRO RODR\u00cdGUEZ ABRE L\u00cdNEA CONTRA LA DEPRESI\u00d3N JUVENIL - NDP Noticias","robots":{"index":"index","follow":"follow","max-snippet":"max-snippet:-1","max-image-preview":"max-image-preview:large","max-video-preview":"max-video-preview:-1"},"canonical":"https:\/\/ndpnoticias.com.mx\/?p=20434","og_locale":"es_ES","og_type":"article","og_title":"PEDRO RODR\u00cdGUEZ ABRE L\u00cdNEA CONTRA LA DEPRESI\u00d3N JUVENIL - NDP Noticias","og_description":"\u2022\u201cConoce-T\u201d arranca en Atizap\u00e1n con atenci\u00f3n gratuita, tres centros y especialistas para frenar ansiedad, bullying y suicidio ATIZAP\u00c1N, M\u00c9X.\u2014 La atenci\u00f3n psicol\u00f3gica para j\u00f3venes en Atizap\u00e1n ya tiene n\u00famero directo:&hellip;","og_url":"https:\/\/ndpnoticias.com.mx\/?p=20434","og_site_name":"NDP Noticias","article_published_time":"2026-04-25T02:21:39+00:00","article_modified_time":"2026-04-25T02:21:42+00:00","og_image":[{"width":1080,"height":759,"url":"https:\/\/ndpnoticias.com.mx\/wp-content\/uploads\/2026\/04\/4c01e014-f898-4aba-8c69-08f661866b7d.jpeg","type":"image\/jpeg"}],"author":"admin","twitter_card":"summary_large_image","twitter_misc":{"Escrito por":"admin","Tiempo de lectura":"2 minutos"},"schema":{"@context":"https:\/\/schema.org","@graph":[{"@type":"Article","@id":"https:\/\/ndpnoticias.com.mx\/?p=20434#article","isPartOf":{"@id":"https:\/\/ndpnoticias.com.mx\/?p=20434"},"author":{"name":"admin","@id":"https:\/\/ndpnoticias.com.mx\/#\/schema\/person\/76f3f372c2bedd0bf44c0c3fb0adc6ca"},"headline":"PEDRO RODR\u00cdGUEZ ABRE L\u00cdNEA CONTRA LA DEPRESI\u00d3N JUVENIL","datePublished":"2026-04-25T02:21:39+00:00","dateModified":"2026-04-25T02:21:42+00:00","mainEntityOfPage":{"@id":"https:\/\/ndpnoticias.com.mx\/?p=20434"},"wordCount":370,"commentCount":0,"publisher":{"@id":"https:\/\/ndpnoticias.com.mx\/#organization"},"image":{"@id":"https:\/\/ndpnoticias.com.mx\/?p=20434#primaryimage"},"thumbnailUrl":"https:\/\/ndpnoticias.com.mx\/wp-content\/uploads\/2026\/04\/4c01e014-f898-4aba-8c69-08f661866b7d.jpeg","articleSection":["Atizap\u00e1n"],"inLanguage":"es","potentialAction":[{"@type":"CommentAction","name":"Comment","target":["https:\/\/ndpnoticias.com.mx\/?p=20434#respond"]}]},{"@type":"WebPage","@id":"https:\/\/ndpnoticias.com.mx\/?p=20434","url":"https:\/\/ndpnoticias.com.mx\/?p=20434","name":"PEDRO RODR\u00cdGUEZ ABRE L\u00cdNEA CONTRA LA DEPRESI\u00d3N JUVENIL - NDP Noticias","isPartOf":{"@id":"https:\/\/ndpnoticias.com.mx\/#website"},"primaryImageOfPage":{"@id":"https:\/\/ndpnoticias.com.mx\/?p=20434#primaryimage"},"image":{"@id":"https:\/\/ndpnoticias.com.mx\/?p=20434#primaryimage"},"thumbnailUrl":"https:\/\/ndpnoticias.com.mx\/wp-content\/uploads\/2026\/04\/4c01e014-f898-4aba-8c69-08f661866b7d.jpeg","datePublished":"2026-04-25T02:21:39+00:00","dateModified":"2026-04-25T02:21:42+00:00","breadcrumb":{"@id":"https:\/\/ndpnoticias.com.mx\/?p=20434#breadcrumb"},"inLanguage":"es","potentialAction":[{"@type":"ReadAction","target":["https:\/\/ndpnoticias.com.mx\/?p=20434"]}]},{"@type":"ImageObject","inLanguage":"es","@id":"https:\/\/ndpnoticias.com.mx\/?p=20434#primaryimage","url":"https:\/\/ndpnoticias.com.mx\/wp-content\/uploads\/2026\/04\/4c01e014-f898-4aba-8c69-08f661866b7d.jpeg","contentUrl":"https:\/\/ndpnoticias.com.mx\/wp-content\/uploads\/2026\/04\/4c01e014-f898-4aba-8c69-08f661866b7d.jpeg","width":1080,"height":759},{"@type":"BreadcrumbList","@id":"https:\/\/ndpnoticias.com.mx\/?p=20434#breadcrumb","itemListElement":[{"@type":"ListItem","position":1,"name":"Portada","item":"https:\/\/ndpnoticias.com.mx\/"},{"@type":"ListItem","position":2,"name":"PEDRO RODR\u00cdGUEZ ABRE L\u00cdNEA CONTRA LA DEPRESI\u00d3N JUVENIL"}]},{"@type":"WebSite","@id":"https:\/\/ndpnoticias.com.mx\/#website","url":"https:\/\/ndpnoticias.com.mx\/","name":"NDP Noticias","description":"","publisher":{"@id":"https:\/\/ndpnoticias.com.mx\/#organization"},"potentialAction":[{"@type":"SearchAction","target":{"@type":"EntryPoint","urlTemplate":"https:\/\/ndpnoticias.com.mx\/?s={search_term_string}"},"query-input":"required name=search_term_string"}],"inLanguage":"es"},{"@type":"Organization","@id":"https:\/\/ndpnoticias.com.mx\/#organization","name":"NDP Noticias","url":"https:\/\/ndpnoticias.com.mx\/","logo":{"@type":"ImageObject","inLanguage":"es","@id":"https:\/\/ndpnoticias.com.mx\/#\/schema\/logo\/image\/","url":"https:\/\/ndpnoticias.com.mx\/wp-content\/uploads\/2024\/01\/cropped-IMG_3802-1.jpeg","contentUrl":"https:\/\/ndpnoticias.com.mx\/wp-content\/uploads\/2024\/01\/cropped-IMG_3802-1.jpeg","width":472,"height":80,"caption":"NDP Noticias"},"image":{"@id":"https:\/\/ndpnoticias.com.mx\/#\/schema\/logo\/image\/"}},{"@type":"Person","@id":"https:\/\/ndpnoticias.com.mx\/#\/schema\/person\/76f3f372c2bedd0bf44c0c3fb0adc6ca","name":"admin","image":{"@type":"ImageObject","inLanguage":"es","@id":"https:\/\/ndpnoticias.com.mx\/#\/schema\/person\/image\/","url":"https:\/\/secure.gravatar.com\/avatar\/76d7e481f585a42e41243c8312642a6f526d9b06cd67b616fc58155ca4786d1a?s=96&d=mm&r=g","contentUrl":"https:\/\/secure.gravatar.com\/avatar\/76d7e481f585a42e41243c8312642a6f526d9b06cd67b616fc58155ca4786d1a?s=96&d=mm&r=g","caption":"admin"},"sameAs":["https:\/\/ndpnoticias.com.mx"],"url":"https:\/\/ndpnoticias.com.mx\/?author=1"}]}},"_links":{"self":[{"href":"https:\/\/ndpnoticias.com.mx\/index.php?rest_route=\/wp\/v2\/posts\/20434","targetHints":{"allow":["GET"]}}],"collection":[{"href":"https:\/\/ndpnoticias.com.mx\/index.php?rest_route=\/wp\/v2\/posts"}],"about":[{"href":"https:\/\/ndpnoticias.com.mx\/index.php?rest_route=\/wp\/v2\/types\/post"}],"author":[{"embeddable":true,"href":"https:\/\/ndpnoticias.com.mx\/index.php?rest_route=\/wp\/v2\/users\/1"}],"replies":[{"embeddable":true,"href":"https:\/\/ndpnoticias.com.mx\/index.php?rest_route=%2Fwp%2Fv2%2Fcomments&post=20434"}],"version-history":[{"count":1,"href":"https:\/\/ndpnoticias.com.mx\/index.php?rest_route=\/wp\/v2\/posts\/20434\/revisions"}],"predecessor-version":[{"id":20437,"href":"https:\/\/ndpnoticias.com.mx\/index.php?rest_route=\/wp\/v2\/posts\/20434\/revisions\/20437"}],"wp:featuredmedia":[{"embeddable":true,"href":"https:\/\/ndpnoticias.com.mx\/index.php?rest_route=\/wp\/v2\/media\/20436"}],"wp:attachment":[{"href":"https:\/\/ndpnoticias.com.mx\/index.php?rest_route=%2Fwp%2Fv2%2Fmedia&parent=20434"}],"wp:term":[{"taxonomy":"category","embeddable":true,"href":"https:\/\/ndpnoticias.com.mx\/index.php?rest_route=%2Fwp%2Fv2%2Fcategories&post=20434"},{"taxonomy":"post_tag","embeddable":true,"href":"https:\/\/ndpnoticias.com.mx\/index.php?rest_route=%2Fwp%2Fv2%2Ftags&post=20434"}],"curies":[{"name":"wp","href":"https:\/\/api.w.org\/{rel}","templated":true}]}}