{"id":20418,"date":"2026-04-24T14:06:34","date_gmt":"2026-04-24T20:06:34","guid":{"rendered":"https:\/\/ndpnoticias.com.mx\/?p=20418"},"modified":"2026-04-24T14:06:38","modified_gmt":"2026-04-24T20:06:38","slug":"chilin-y-pikin-encabezan-festejo-del-dia-de-la-nina-y-el-nino-en-cuautitlan","status":"publish","type":"post","link":"https:\/\/ndpnoticias.com.mx\/?p=20418","title":{"rendered":"CHILIN Y PIKIN ENCABEZAN FESTEJO DEL D\u00cdA DE LA NI\u00d1A Y EL NI\u00d1O EN CUAUTITL\u00c1N"},"content":{"rendered":"\n<p>\u2022Rifa de regalos y actividades gratuitas marcar\u00e1n el 3 de mayo; Juanita Carrillo coloca a la ni\u00f1ez como eje central<\/p>\n\n\n\n<p>CUAUTITL\u00c1N, M\u00c9X.\u2014 La apuesta por convertir la celebraci\u00f3n en un punto de encuentro familiar arrancar\u00e1 desde las 10:00 horas del pr\u00f3ximo 3 de mayo, cuando los campos de f\u00fatbol ubicados detr\u00e1s del Estadio Municipal \u201cLos Pinos\u201d se transformen en sede de uno de los eventos infantiles m\u00e1s esperados en Cuautitl\u00e1n.<\/p>\n\n\n\n<p>El Sistema Municipal DIF, en coordinaci\u00f3n con el Gobierno Municipal 2025\u20132027, confirm\u00f3 un programa que combina entretenimiento, din\u00e1micas recreativas y una rifa de regalos dirigida exclusivamente a ni\u00f1as y ni\u00f1os de hasta 14 a\u00f1os, quienes deber\u00e1n completar un registro previo para participar.<\/p>\n\n\n\n<p>El principal im\u00e1n del evento ser\u00e1 la presentaci\u00f3n de Chilin y Pikin, figuras con fuerte presencia en redes sociales, cuya participaci\u00f3n est\u00e1 dise\u00f1ada para detonar la asistencia y mantener una jornada enfocada en la diversi\u00f3n de los menores.<\/p>\n\n\n\n<p>M\u00e1s all\u00e1 del espect\u00e1culo, la presidenta municipal, Juanita Carrillo, subray\u00f3 el trasfondo de la estrategia: colocar a la infancia como prioridad en la agenda p\u00fablica. \u201cEn Cuautitl\u00e1n creemos firmemente que invertir en nuestras ni\u00f1as y ni\u00f1os es construir un mejor futuro para todas y todos\u201d, afirm\u00f3, al destacar que este tipo de actividades tambi\u00e9n apuntan a reforzar el tejido social y la formaci\u00f3n de valores desde edades tempranas.<\/p>\n\n\n\n<p>El DIF municipal proyecta este festejo no solo como una celebraci\u00f3n, sino como parte de una l\u00ednea de acci\u00f3n orientada a generar espacios de convivencia y bienestar integral para la ni\u00f1ez del municipio.<\/p>\n\n\n\n<figure class=\"wp-block-image size-large\"><img loading=\"lazy\" decoding=\"async\" width=\"819\" height=\"1024\" src=\"https:\/\/ndpnoticias.com.mx\/wp-content\/uploads\/2026\/04\/690a892e-1de2-4cae-bcdf-8866f158d973-819x1024.jpeg\" alt=\"\" class=\"wp-image-20420\" srcset=\"https:\/\/ndpnoticias.com.mx\/wp-content\/uploads\/2026\/04\/690a892e-1de2-4cae-bcdf-8866f158d973-819x1024.jpeg 819w, https:\/\/ndpnoticias.com.mx\/wp-content\/uploads\/2026\/04\/690a892e-1de2-4cae-bcdf-8866f158d973-240x300.jpeg 240w, https:\/\/ndpnoticias.com.mx\/wp-content\/uploads\/2026\/04\/690a892e-1de2-4cae-bcdf-8866f158d973-768x960.jpeg 768w, https:\/\/ndpnoticias.com.mx\/wp-content\/uploads\/2026\/04\/690a892e-1de2-4cae-bcdf-8866f158d973-1229x1536.jpeg 1229w, https:\/\/ndpnoticias.com.mx\/wp-content\/uploads\/2026\/04\/690a892e-1de2-4cae-bcdf-8866f158d973-600x750.jpeg 600w, https:\/\/ndpnoticias.com.mx\/wp-content\/uploads\/2026\/04\/690a892e-1de2-4cae-bcdf-8866f158d973.jpeg 1638w\" sizes=\"auto, (max-width: 819px) 100vw, 819px\" \/><figcaption class=\"wp-element-caption\">Screenshot<\/figcaption><\/figure>\n","protected":false},"excerpt":{"rendered":"<p>\u2022Rifa de regalos y actividades gratuitas marcar\u00e1n el 3 de mayo; Juanita Carrillo coloca a la ni\u00f1ez como eje central CUAUTITL\u00c1N, M\u00c9X.\u2014 La apuesta por convertir la celebraci\u00f3n en un&hellip; <\/p>\n","protected":false},"author":1,"featured_media":20419,"comment_status":"open","ping_status":"closed","sticky":false,"template":"","format":"standard","meta":{"footnotes":""},"categories":[36],"tags":[],"class_list":["post-20418","post","type-post","status-publish","format-standard","has-post-thumbnail","hentry","category-cuautitlan"],"yoast_head":"<!-- This site is optimized with the Yoast SEO plugin v22.9 - https:\/\/yoast.com\/wordpress\/plugins\/seo\/ -->\n<title>CHILIN Y PIKIN ENCABEZAN FESTEJO DEL D\u00cdA DE LA NI\u00d1A Y EL NI\u00d1O EN CUAUTITL\u00c1N - NDP Noticias<\/title>\n<meta name=\"robots\" content=\"index, follow, max-snippet:-1, max-image-preview:large, max-video-preview:-1\" \/>\n<link rel=\"canonical\" href=\"https:\/\/ndpnoticias.com.mx\/?p=20418\" \/>\n<meta property=\"og:locale\" content=\"es_ES\" \/>\n<meta property=\"og:type\" content=\"article\" \/>\n<meta property=\"og:title\" content=\"CHILIN Y PIKIN ENCABEZAN FESTEJO DEL D\u00cdA DE LA NI\u00d1A Y EL NI\u00d1O EN CUAUTITL\u00c1N - NDP Noticias\" \/>\n<meta property=\"og:description\" content=\"\u2022Rifa de regalos y actividades gratuitas marcar\u00e1n el 3 de mayo; Juanita Carrillo coloca a la ni\u00f1ez como eje central CUAUTITL\u00c1N, M\u00c9X.\u2014 La apuesta por convertir la celebraci\u00f3n en un&hellip;\" \/>\n<meta property=\"og:url\" content=\"https:\/\/ndpnoticias.com.mx\/?p=20418\" \/>\n<meta property=\"og:site_name\" content=\"NDP Noticias\" \/>\n<meta property=\"article:published_time\" content=\"2026-04-24T20:06:34+00:00\" \/>\n<meta property=\"article:modified_time\" content=\"2026-04-24T20:06:38+00:00\" \/>\n<meta property=\"og:image\" content=\"https:\/\/ndpnoticias.com.mx\/wp-content\/uploads\/2026\/04\/IMG_2183.jpeg\" \/>\n\t<meta property=\"og:image:width\" content=\"1169\" \/>\n\t<meta property=\"og:image:height\" content=\"658\" \/>\n\t<meta property=\"og:image:type\" content=\"image\/jpeg\" \/>\n<meta name=\"author\" content=\"admin\" \/>\n<meta name=\"twitter:card\" content=\"summary_large_image\" \/>\n<meta name=\"twitter:label1\" content=\"Escrito por\" \/>\n\t<meta name=\"twitter:data1\" content=\"admin\" \/>\n\t<meta name=\"twitter:label2\" content=\"Tiempo de lectura\" \/>\n\t<meta name=\"twitter:data2\" content=\"2 minutos\" \/>\n<script type=\"application\/ld+json\" class=\"yoast-schema-graph\">{\"@context\":\"https:\/\/schema.org\",\"@graph\":[{\"@type\":\"Article\",\"@id\":\"https:\/\/ndpnoticias.com.mx\/?p=20418#article\",\"isPartOf\":{\"@id\":\"https:\/\/ndpnoticias.com.mx\/?p=20418\"},\"author\":{\"name\":\"admin\",\"@id\":\"https:\/\/ndpnoticias.com.mx\/#\/schema\/person\/76f3f372c2bedd0bf44c0c3fb0adc6ca\"},\"headline\":\"CHILIN Y PIKIN ENCABEZAN FESTEJO DEL D\u00cdA DE LA NI\u00d1A Y EL NI\u00d1O EN CUAUTITL\u00c1N\",\"datePublished\":\"2026-04-24T20:06:34+00:00\",\"dateModified\":\"2026-04-24T20:06:38+00:00\",\"mainEntityOfPage\":{\"@id\":\"https:\/\/ndpnoticias.com.mx\/?p=20418\"},\"wordCount\":299,\"commentCount\":0,\"publisher\":{\"@id\":\"https:\/\/ndpnoticias.com.mx\/#organization\"},\"image\":{\"@id\":\"https:\/\/ndpnoticias.com.mx\/?p=20418#primaryimage\"},\"thumbnailUrl\":\"https:\/\/ndpnoticias.com.mx\/wp-content\/uploads\/2026\/04\/IMG_2183.jpeg\",\"articleSection\":[\"Cuautitl\u00e1n\"],\"inLanguage\":\"es\",\"potentialAction\":[{\"@type\":\"CommentAction\",\"name\":\"Comment\",\"target\":[\"https:\/\/ndpnoticias.com.mx\/?p=20418#respond\"]}]},{\"@type\":\"WebPage\",\"@id\":\"https:\/\/ndpnoticias.com.mx\/?p=20418\",\"url\":\"https:\/\/ndpnoticias.com.mx\/?p=20418\",\"name\":\"CHILIN Y PIKIN ENCABEZAN FESTEJO DEL D\u00cdA DE LA NI\u00d1A Y EL NI\u00d1O EN CUAUTITL\u00c1N - NDP Noticias\",\"isPartOf\":{\"@id\":\"https:\/\/ndpnoticias.com.mx\/#website\"},\"primaryImageOfPage\":{\"@id\":\"https:\/\/ndpnoticias.com.mx\/?p=20418#primaryimage\"},\"image\":{\"@id\":\"https:\/\/ndpnoticias.com.mx\/?p=20418#primaryimage\"},\"thumbnailUrl\":\"https:\/\/ndpnoticias.com.mx\/wp-content\/uploads\/2026\/04\/IMG_2183.jpeg\",\"datePublished\":\"2026-04-24T20:06:34+00:00\",\"dateModified\":\"2026-04-24T20:06:38+00:00\",\"breadcrumb\":{\"@id\":\"https:\/\/ndpnoticias.com.mx\/?p=20418#breadcrumb\"},\"inLanguage\":\"es\",\"potentialAction\":[{\"@type\":\"ReadAction\",\"target\":[\"https:\/\/ndpnoticias.com.mx\/?p=20418\"]}]},{\"@type\":\"ImageObject\",\"inLanguage\":\"es\",\"@id\":\"https:\/\/ndpnoticias.com.mx\/?p=20418#primaryimage\",\"url\":\"https:\/\/ndpnoticias.com.mx\/wp-content\/uploads\/2026\/04\/IMG_2183.jpeg\",\"contentUrl\":\"https:\/\/ndpnoticias.com.mx\/wp-content\/uploads\/2026\/04\/IMG_2183.jpeg\",\"width\":1169,\"height\":658,\"caption\":\"Screenshot\"},{\"@type\":\"BreadcrumbList\",\"@id\":\"https:\/\/ndpnoticias.com.mx\/?p=20418#breadcrumb\",\"itemListElement\":[{\"@type\":\"ListItem\",\"position\":1,\"name\":\"Portada\",\"item\":\"https:\/\/ndpnoticias.com.mx\/\"},{\"@type\":\"ListItem\",\"position\":2,\"name\":\"CHILIN Y PIKIN ENCABEZAN FESTEJO DEL D\u00cdA DE LA NI\u00d1A Y EL NI\u00d1O EN CUAUTITL\u00c1N\"}]},{\"@type\":\"WebSite\",\"@id\":\"https:\/\/ndpnoticias.com.mx\/#website\",\"url\":\"https:\/\/ndpnoticias.com.mx\/\",\"name\":\"NDP Noticias\",\"description\":\"\",\"publisher\":{\"@id\":\"https:\/\/ndpnoticias.com.mx\/#organization\"},\"potentialAction\":[{\"@type\":\"SearchAction\",\"target\":{\"@type\":\"EntryPoint\",\"urlTemplate\":\"https:\/\/ndpnoticias.com.mx\/?s={search_term_string}\"},\"query-input\":\"required name=search_term_string\"}],\"inLanguage\":\"es\"},{\"@type\":\"Organization\",\"@id\":\"https:\/\/ndpnoticias.com.mx\/#organization\",\"name\":\"NDP Noticias\",\"url\":\"https:\/\/ndpnoticias.com.mx\/\",\"logo\":{\"@type\":\"ImageObject\",\"inLanguage\":\"es\",\"@id\":\"https:\/\/ndpnoticias.com.mx\/#\/schema\/logo\/image\/\",\"url\":\"https:\/\/ndpnoticias.com.mx\/wp-content\/uploads\/2024\/01\/cropped-IMG_3802-1.jpeg\",\"contentUrl\":\"https:\/\/ndpnoticias.com.mx\/wp-content\/uploads\/2024\/01\/cropped-IMG_3802-1.jpeg\",\"width\":472,\"height\":80,\"caption\":\"NDP Noticias\"},\"image\":{\"@id\":\"https:\/\/ndpnoticias.com.mx\/#\/schema\/logo\/image\/\"}},{\"@type\":\"Person\",\"@id\":\"https:\/\/ndpnoticias.com.mx\/#\/schema\/person\/76f3f372c2bedd0bf44c0c3fb0adc6ca\",\"name\":\"admin\",\"image\":{\"@type\":\"ImageObject\",\"inLanguage\":\"es\",\"@id\":\"https:\/\/ndpnoticias.com.mx\/#\/schema\/person\/image\/\",\"url\":\"https:\/\/secure.gravatar.com\/avatar\/76d7e481f585a42e41243c8312642a6f526d9b06cd67b616fc58155ca4786d1a?s=96&d=mm&r=g\",\"contentUrl\":\"https:\/\/secure.gravatar.com\/avatar\/76d7e481f585a42e41243c8312642a6f526d9b06cd67b616fc58155ca4786d1a?s=96&d=mm&r=g\",\"caption\":\"admin\"},\"sameAs\":[\"https:\/\/ndpnoticias.com.mx\"],\"url\":\"https:\/\/ndpnoticias.com.mx\/?author=1\"}]}<\/script>\n<!-- \/ Yoast SEO plugin. -->","yoast_head_json":{"title":"CHILIN Y PIKIN ENCABEZAN FESTEJO DEL D\u00cdA DE LA NI\u00d1A Y EL NI\u00d1O EN CUAUTITL\u00c1N - NDP Noticias","robots":{"index":"index","follow":"follow","max-snippet":"max-snippet:-1","max-image-preview":"max-image-preview:large","max-video-preview":"max-video-preview:-1"},"canonical":"https:\/\/ndpnoticias.com.mx\/?p=20418","og_locale":"es_ES","og_type":"article","og_title":"CHILIN Y PIKIN ENCABEZAN FESTEJO DEL D\u00cdA DE LA NI\u00d1A Y EL NI\u00d1O EN CUAUTITL\u00c1N - NDP Noticias","og_description":"\u2022Rifa de regalos y actividades gratuitas marcar\u00e1n el 3 de mayo; Juanita Carrillo coloca a la ni\u00f1ez como eje central CUAUTITL\u00c1N, M\u00c9X.\u2014 La apuesta por convertir la celebraci\u00f3n en un&hellip;","og_url":"https:\/\/ndpnoticias.com.mx\/?p=20418","og_site_name":"NDP Noticias","article_published_time":"2026-04-24T20:06:34+00:00","article_modified_time":"2026-04-24T20:06:38+00:00","og_image":[{"width":1169,"height":658,"url":"https:\/\/ndpnoticias.com.mx\/wp-content\/uploads\/2026\/04\/IMG_2183.jpeg","type":"image\/jpeg"}],"author":"admin","twitter_card":"summary_large_image","twitter_misc":{"Escrito por":"admin","Tiempo de lectura":"2 minutos"},"schema":{"@context":"https:\/\/schema.org","@graph":[{"@type":"Article","@id":"https:\/\/ndpnoticias.com.mx\/?p=20418#article","isPartOf":{"@id":"https:\/\/ndpnoticias.com.mx\/?p=20418"},"author":{"name":"admin","@id":"https:\/\/ndpnoticias.com.mx\/#\/schema\/person\/76f3f372c2bedd0bf44c0c3fb0adc6ca"},"headline":"CHILIN Y PIKIN ENCABEZAN FESTEJO DEL D\u00cdA DE LA NI\u00d1A Y EL NI\u00d1O EN CUAUTITL\u00c1N","datePublished":"2026-04-24T20:06:34+00:00","dateModified":"2026-04-24T20:06:38+00:00","mainEntityOfPage":{"@id":"https:\/\/ndpnoticias.com.mx\/?p=20418"},"wordCount":299,"commentCount":0,"publisher":{"@id":"https:\/\/ndpnoticias.com.mx\/#organization"},"image":{"@id":"https:\/\/ndpnoticias.com.mx\/?p=20418#primaryimage"},"thumbnailUrl":"https:\/\/ndpnoticias.com.mx\/wp-content\/uploads\/2026\/04\/IMG_2183.jpeg","articleSection":["Cuautitl\u00e1n"],"inLanguage":"es","potentialAction":[{"@type":"CommentAction","name":"Comment","target":["https:\/\/ndpnoticias.com.mx\/?p=20418#respond"]}]},{"@type":"WebPage","@id":"https:\/\/ndpnoticias.com.mx\/?p=20418","url":"https:\/\/ndpnoticias.com.mx\/?p=20418","name":"CHILIN Y PIKIN ENCABEZAN FESTEJO DEL D\u00cdA DE LA NI\u00d1A Y EL NI\u00d1O EN CUAUTITL\u00c1N - NDP Noticias","isPartOf":{"@id":"https:\/\/ndpnoticias.com.mx\/#website"},"primaryImageOfPage":{"@id":"https:\/\/ndpnoticias.com.mx\/?p=20418#primaryimage"},"image":{"@id":"https:\/\/ndpnoticias.com.mx\/?p=20418#primaryimage"},"thumbnailUrl":"https:\/\/ndpnoticias.com.mx\/wp-content\/uploads\/2026\/04\/IMG_2183.jpeg","datePublished":"2026-04-24T20:06:34+00:00","dateModified":"2026-04-24T20:06:38+00:00","breadcrumb":{"@id":"https:\/\/ndpnoticias.com.mx\/?p=20418#breadcrumb"},"inLanguage":"es","potentialAction":[{"@type":"ReadAction","target":["https:\/\/ndpnoticias.com.mx\/?p=20418"]}]},{"@type":"ImageObject","inLanguage":"es","@id":"https:\/\/ndpnoticias.com.mx\/?p=20418#primaryimage","url":"https:\/\/ndpnoticias.com.mx\/wp-content\/uploads\/2026\/04\/IMG_2183.jpeg","contentUrl":"https:\/\/ndpnoticias.com.mx\/wp-content\/uploads\/2026\/04\/IMG_2183.jpeg","width":1169,"height":658,"caption":"Screenshot"},{"@type":"BreadcrumbList","@id":"https:\/\/ndpnoticias.com.mx\/?p=20418#breadcrumb","itemListElement":[{"@type":"ListItem","position":1,"name":"Portada","item":"https:\/\/ndpnoticias.com.mx\/"},{"@type":"ListItem","position":2,"name":"CHILIN Y PIKIN ENCABEZAN FESTEJO DEL D\u00cdA DE LA NI\u00d1A Y EL NI\u00d1O EN CUAUTITL\u00c1N"}]},{"@type":"WebSite","@id":"https:\/\/ndpnoticias.com.mx\/#website","url":"https:\/\/ndpnoticias.com.mx\/","name":"NDP Noticias","description":"","publisher":{"@id":"https:\/\/ndpnoticias.com.mx\/#organization"},"potentialAction":[{"@type":"SearchAction","target":{"@type":"EntryPoint","urlTemplate":"https:\/\/ndpnoticias.com.mx\/?s={search_term_string}"},"query-input":"required name=search_term_string"}],"inLanguage":"es"},{"@type":"Organization","@id":"https:\/\/ndpnoticias.com.mx\/#organization","name":"NDP Noticias","url":"https:\/\/ndpnoticias.com.mx\/","logo":{"@type":"ImageObject","inLanguage":"es","@id":"https:\/\/ndpnoticias.com.mx\/#\/schema\/logo\/image\/","url":"https:\/\/ndpnoticias.com.mx\/wp-content\/uploads\/2024\/01\/cropped-IMG_3802-1.jpeg","contentUrl":"https:\/\/ndpnoticias.com.mx\/wp-content\/uploads\/2024\/01\/cropped-IMG_3802-1.jpeg","width":472,"height":80,"caption":"NDP Noticias"},"image":{"@id":"https:\/\/ndpnoticias.com.mx\/#\/schema\/logo\/image\/"}},{"@type":"Person","@id":"https:\/\/ndpnoticias.com.mx\/#\/schema\/person\/76f3f372c2bedd0bf44c0c3fb0adc6ca","name":"admin","image":{"@type":"ImageObject","inLanguage":"es","@id":"https:\/\/ndpnoticias.com.mx\/#\/schema\/person\/image\/","url":"https:\/\/secure.gravatar.com\/avatar\/76d7e481f585a42e41243c8312642a6f526d9b06cd67b616fc58155ca4786d1a?s=96&d=mm&r=g","contentUrl":"https:\/\/secure.gravatar.com\/avatar\/76d7e481f585a42e41243c8312642a6f526d9b06cd67b616fc58155ca4786d1a?s=96&d=mm&r=g","caption":"admin"},"sameAs":["https:\/\/ndpnoticias.com.mx"],"url":"https:\/\/ndpnoticias.com.mx\/?author=1"}]}},"_links":{"self":[{"href":"https:\/\/ndpnoticias.com.mx\/index.php?rest_route=\/wp\/v2\/posts\/20418","targetHints":{"allow":["GET"]}}],"collection":[{"href":"https:\/\/ndpnoticias.com.mx\/index.php?rest_route=\/wp\/v2\/posts"}],"about":[{"href":"https:\/\/ndpnoticias.com.mx\/index.php?rest_route=\/wp\/v2\/types\/post"}],"author":[{"embeddable":true,"href":"https:\/\/ndpnoticias.com.mx\/index.php?rest_route=\/wp\/v2\/users\/1"}],"replies":[{"embeddable":true,"href":"https:\/\/ndpnoticias.com.mx\/index.php?rest_route=%2Fwp%2Fv2%2Fcomments&post=20418"}],"version-history":[{"count":1,"href":"https:\/\/ndpnoticias.com.mx\/index.php?rest_route=\/wp\/v2\/posts\/20418\/revisions"}],"predecessor-version":[{"id":20421,"href":"https:\/\/ndpnoticias.com.mx\/index.php?rest_route=\/wp\/v2\/posts\/20418\/revisions\/20421"}],"wp:featuredmedia":[{"embeddable":true,"href":"https:\/\/ndpnoticias.com.mx\/index.php?rest_route=\/wp\/v2\/media\/20419"}],"wp:attachment":[{"href":"https:\/\/ndpnoticias.com.mx\/index.php?rest_route=%2Fwp%2Fv2%2Fmedia&parent=20418"}],"wp:term":[{"taxonomy":"category","embeddable":true,"href":"https:\/\/ndpnoticias.com.mx\/index.php?rest_route=%2Fwp%2Fv2%2Fcategories&post=20418"},{"taxonomy":"post_tag","embeddable":true,"href":"https:\/\/ndpnoticias.com.mx\/index.php?rest_route=%2Fwp%2Fv2%2Ftags&post=20418"}],"curies":[{"name":"wp","href":"https:\/\/api.w.org\/{rel}","templated":true}]}}