{"id":19032,"date":"2026-03-08T19:09:14","date_gmt":"2026-03-09T01:09:14","guid":{"rendered":"https:\/\/ndpnoticias.com.mx\/?p=19032"},"modified":"2026-03-08T19:09:16","modified_gmt":"2026-03-09T01:09:16","slug":"enrique-vargas-llama-a-abogados-a-enfrentar-reforma-judicial","status":"publish","type":"post","link":"https:\/\/ndpnoticias.com.mx\/?p=19032","title":{"rendered":"ENRIQUE VARGAS LLAMA A ABOGADOS A ENFRENTAR REFORMA JUDICIAL"},"content":{"rendered":"\n<p>\u2022Durante la toma de protesta del Colegio de Abogados del Valle de M\u00e9xico en Huixquilucan, el senador critic\u00f3 el nuevo mecanismo para designar jueces y magistrados<\/p>\n\n\n\n<p>HUIXQUILUCAN, M\u00c9X.\u2014 La elecci\u00f3n de jueces y magistrados mediante un mecanismo de sorteo fue cuestionada por el senador Enrique Vargas del Villar, quien advirti\u00f3 que la reciente reforma judicial representa un escenario complejo para el ejercicio del Derecho en M\u00e9xico.<\/p>\n\n\n\n<p>El pronunciamiento se dio durante la toma de protesta de la mesa directiva de la filial Huixquilucan del Colegio de Abogados del Valle de M\u00e9xico, donde el legislador llam\u00f3 a litigantes del Estado de M\u00e9xico a mantener coordinaci\u00f3n y unidad frente a los cambios que, dijo, impactan el sistema de justicia.<\/p>\n\n\n\n<p>Vargas del Villar sostuvo que la reforma impulsada por Morena modific\u00f3 el modelo tradicional de carrera judicial y permiti\u00f3 la designaci\u00f3n de impartidores de justicia sin la experiencia necesaria. \u201cUstedes saben perfectamente lo que cuesta ser juez o magistrado y toda la carrera que tienen que hacer para que ahora Morena, con una t\u00f3mbola claramente ama\u00f1ada, eligiera jueces y magistrados sin la preparaci\u00f3n adecuada\u201d, afirm\u00f3.<\/p>\n\n\n\n<p>Ante integrantes del gremio jur\u00eddico, el senador reconoci\u00f3 el trabajo de las y los abogados que contin\u00faan ejerciendo su profesi\u00f3n pese al contexto que calific\u00f3 como adverso. En ese sentido, destac\u00f3 la trayectoria del Colegio de Abogados del Valle de M\u00e9xico, al que se\u00f1al\u00f3 como un referente de disciplina y constancia dentro de la abogac\u00eda.<\/p>\n\n\n\n<p>El legislador tambi\u00e9n se refiri\u00f3 a la propuesta de reforma electoral que actualmente se discute en el \u00e1mbito legislativo. Asegur\u00f3 que la iniciativa no contar\u00e1 con los votos necesarios para ser aprobada, ya que \u2014dijo\u2014 los partidos aliados de Morena no respaldar\u00e1n el proyecto.<\/p>\n\n\n\n<p>\u201cPor m\u00e1s presiones que han querido hacer en el Senado y en la C\u00e1mara de Diputados, no traen los votos de sus aliados y las leyes secundarias tampoco van a pasar\u201d, se\u00f1al\u00f3.<\/p>\n\n\n\n<p>En su intervenci\u00f3n, Vargas del Villar mencion\u00f3 que tanto el Partido del Trabajo como el Partido Verde Ecologista de M\u00e9xico han mantenido una postura que, a su juicio, impide que Morena concentre el control total del Poder Legislativo rumbo al proceso pol\u00edtico de 2027. Seg\u00fan el senador, el tema de la sobrerrepresentaci\u00f3n legislativa debe revisarse con urgencia, pues \u2014asegur\u00f3\u2014 ha permitido aprobar reformas que han generado debate en el pa\u00eds, entre ellas la judicial.<\/p>\n\n\n\n<figure class=\"wp-block-image size-large\"><img loading=\"lazy\" decoding=\"async\" width=\"1024\" height=\"684\" src=\"https:\/\/ndpnoticias.com.mx\/wp-content\/uploads\/2026\/03\/7491c95c-8c74-4d54-aab8-a54083d05cd9-1024x684.jpeg\" alt=\"\" class=\"wp-image-19033\" srcset=\"https:\/\/ndpnoticias.com.mx\/wp-content\/uploads\/2026\/03\/7491c95c-8c74-4d54-aab8-a54083d05cd9-1024x684.jpeg 1024w, https:\/\/ndpnoticias.com.mx\/wp-content\/uploads\/2026\/03\/7491c95c-8c74-4d54-aab8-a54083d05cd9-300x200.jpeg 300w, https:\/\/ndpnoticias.com.mx\/wp-content\/uploads\/2026\/03\/7491c95c-8c74-4d54-aab8-a54083d05cd9-768x513.jpeg 768w, https:\/\/ndpnoticias.com.mx\/wp-content\/uploads\/2026\/03\/7491c95c-8c74-4d54-aab8-a54083d05cd9-1536x1026.jpeg 1536w, https:\/\/ndpnoticias.com.mx\/wp-content\/uploads\/2026\/03\/7491c95c-8c74-4d54-aab8-a54083d05cd9-600x401.jpeg 600w, https:\/\/ndpnoticias.com.mx\/wp-content\/uploads\/2026\/03\/7491c95c-8c74-4d54-aab8-a54083d05cd9.jpeg 1600w\" sizes=\"auto, (max-width: 1024px) 100vw, 1024px\" \/><\/figure>\n","protected":false},"excerpt":{"rendered":"<p>\u2022Durante la toma de protesta del Colegio de Abogados del Valle de M\u00e9xico en Huixquilucan, el senador critic\u00f3 el nuevo mecanismo para designar jueces y magistrados HUIXQUILUCAN, M\u00c9X.\u2014 La elecci\u00f3n&hellip; <\/p>\n","protected":false},"author":1,"featured_media":19034,"comment_status":"open","ping_status":"closed","sticky":false,"template":"","format":"standard","meta":{"footnotes":""},"categories":[44],"tags":[],"class_list":["post-19032","post","type-post","status-publish","format-standard","has-post-thumbnail","hentry","category-senado"],"yoast_head":"<!-- This site is optimized with the Yoast SEO plugin v22.9 - https:\/\/yoast.com\/wordpress\/plugins\/seo\/ -->\n<title>ENRIQUE VARGAS LLAMA A ABOGADOS A ENFRENTAR REFORMA JUDICIAL - NDP Noticias<\/title>\n<meta name=\"robots\" content=\"index, follow, max-snippet:-1, max-image-preview:large, max-video-preview:-1\" \/>\n<link rel=\"canonical\" href=\"https:\/\/ndpnoticias.com.mx\/?p=19032\" \/>\n<meta property=\"og:locale\" content=\"es_ES\" \/>\n<meta property=\"og:type\" content=\"article\" \/>\n<meta property=\"og:title\" content=\"ENRIQUE VARGAS LLAMA A ABOGADOS A ENFRENTAR REFORMA JUDICIAL - NDP Noticias\" \/>\n<meta property=\"og:description\" content=\"\u2022Durante la toma de protesta del Colegio de Abogados del Valle de M\u00e9xico en Huixquilucan, el senador critic\u00f3 el nuevo mecanismo para designar jueces y magistrados HUIXQUILUCAN, M\u00c9X.\u2014 La elecci\u00f3n&hellip;\" \/>\n<meta property=\"og:url\" content=\"https:\/\/ndpnoticias.com.mx\/?p=19032\" \/>\n<meta property=\"og:site_name\" content=\"NDP Noticias\" \/>\n<meta property=\"article:published_time\" content=\"2026-03-09T01:09:14+00:00\" \/>\n<meta property=\"article:modified_time\" content=\"2026-03-09T01:09:16+00:00\" \/>\n<meta property=\"og:image\" content=\"https:\/\/ndpnoticias.com.mx\/wp-content\/uploads\/2026\/03\/bb4a1849-1dac-44ef-8a73-45269c7ad678.jpeg\" \/>\n\t<meta property=\"og:image:width\" content=\"1346\" \/>\n\t<meta property=\"og:image:height\" content=\"757\" \/>\n\t<meta property=\"og:image:type\" content=\"image\/jpeg\" \/>\n<meta name=\"author\" content=\"admin\" \/>\n<meta name=\"twitter:card\" content=\"summary_large_image\" \/>\n<meta name=\"twitter:label1\" content=\"Escrito por\" \/>\n\t<meta name=\"twitter:data1\" content=\"admin\" \/>\n\t<meta name=\"twitter:label2\" content=\"Tiempo de lectura\" \/>\n\t<meta name=\"twitter:data2\" content=\"3 minutos\" \/>\n<script type=\"application\/ld+json\" class=\"yoast-schema-graph\">{\"@context\":\"https:\/\/schema.org\",\"@graph\":[{\"@type\":\"Article\",\"@id\":\"https:\/\/ndpnoticias.com.mx\/?p=19032#article\",\"isPartOf\":{\"@id\":\"https:\/\/ndpnoticias.com.mx\/?p=19032\"},\"author\":{\"name\":\"admin\",\"@id\":\"https:\/\/ndpnoticias.com.mx\/#\/schema\/person\/76f3f372c2bedd0bf44c0c3fb0adc6ca\"},\"headline\":\"ENRIQUE VARGAS LLAMA A ABOGADOS A ENFRENTAR REFORMA JUDICIAL\",\"datePublished\":\"2026-03-09T01:09:14+00:00\",\"dateModified\":\"2026-03-09T01:09:16+00:00\",\"mainEntityOfPage\":{\"@id\":\"https:\/\/ndpnoticias.com.mx\/?p=19032\"},\"wordCount\":423,\"commentCount\":0,\"publisher\":{\"@id\":\"https:\/\/ndpnoticias.com.mx\/#organization\"},\"image\":{\"@id\":\"https:\/\/ndpnoticias.com.mx\/?p=19032#primaryimage\"},\"thumbnailUrl\":\"https:\/\/ndpnoticias.com.mx\/wp-content\/uploads\/2026\/03\/bb4a1849-1dac-44ef-8a73-45269c7ad678.jpeg\",\"articleSection\":[\"Senado\"],\"inLanguage\":\"es\",\"potentialAction\":[{\"@type\":\"CommentAction\",\"name\":\"Comment\",\"target\":[\"https:\/\/ndpnoticias.com.mx\/?p=19032#respond\"]}]},{\"@type\":\"WebPage\",\"@id\":\"https:\/\/ndpnoticias.com.mx\/?p=19032\",\"url\":\"https:\/\/ndpnoticias.com.mx\/?p=19032\",\"name\":\"ENRIQUE VARGAS LLAMA A ABOGADOS A ENFRENTAR REFORMA JUDICIAL - NDP Noticias\",\"isPartOf\":{\"@id\":\"https:\/\/ndpnoticias.com.mx\/#website\"},\"primaryImageOfPage\":{\"@id\":\"https:\/\/ndpnoticias.com.mx\/?p=19032#primaryimage\"},\"image\":{\"@id\":\"https:\/\/ndpnoticias.com.mx\/?p=19032#primaryimage\"},\"thumbnailUrl\":\"https:\/\/ndpnoticias.com.mx\/wp-content\/uploads\/2026\/03\/bb4a1849-1dac-44ef-8a73-45269c7ad678.jpeg\",\"datePublished\":\"2026-03-09T01:09:14+00:00\",\"dateModified\":\"2026-03-09T01:09:16+00:00\",\"breadcrumb\":{\"@id\":\"https:\/\/ndpnoticias.com.mx\/?p=19032#breadcrumb\"},\"inLanguage\":\"es\",\"potentialAction\":[{\"@type\":\"ReadAction\",\"target\":[\"https:\/\/ndpnoticias.com.mx\/?p=19032\"]}]},{\"@type\":\"ImageObject\",\"inLanguage\":\"es\",\"@id\":\"https:\/\/ndpnoticias.com.mx\/?p=19032#primaryimage\",\"url\":\"https:\/\/ndpnoticias.com.mx\/wp-content\/uploads\/2026\/03\/bb4a1849-1dac-44ef-8a73-45269c7ad678.jpeg\",\"contentUrl\":\"https:\/\/ndpnoticias.com.mx\/wp-content\/uploads\/2026\/03\/bb4a1849-1dac-44ef-8a73-45269c7ad678.jpeg\",\"width\":1346,\"height\":757},{\"@type\":\"BreadcrumbList\",\"@id\":\"https:\/\/ndpnoticias.com.mx\/?p=19032#breadcrumb\",\"itemListElement\":[{\"@type\":\"ListItem\",\"position\":1,\"name\":\"Portada\",\"item\":\"https:\/\/ndpnoticias.com.mx\/\"},{\"@type\":\"ListItem\",\"position\":2,\"name\":\"ENRIQUE VARGAS LLAMA A ABOGADOS A ENFRENTAR REFORMA JUDICIAL\"}]},{\"@type\":\"WebSite\",\"@id\":\"https:\/\/ndpnoticias.com.mx\/#website\",\"url\":\"https:\/\/ndpnoticias.com.mx\/\",\"name\":\"NDP Noticias\",\"description\":\"\",\"publisher\":{\"@id\":\"https:\/\/ndpnoticias.com.mx\/#organization\"},\"potentialAction\":[{\"@type\":\"SearchAction\",\"target\":{\"@type\":\"EntryPoint\",\"urlTemplate\":\"https:\/\/ndpnoticias.com.mx\/?s={search_term_string}\"},\"query-input\":\"required name=search_term_string\"}],\"inLanguage\":\"es\"},{\"@type\":\"Organization\",\"@id\":\"https:\/\/ndpnoticias.com.mx\/#organization\",\"name\":\"NDP Noticias\",\"url\":\"https:\/\/ndpnoticias.com.mx\/\",\"logo\":{\"@type\":\"ImageObject\",\"inLanguage\":\"es\",\"@id\":\"https:\/\/ndpnoticias.com.mx\/#\/schema\/logo\/image\/\",\"url\":\"https:\/\/ndpnoticias.com.mx\/wp-content\/uploads\/2024\/01\/cropped-IMG_3802-1.jpeg\",\"contentUrl\":\"https:\/\/ndpnoticias.com.mx\/wp-content\/uploads\/2024\/01\/cropped-IMG_3802-1.jpeg\",\"width\":472,\"height\":80,\"caption\":\"NDP Noticias\"},\"image\":{\"@id\":\"https:\/\/ndpnoticias.com.mx\/#\/schema\/logo\/image\/\"}},{\"@type\":\"Person\",\"@id\":\"https:\/\/ndpnoticias.com.mx\/#\/schema\/person\/76f3f372c2bedd0bf44c0c3fb0adc6ca\",\"name\":\"admin\",\"image\":{\"@type\":\"ImageObject\",\"inLanguage\":\"es\",\"@id\":\"https:\/\/ndpnoticias.com.mx\/#\/schema\/person\/image\/\",\"url\":\"https:\/\/secure.gravatar.com\/avatar\/76d7e481f585a42e41243c8312642a6f526d9b06cd67b616fc58155ca4786d1a?s=96&d=mm&r=g\",\"contentUrl\":\"https:\/\/secure.gravatar.com\/avatar\/76d7e481f585a42e41243c8312642a6f526d9b06cd67b616fc58155ca4786d1a?s=96&d=mm&r=g\",\"caption\":\"admin\"},\"sameAs\":[\"https:\/\/ndpnoticias.com.mx\"],\"url\":\"https:\/\/ndpnoticias.com.mx\/?author=1\"}]}<\/script>\n<!-- \/ Yoast SEO plugin. -->","yoast_head_json":{"title":"ENRIQUE VARGAS LLAMA A ABOGADOS A ENFRENTAR REFORMA JUDICIAL - NDP Noticias","robots":{"index":"index","follow":"follow","max-snippet":"max-snippet:-1","max-image-preview":"max-image-preview:large","max-video-preview":"max-video-preview:-1"},"canonical":"https:\/\/ndpnoticias.com.mx\/?p=19032","og_locale":"es_ES","og_type":"article","og_title":"ENRIQUE VARGAS LLAMA A ABOGADOS A ENFRENTAR REFORMA JUDICIAL - NDP Noticias","og_description":"\u2022Durante la toma de protesta del Colegio de Abogados del Valle de M\u00e9xico en Huixquilucan, el senador critic\u00f3 el nuevo mecanismo para designar jueces y magistrados HUIXQUILUCAN, M\u00c9X.\u2014 La elecci\u00f3n&hellip;","og_url":"https:\/\/ndpnoticias.com.mx\/?p=19032","og_site_name":"NDP Noticias","article_published_time":"2026-03-09T01:09:14+00:00","article_modified_time":"2026-03-09T01:09:16+00:00","og_image":[{"width":1346,"height":757,"url":"https:\/\/ndpnoticias.com.mx\/wp-content\/uploads\/2026\/03\/bb4a1849-1dac-44ef-8a73-45269c7ad678.jpeg","type":"image\/jpeg"}],"author":"admin","twitter_card":"summary_large_image","twitter_misc":{"Escrito por":"admin","Tiempo de lectura":"3 minutos"},"schema":{"@context":"https:\/\/schema.org","@graph":[{"@type":"Article","@id":"https:\/\/ndpnoticias.com.mx\/?p=19032#article","isPartOf":{"@id":"https:\/\/ndpnoticias.com.mx\/?p=19032"},"author":{"name":"admin","@id":"https:\/\/ndpnoticias.com.mx\/#\/schema\/person\/76f3f372c2bedd0bf44c0c3fb0adc6ca"},"headline":"ENRIQUE VARGAS LLAMA A ABOGADOS A ENFRENTAR REFORMA JUDICIAL","datePublished":"2026-03-09T01:09:14+00:00","dateModified":"2026-03-09T01:09:16+00:00","mainEntityOfPage":{"@id":"https:\/\/ndpnoticias.com.mx\/?p=19032"},"wordCount":423,"commentCount":0,"publisher":{"@id":"https:\/\/ndpnoticias.com.mx\/#organization"},"image":{"@id":"https:\/\/ndpnoticias.com.mx\/?p=19032#primaryimage"},"thumbnailUrl":"https:\/\/ndpnoticias.com.mx\/wp-content\/uploads\/2026\/03\/bb4a1849-1dac-44ef-8a73-45269c7ad678.jpeg","articleSection":["Senado"],"inLanguage":"es","potentialAction":[{"@type":"CommentAction","name":"Comment","target":["https:\/\/ndpnoticias.com.mx\/?p=19032#respond"]}]},{"@type":"WebPage","@id":"https:\/\/ndpnoticias.com.mx\/?p=19032","url":"https:\/\/ndpnoticias.com.mx\/?p=19032","name":"ENRIQUE VARGAS LLAMA A ABOGADOS A ENFRENTAR REFORMA JUDICIAL - NDP Noticias","isPartOf":{"@id":"https:\/\/ndpnoticias.com.mx\/#website"},"primaryImageOfPage":{"@id":"https:\/\/ndpnoticias.com.mx\/?p=19032#primaryimage"},"image":{"@id":"https:\/\/ndpnoticias.com.mx\/?p=19032#primaryimage"},"thumbnailUrl":"https:\/\/ndpnoticias.com.mx\/wp-content\/uploads\/2026\/03\/bb4a1849-1dac-44ef-8a73-45269c7ad678.jpeg","datePublished":"2026-03-09T01:09:14+00:00","dateModified":"2026-03-09T01:09:16+00:00","breadcrumb":{"@id":"https:\/\/ndpnoticias.com.mx\/?p=19032#breadcrumb"},"inLanguage":"es","potentialAction":[{"@type":"ReadAction","target":["https:\/\/ndpnoticias.com.mx\/?p=19032"]}]},{"@type":"ImageObject","inLanguage":"es","@id":"https:\/\/ndpnoticias.com.mx\/?p=19032#primaryimage","url":"https:\/\/ndpnoticias.com.mx\/wp-content\/uploads\/2026\/03\/bb4a1849-1dac-44ef-8a73-45269c7ad678.jpeg","contentUrl":"https:\/\/ndpnoticias.com.mx\/wp-content\/uploads\/2026\/03\/bb4a1849-1dac-44ef-8a73-45269c7ad678.jpeg","width":1346,"height":757},{"@type":"BreadcrumbList","@id":"https:\/\/ndpnoticias.com.mx\/?p=19032#breadcrumb","itemListElement":[{"@type":"ListItem","position":1,"name":"Portada","item":"https:\/\/ndpnoticias.com.mx\/"},{"@type":"ListItem","position":2,"name":"ENRIQUE VARGAS LLAMA A ABOGADOS A ENFRENTAR REFORMA JUDICIAL"}]},{"@type":"WebSite","@id":"https:\/\/ndpnoticias.com.mx\/#website","url":"https:\/\/ndpnoticias.com.mx\/","name":"NDP Noticias","description":"","publisher":{"@id":"https:\/\/ndpnoticias.com.mx\/#organization"},"potentialAction":[{"@type":"SearchAction","target":{"@type":"EntryPoint","urlTemplate":"https:\/\/ndpnoticias.com.mx\/?s={search_term_string}"},"query-input":"required name=search_term_string"}],"inLanguage":"es"},{"@type":"Organization","@id":"https:\/\/ndpnoticias.com.mx\/#organization","name":"NDP Noticias","url":"https:\/\/ndpnoticias.com.mx\/","logo":{"@type":"ImageObject","inLanguage":"es","@id":"https:\/\/ndpnoticias.com.mx\/#\/schema\/logo\/image\/","url":"https:\/\/ndpnoticias.com.mx\/wp-content\/uploads\/2024\/01\/cropped-IMG_3802-1.jpeg","contentUrl":"https:\/\/ndpnoticias.com.mx\/wp-content\/uploads\/2024\/01\/cropped-IMG_3802-1.jpeg","width":472,"height":80,"caption":"NDP Noticias"},"image":{"@id":"https:\/\/ndpnoticias.com.mx\/#\/schema\/logo\/image\/"}},{"@type":"Person","@id":"https:\/\/ndpnoticias.com.mx\/#\/schema\/person\/76f3f372c2bedd0bf44c0c3fb0adc6ca","name":"admin","image":{"@type":"ImageObject","inLanguage":"es","@id":"https:\/\/ndpnoticias.com.mx\/#\/schema\/person\/image\/","url":"https:\/\/secure.gravatar.com\/avatar\/76d7e481f585a42e41243c8312642a6f526d9b06cd67b616fc58155ca4786d1a?s=96&d=mm&r=g","contentUrl":"https:\/\/secure.gravatar.com\/avatar\/76d7e481f585a42e41243c8312642a6f526d9b06cd67b616fc58155ca4786d1a?s=96&d=mm&r=g","caption":"admin"},"sameAs":["https:\/\/ndpnoticias.com.mx"],"url":"https:\/\/ndpnoticias.com.mx\/?author=1"}]}},"_links":{"self":[{"href":"https:\/\/ndpnoticias.com.mx\/index.php?rest_route=\/wp\/v2\/posts\/19032","targetHints":{"allow":["GET"]}}],"collection":[{"href":"https:\/\/ndpnoticias.com.mx\/index.php?rest_route=\/wp\/v2\/posts"}],"about":[{"href":"https:\/\/ndpnoticias.com.mx\/index.php?rest_route=\/wp\/v2\/types\/post"}],"author":[{"embeddable":true,"href":"https:\/\/ndpnoticias.com.mx\/index.php?rest_route=\/wp\/v2\/users\/1"}],"replies":[{"embeddable":true,"href":"https:\/\/ndpnoticias.com.mx\/index.php?rest_route=%2Fwp%2Fv2%2Fcomments&post=19032"}],"version-history":[{"count":1,"href":"https:\/\/ndpnoticias.com.mx\/index.php?rest_route=\/wp\/v2\/posts\/19032\/revisions"}],"predecessor-version":[{"id":19035,"href":"https:\/\/ndpnoticias.com.mx\/index.php?rest_route=\/wp\/v2\/posts\/19032\/revisions\/19035"}],"wp:featuredmedia":[{"embeddable":true,"href":"https:\/\/ndpnoticias.com.mx\/index.php?rest_route=\/wp\/v2\/media\/19034"}],"wp:attachment":[{"href":"https:\/\/ndpnoticias.com.mx\/index.php?rest_route=%2Fwp%2Fv2%2Fmedia&parent=19032"}],"wp:term":[{"taxonomy":"category","embeddable":true,"href":"https:\/\/ndpnoticias.com.mx\/index.php?rest_route=%2Fwp%2Fv2%2Fcategories&post=19032"},{"taxonomy":"post_tag","embeddable":true,"href":"https:\/\/ndpnoticias.com.mx\/index.php?rest_route=%2Fwp%2Fv2%2Ftags&post=19032"}],"curies":[{"name":"wp","href":"https:\/\/api.w.org\/{rel}","templated":true}]}}