{"id":16209,"date":"2025-11-28T17:09:06","date_gmt":"2025-11-28T23:09:06","guid":{"rendered":"https:\/\/ndpnoticias.com.mx\/?p=16209"},"modified":"2025-11-28T17:09:09","modified_gmt":"2025-11-28T23:09:09","slug":"edomex-abre-sus-puertas-al-mundo","status":"publish","type":"post","link":"https:\/\/ndpnoticias.com.mx\/?p=16209","title":{"rendered":"EDOM\u00c9X ABRE SUS PUERTAS AL MUNDO"},"content":{"rendered":"\n<p>\u2014Delfina G\u00f3mez impulsa la proyecci\u00f3n internacional del campo mexiquense<\/p>\n\n\n\n<p>METEPEC, M\u00c9X.- Metepec se convirti\u00f3 en el punto de encuentro del sector agroalimentario con la inauguraci\u00f3n de la Segunda Expo Agro Alimentaria Internacional Estado de M\u00e9xico 2025, acto encabezado por la Gobernadora Delfina G\u00f3mez \u00c1lvarez, quien reafirm\u00f3 su compromiso de posicionar los productos mexiquenses en mercados nacionales e internacionales.<\/p>\n\n\n\n<p>La mandataria destac\u00f3 que esta edici\u00f3n re\u00fane a especialistas, compradores y productores de 13 pa\u00edses, entre ellos Estados Unidos, Canad\u00e1, Brasil, Italia, China, Hungr\u00eda, Rusia, Espa\u00f1a y Vietnam, con el objetivo de fortalecer v\u00ednculos comerciales, compartir conocimientos y elevar la productividad del campo mexiquense.<\/p>\n\n\n\n<p>G\u00f3mez \u00c1lvarez subray\u00f3 que su administraci\u00f3n trabaja para revertir d\u00e9cadas de rezago en el sector rural. Record\u00f3 que a trav\u00e9s de los programas Transformando el Campo y Rescate al Campo se han entregado m\u00e1s de 29 mil apoyos, adem\u00e1s de maquinaria y equipamiento. Tambi\u00e9n celebr\u00f3 la reciente Denominaci\u00f3n de Origen del mezcal mexiquense, un logro que aumenta su valor y competitividad.<\/p>\n\n\n\n<p>\u201cQueremos un campo justo, productivo y con visi\u00f3n de futuro. Que el alimento que se produce en nuestra tierra llegue directamente a las mesas sin intermediarios que encarezcan su precio\u201d, afirm\u00f3 la gobernadora.<\/p>\n\n\n\n<p>La secretaria del Campo, Mar\u00eda Eugenia Rojano Vald\u00e9s, destac\u00f3 que la Expo busca acercar a productores y consumidores para fortalecer la autosuficiencia alimentaria y promover una agricultura sustentable.<\/p>\n\n\n\n<p>El evento, instalado en la avenida Estado de M\u00e9xico en la colonia Llano Grande, ofrece acceso gratuito \u2014previo registro\u2014 de 10:00 a 18:00 horas. Las actividades incluyen conversatorios con especialistas, mesas de negocios, exhibici\u00f3n de maquinaria e insumos, corredor gastron\u00f3mico, muestra ganadera, granja infantil y actividades culturales. M\u00e1s de 250 m\u00f3dulos presentan productos como quesos, flores, mezcal, licores, caf\u00e9 y otros art\u00edculos agroindustriales.<\/p>\n\n\n\n<p>En la inauguraci\u00f3n estuvieron presentes representantes diplom\u00e1ticos de China, Costa de Marfil, Vietnam, Hungr\u00eda, Rusia y Canad\u00e1, as\u00ed como autoridades estatales y productores de diversas regiones del Estado de M\u00e9xico, marcando el inicio de dos d\u00edas de intercambio y oportunidades para el campo mexiquense.<\/p>\n\n\n","protected":false},"excerpt":{"rendered":"<p>\u2014Delfina G\u00f3mez impulsa la proyecci\u00f3n internacional del campo mexiquense METEPEC, M\u00c9X.- Metepec se convirti\u00f3 en el punto de encuentro del sector agroalimentario con la inauguraci\u00f3n de la Segunda Expo Agro&hellip; <\/p>\n","protected":false},"author":1,"featured_media":16210,"comment_status":"open","ping_status":"closed","sticky":false,"template":"","format":"standard","meta":{"footnotes":""},"categories":[20,19],"tags":[],"class_list":["post-16209","post","type-post","status-publish","format-standard","has-post-thumbnail","hentry","category-destacadas","category-gem"],"yoast_head":"<!-- This site is optimized with the Yoast SEO plugin v22.9 - https:\/\/yoast.com\/wordpress\/plugins\/seo\/ -->\n<title>EDOM\u00c9X ABRE SUS PUERTAS AL MUNDO - NDP Noticias<\/title>\n<meta name=\"robots\" content=\"index, follow, max-snippet:-1, max-image-preview:large, max-video-preview:-1\" \/>\n<link rel=\"canonical\" href=\"https:\/\/ndpnoticias.com.mx\/?p=16209\" \/>\n<meta property=\"og:locale\" content=\"es_ES\" \/>\n<meta property=\"og:type\" content=\"article\" \/>\n<meta property=\"og:title\" content=\"EDOM\u00c9X ABRE SUS PUERTAS AL MUNDO - NDP Noticias\" \/>\n<meta property=\"og:description\" content=\"\u2014Delfina G\u00f3mez impulsa la proyecci\u00f3n internacional del campo mexiquense METEPEC, M\u00c9X.- Metepec se convirti\u00f3 en el punto de encuentro del sector agroalimentario con la inauguraci\u00f3n de la Segunda Expo Agro&hellip;\" \/>\n<meta property=\"og:url\" content=\"https:\/\/ndpnoticias.com.mx\/?p=16209\" \/>\n<meta property=\"og:site_name\" content=\"NDP Noticias\" \/>\n<meta property=\"article:published_time\" content=\"2025-11-28T23:09:06+00:00\" \/>\n<meta property=\"article:modified_time\" content=\"2025-11-28T23:09:09+00:00\" \/>\n<meta property=\"og:image\" content=\"https:\/\/ndpnoticias.com.mx\/wp-content\/uploads\/2025\/11\/ddeee6a0-4300-46eb-a4ab-a8b862020961.jpeg\" \/>\n\t<meta property=\"og:image:width\" content=\"1280\" \/>\n\t<meta property=\"og:image:height\" content=\"854\" \/>\n\t<meta property=\"og:image:type\" content=\"image\/jpeg\" \/>\n<meta name=\"author\" content=\"admin\" \/>\n<meta name=\"twitter:card\" content=\"summary_large_image\" \/>\n<meta name=\"twitter:label1\" content=\"Escrito por\" \/>\n\t<meta name=\"twitter:data1\" content=\"admin\" \/>\n\t<meta name=\"twitter:label2\" content=\"Tiempo de lectura\" \/>\n\t<meta name=\"twitter:data2\" content=\"2 minutos\" \/>\n<script type=\"application\/ld+json\" class=\"yoast-schema-graph\">{\"@context\":\"https:\/\/schema.org\",\"@graph\":[{\"@type\":\"Article\",\"@id\":\"https:\/\/ndpnoticias.com.mx\/?p=16209#article\",\"isPartOf\":{\"@id\":\"https:\/\/ndpnoticias.com.mx\/?p=16209\"},\"author\":{\"name\":\"admin\",\"@id\":\"https:\/\/ndpnoticias.com.mx\/#\/schema\/person\/76f3f372c2bedd0bf44c0c3fb0adc6ca\"},\"headline\":\"EDOM\u00c9X ABRE SUS PUERTAS AL MUNDO\",\"datePublished\":\"2025-11-28T23:09:06+00:00\",\"dateModified\":\"2025-11-28T23:09:09+00:00\",\"mainEntityOfPage\":{\"@id\":\"https:\/\/ndpnoticias.com.mx\/?p=16209\"},\"wordCount\":367,\"commentCount\":0,\"publisher\":{\"@id\":\"https:\/\/ndpnoticias.com.mx\/#organization\"},\"image\":{\"@id\":\"https:\/\/ndpnoticias.com.mx\/?p=16209#primaryimage\"},\"thumbnailUrl\":\"https:\/\/ndpnoticias.com.mx\/wp-content\/uploads\/2025\/11\/ddeee6a0-4300-46eb-a4ab-a8b862020961.jpeg\",\"articleSection\":[\"Destacadas\",\"GEM\"],\"inLanguage\":\"es\",\"potentialAction\":[{\"@type\":\"CommentAction\",\"name\":\"Comment\",\"target\":[\"https:\/\/ndpnoticias.com.mx\/?p=16209#respond\"]}]},{\"@type\":\"WebPage\",\"@id\":\"https:\/\/ndpnoticias.com.mx\/?p=16209\",\"url\":\"https:\/\/ndpnoticias.com.mx\/?p=16209\",\"name\":\"EDOM\u00c9X ABRE SUS PUERTAS AL MUNDO - NDP Noticias\",\"isPartOf\":{\"@id\":\"https:\/\/ndpnoticias.com.mx\/#website\"},\"primaryImageOfPage\":{\"@id\":\"https:\/\/ndpnoticias.com.mx\/?p=16209#primaryimage\"},\"image\":{\"@id\":\"https:\/\/ndpnoticias.com.mx\/?p=16209#primaryimage\"},\"thumbnailUrl\":\"https:\/\/ndpnoticias.com.mx\/wp-content\/uploads\/2025\/11\/ddeee6a0-4300-46eb-a4ab-a8b862020961.jpeg\",\"datePublished\":\"2025-11-28T23:09:06+00:00\",\"dateModified\":\"2025-11-28T23:09:09+00:00\",\"breadcrumb\":{\"@id\":\"https:\/\/ndpnoticias.com.mx\/?p=16209#breadcrumb\"},\"inLanguage\":\"es\",\"potentialAction\":[{\"@type\":\"ReadAction\",\"target\":[\"https:\/\/ndpnoticias.com.mx\/?p=16209\"]}]},{\"@type\":\"ImageObject\",\"inLanguage\":\"es\",\"@id\":\"https:\/\/ndpnoticias.com.mx\/?p=16209#primaryimage\",\"url\":\"https:\/\/ndpnoticias.com.mx\/wp-content\/uploads\/2025\/11\/ddeee6a0-4300-46eb-a4ab-a8b862020961.jpeg\",\"contentUrl\":\"https:\/\/ndpnoticias.com.mx\/wp-content\/uploads\/2025\/11\/ddeee6a0-4300-46eb-a4ab-a8b862020961.jpeg\",\"width\":1280,\"height\":854},{\"@type\":\"BreadcrumbList\",\"@id\":\"https:\/\/ndpnoticias.com.mx\/?p=16209#breadcrumb\",\"itemListElement\":[{\"@type\":\"ListItem\",\"position\":1,\"name\":\"Portada\",\"item\":\"https:\/\/ndpnoticias.com.mx\/\"},{\"@type\":\"ListItem\",\"position\":2,\"name\":\"EDOM\u00c9X ABRE SUS PUERTAS AL MUNDO\"}]},{\"@type\":\"WebSite\",\"@id\":\"https:\/\/ndpnoticias.com.mx\/#website\",\"url\":\"https:\/\/ndpnoticias.com.mx\/\",\"name\":\"NDP Noticias\",\"description\":\"\",\"publisher\":{\"@id\":\"https:\/\/ndpnoticias.com.mx\/#organization\"},\"potentialAction\":[{\"@type\":\"SearchAction\",\"target\":{\"@type\":\"EntryPoint\",\"urlTemplate\":\"https:\/\/ndpnoticias.com.mx\/?s={search_term_string}\"},\"query-input\":\"required name=search_term_string\"}],\"inLanguage\":\"es\"},{\"@type\":\"Organization\",\"@id\":\"https:\/\/ndpnoticias.com.mx\/#organization\",\"name\":\"NDP Noticias\",\"url\":\"https:\/\/ndpnoticias.com.mx\/\",\"logo\":{\"@type\":\"ImageObject\",\"inLanguage\":\"es\",\"@id\":\"https:\/\/ndpnoticias.com.mx\/#\/schema\/logo\/image\/\",\"url\":\"https:\/\/ndpnoticias.com.mx\/wp-content\/uploads\/2024\/01\/cropped-IMG_3802-1.jpeg\",\"contentUrl\":\"https:\/\/ndpnoticias.com.mx\/wp-content\/uploads\/2024\/01\/cropped-IMG_3802-1.jpeg\",\"width\":472,\"height\":80,\"caption\":\"NDP Noticias\"},\"image\":{\"@id\":\"https:\/\/ndpnoticias.com.mx\/#\/schema\/logo\/image\/\"}},{\"@type\":\"Person\",\"@id\":\"https:\/\/ndpnoticias.com.mx\/#\/schema\/person\/76f3f372c2bedd0bf44c0c3fb0adc6ca\",\"name\":\"admin\",\"image\":{\"@type\":\"ImageObject\",\"inLanguage\":\"es\",\"@id\":\"https:\/\/ndpnoticias.com.mx\/#\/schema\/person\/image\/\",\"url\":\"https:\/\/secure.gravatar.com\/avatar\/76d7e481f585a42e41243c8312642a6f526d9b06cd67b616fc58155ca4786d1a?s=96&d=mm&r=g\",\"contentUrl\":\"https:\/\/secure.gravatar.com\/avatar\/76d7e481f585a42e41243c8312642a6f526d9b06cd67b616fc58155ca4786d1a?s=96&d=mm&r=g\",\"caption\":\"admin\"},\"sameAs\":[\"https:\/\/ndpnoticias.com.mx\"],\"url\":\"https:\/\/ndpnoticias.com.mx\/?author=1\"}]}<\/script>\n<!-- \/ Yoast SEO plugin. -->","yoast_head_json":{"title":"EDOM\u00c9X ABRE SUS PUERTAS AL MUNDO - NDP Noticias","robots":{"index":"index","follow":"follow","max-snippet":"max-snippet:-1","max-image-preview":"max-image-preview:large","max-video-preview":"max-video-preview:-1"},"canonical":"https:\/\/ndpnoticias.com.mx\/?p=16209","og_locale":"es_ES","og_type":"article","og_title":"EDOM\u00c9X ABRE SUS PUERTAS AL MUNDO - NDP Noticias","og_description":"\u2014Delfina G\u00f3mez impulsa la proyecci\u00f3n internacional del campo mexiquense METEPEC, M\u00c9X.- Metepec se convirti\u00f3 en el punto de encuentro del sector agroalimentario con la inauguraci\u00f3n de la Segunda Expo Agro&hellip;","og_url":"https:\/\/ndpnoticias.com.mx\/?p=16209","og_site_name":"NDP Noticias","article_published_time":"2025-11-28T23:09:06+00:00","article_modified_time":"2025-11-28T23:09:09+00:00","og_image":[{"width":1280,"height":854,"url":"https:\/\/ndpnoticias.com.mx\/wp-content\/uploads\/2025\/11\/ddeee6a0-4300-46eb-a4ab-a8b862020961.jpeg","type":"image\/jpeg"}],"author":"admin","twitter_card":"summary_large_image","twitter_misc":{"Escrito por":"admin","Tiempo de lectura":"2 minutos"},"schema":{"@context":"https:\/\/schema.org","@graph":[{"@type":"Article","@id":"https:\/\/ndpnoticias.com.mx\/?p=16209#article","isPartOf":{"@id":"https:\/\/ndpnoticias.com.mx\/?p=16209"},"author":{"name":"admin","@id":"https:\/\/ndpnoticias.com.mx\/#\/schema\/person\/76f3f372c2bedd0bf44c0c3fb0adc6ca"},"headline":"EDOM\u00c9X ABRE SUS PUERTAS AL MUNDO","datePublished":"2025-11-28T23:09:06+00:00","dateModified":"2025-11-28T23:09:09+00:00","mainEntityOfPage":{"@id":"https:\/\/ndpnoticias.com.mx\/?p=16209"},"wordCount":367,"commentCount":0,"publisher":{"@id":"https:\/\/ndpnoticias.com.mx\/#organization"},"image":{"@id":"https:\/\/ndpnoticias.com.mx\/?p=16209#primaryimage"},"thumbnailUrl":"https:\/\/ndpnoticias.com.mx\/wp-content\/uploads\/2025\/11\/ddeee6a0-4300-46eb-a4ab-a8b862020961.jpeg","articleSection":["Destacadas","GEM"],"inLanguage":"es","potentialAction":[{"@type":"CommentAction","name":"Comment","target":["https:\/\/ndpnoticias.com.mx\/?p=16209#respond"]}]},{"@type":"WebPage","@id":"https:\/\/ndpnoticias.com.mx\/?p=16209","url":"https:\/\/ndpnoticias.com.mx\/?p=16209","name":"EDOM\u00c9X ABRE SUS PUERTAS AL MUNDO - NDP Noticias","isPartOf":{"@id":"https:\/\/ndpnoticias.com.mx\/#website"},"primaryImageOfPage":{"@id":"https:\/\/ndpnoticias.com.mx\/?p=16209#primaryimage"},"image":{"@id":"https:\/\/ndpnoticias.com.mx\/?p=16209#primaryimage"},"thumbnailUrl":"https:\/\/ndpnoticias.com.mx\/wp-content\/uploads\/2025\/11\/ddeee6a0-4300-46eb-a4ab-a8b862020961.jpeg","datePublished":"2025-11-28T23:09:06+00:00","dateModified":"2025-11-28T23:09:09+00:00","breadcrumb":{"@id":"https:\/\/ndpnoticias.com.mx\/?p=16209#breadcrumb"},"inLanguage":"es","potentialAction":[{"@type":"ReadAction","target":["https:\/\/ndpnoticias.com.mx\/?p=16209"]}]},{"@type":"ImageObject","inLanguage":"es","@id":"https:\/\/ndpnoticias.com.mx\/?p=16209#primaryimage","url":"https:\/\/ndpnoticias.com.mx\/wp-content\/uploads\/2025\/11\/ddeee6a0-4300-46eb-a4ab-a8b862020961.jpeg","contentUrl":"https:\/\/ndpnoticias.com.mx\/wp-content\/uploads\/2025\/11\/ddeee6a0-4300-46eb-a4ab-a8b862020961.jpeg","width":1280,"height":854},{"@type":"BreadcrumbList","@id":"https:\/\/ndpnoticias.com.mx\/?p=16209#breadcrumb","itemListElement":[{"@type":"ListItem","position":1,"name":"Portada","item":"https:\/\/ndpnoticias.com.mx\/"},{"@type":"ListItem","position":2,"name":"EDOM\u00c9X ABRE SUS PUERTAS AL MUNDO"}]},{"@type":"WebSite","@id":"https:\/\/ndpnoticias.com.mx\/#website","url":"https:\/\/ndpnoticias.com.mx\/","name":"NDP Noticias","description":"","publisher":{"@id":"https:\/\/ndpnoticias.com.mx\/#organization"},"potentialAction":[{"@type":"SearchAction","target":{"@type":"EntryPoint","urlTemplate":"https:\/\/ndpnoticias.com.mx\/?s={search_term_string}"},"query-input":"required name=search_term_string"}],"inLanguage":"es"},{"@type":"Organization","@id":"https:\/\/ndpnoticias.com.mx\/#organization","name":"NDP Noticias","url":"https:\/\/ndpnoticias.com.mx\/","logo":{"@type":"ImageObject","inLanguage":"es","@id":"https:\/\/ndpnoticias.com.mx\/#\/schema\/logo\/image\/","url":"https:\/\/ndpnoticias.com.mx\/wp-content\/uploads\/2024\/01\/cropped-IMG_3802-1.jpeg","contentUrl":"https:\/\/ndpnoticias.com.mx\/wp-content\/uploads\/2024\/01\/cropped-IMG_3802-1.jpeg","width":472,"height":80,"caption":"NDP Noticias"},"image":{"@id":"https:\/\/ndpnoticias.com.mx\/#\/schema\/logo\/image\/"}},{"@type":"Person","@id":"https:\/\/ndpnoticias.com.mx\/#\/schema\/person\/76f3f372c2bedd0bf44c0c3fb0adc6ca","name":"admin","image":{"@type":"ImageObject","inLanguage":"es","@id":"https:\/\/ndpnoticias.com.mx\/#\/schema\/person\/image\/","url":"https:\/\/secure.gravatar.com\/avatar\/76d7e481f585a42e41243c8312642a6f526d9b06cd67b616fc58155ca4786d1a?s=96&d=mm&r=g","contentUrl":"https:\/\/secure.gravatar.com\/avatar\/76d7e481f585a42e41243c8312642a6f526d9b06cd67b616fc58155ca4786d1a?s=96&d=mm&r=g","caption":"admin"},"sameAs":["https:\/\/ndpnoticias.com.mx"],"url":"https:\/\/ndpnoticias.com.mx\/?author=1"}]}},"_links":{"self":[{"href":"https:\/\/ndpnoticias.com.mx\/index.php?rest_route=\/wp\/v2\/posts\/16209","targetHints":{"allow":["GET"]}}],"collection":[{"href":"https:\/\/ndpnoticias.com.mx\/index.php?rest_route=\/wp\/v2\/posts"}],"about":[{"href":"https:\/\/ndpnoticias.com.mx\/index.php?rest_route=\/wp\/v2\/types\/post"}],"author":[{"embeddable":true,"href":"https:\/\/ndpnoticias.com.mx\/index.php?rest_route=\/wp\/v2\/users\/1"}],"replies":[{"embeddable":true,"href":"https:\/\/ndpnoticias.com.mx\/index.php?rest_route=%2Fwp%2Fv2%2Fcomments&post=16209"}],"version-history":[{"count":1,"href":"https:\/\/ndpnoticias.com.mx\/index.php?rest_route=\/wp\/v2\/posts\/16209\/revisions"}],"predecessor-version":[{"id":16211,"href":"https:\/\/ndpnoticias.com.mx\/index.php?rest_route=\/wp\/v2\/posts\/16209\/revisions\/16211"}],"wp:featuredmedia":[{"embeddable":true,"href":"https:\/\/ndpnoticias.com.mx\/index.php?rest_route=\/wp\/v2\/media\/16210"}],"wp:attachment":[{"href":"https:\/\/ndpnoticias.com.mx\/index.php?rest_route=%2Fwp%2Fv2%2Fmedia&parent=16209"}],"wp:term":[{"taxonomy":"category","embeddable":true,"href":"https:\/\/ndpnoticias.com.mx\/index.php?rest_route=%2Fwp%2Fv2%2Fcategories&post=16209"},{"taxonomy":"post_tag","embeddable":true,"href":"https:\/\/ndpnoticias.com.mx\/index.php?rest_route=%2Fwp%2Fv2%2Ftags&post=16209"}],"curies":[{"name":"wp","href":"https:\/\/api.w.org\/{rel}","templated":true}]}}