{"id":16201,"date":"2025-11-28T17:06:25","date_gmt":"2025-11-28T23:06:25","guid":{"rendered":"https:\/\/ndpnoticias.com.mx\/?p=16201"},"modified":"2025-11-28T17:59:37","modified_gmt":"2025-11-28T23:59:37","slug":"tepotzotlan-vive-su-fiesta-mayor","status":"publish","type":"post","link":"https:\/\/ndpnoticias.com.mx\/?p=16201","title":{"rendered":"TEPOTZOTL\u00c1N VIVE SU FIESTA MAYOR"},"content":{"rendered":"\n<p>\u2014 \u00c1ngeles Zuppa impulsa cartelera hist\u00f3rica por el 211 aniversario del municipio<\/p>\n\n\n\n<p>TEPOTZOTL\u00c1N, M\u00c9X.- Tepotzotl\u00e1n vive uno de sus festejos m\u00e1s vibrantes con motivo del 211 Aniversario de su fundaci\u00f3n, una celebraci\u00f3n encabezada por la presidenta municipal Mar\u00eda de los \u00c1ngeles \u201cGely\u201d Zuppa Villegas, quien impuls\u00f3 una cartelera art\u00edstica y cultural sin precedentes dentro del Festival TepoVive 2025.<\/p>\n\n\n\n<p>La noche de este viernes 28 de noviembre estar\u00e1 marcada por la presentaci\u00f3n estelar de la Sonora Santanera en la Plaza de la Cruz, donde a las 20:00 horas se espera una amplia participaci\u00f3n de familias y visitantes. Desde las 16:00 horas, ni\u00f1as y ni\u00f1os disfrutar\u00e1n de espect\u00e1culos infantiles como Bely y Beto, Animarcianos y Yujuj, actividades que buscan fortalecer la convivencia familiar y acercar el arte a la ni\u00f1ez.<\/p>\n\n\n\n<p>Para el s\u00e1bado 29 de noviembre, la agenda continuar\u00e1 con propuestas orientadas al talento local y a la diversidad cultural. El Museo Nacional del Virreinato ser\u00e1 sede del XII Encuentro de Orquestas Sinf\u00f3nicas Infantiles y Juveniles, mientras que la Casa de Cultura presentar\u00e1 la obra de t\u00edteres Los gigantes ego\u00edstas y el espect\u00e1culo Sol Arreola. M\u00e1s tarde, la Presa de La Concepci\u00f3n albergar\u00e1 el primer espect\u00e1culo acu\u00e1tico en la historia del municipio, que incluir\u00e1 la presentaci\u00f3n de Los Terr\u00edcolas, parte del esfuerzo de la alcaldesa por llevar los festejos a las comunidades.<\/p>\n\n\n\n<p>El domingo 30 de noviembre iniciar\u00e1 con la Tradicional Cabalgata Conmemorativa, que partir\u00e1 de la Presa de La Concepci\u00f3n rumbo al Lienzo Charro. Por la tarde continuar\u00e1 el encuentro de orquestas, adem\u00e1s de la presentaci\u00f3n del cuarteto Los Aztecas en el Kiosco Municipal y el show infantil Tralalero Tralala en Santiago Cuautlalpan. El cierre del fin de semana estar\u00e1 a cargo del Ballet Folkl\u00f3rico de Amalia Hern\u00e1ndez, que se presentar\u00e1 en la Plaza de la Cruz a las 19:00 horas.<\/p>\n\n\n\n<p>Las actividades del festival seguir\u00e1n hasta el jueves 4 de diciembre, con una artista sorpresa el lunes, la participaci\u00f3n de la Sonora Dinamita y el grupo \u00bfQui\u00e9n? el martes, y dos presentaciones estelares de talla internacional los d\u00edas mi\u00e9rcoles y jueves, que pondr\u00e1n fin a una edici\u00f3n hist\u00f3rica del TepoVive 2025 promovida por la administraci\u00f3n de Gely Zuppa.<\/p>\n\n\n","protected":false},"excerpt":{"rendered":"<p>\u2014 \u00c1ngeles Zuppa impulsa cartelera hist\u00f3rica por el 211 aniversario del municipio TEPOTZOTL\u00c1N, M\u00c9X.- Tepotzotl\u00e1n vive uno de sus festejos m\u00e1s vibrantes con motivo del 211 Aniversario de su fundaci\u00f3n,&hellip; <\/p>\n","protected":false},"author":1,"featured_media":16203,"comment_status":"open","ping_status":"closed","sticky":false,"template":"","format":"standard","meta":{"footnotes":""},"categories":[33],"tags":[],"class_list":["post-16201","post","type-post","status-publish","format-standard","has-post-thumbnail","hentry","category-tepotzotlan"],"yoast_head":"<!-- This site is optimized with the Yoast SEO plugin v22.9 - https:\/\/yoast.com\/wordpress\/plugins\/seo\/ -->\n<title>TEPOTZOTL\u00c1N VIVE SU FIESTA MAYOR - NDP Noticias<\/title>\n<meta name=\"robots\" content=\"index, follow, max-snippet:-1, max-image-preview:large, max-video-preview:-1\" \/>\n<link rel=\"canonical\" href=\"https:\/\/ndpnoticias.com.mx\/?p=16201\" \/>\n<meta property=\"og:locale\" content=\"es_ES\" \/>\n<meta property=\"og:type\" content=\"article\" \/>\n<meta property=\"og:title\" content=\"TEPOTZOTL\u00c1N VIVE SU FIESTA MAYOR - NDP Noticias\" \/>\n<meta property=\"og:description\" content=\"\u2014 \u00c1ngeles Zuppa impulsa cartelera hist\u00f3rica por el 211 aniversario del municipio TEPOTZOTL\u00c1N, M\u00c9X.- Tepotzotl\u00e1n vive uno de sus festejos m\u00e1s vibrantes con motivo del 211 Aniversario de su fundaci\u00f3n,&hellip;\" \/>\n<meta property=\"og:url\" content=\"https:\/\/ndpnoticias.com.mx\/?p=16201\" \/>\n<meta property=\"og:site_name\" content=\"NDP Noticias\" \/>\n<meta property=\"article:published_time\" content=\"2025-11-28T23:06:25+00:00\" \/>\n<meta property=\"article:modified_time\" content=\"2025-11-28T23:59:37+00:00\" \/>\n<meta property=\"og:image\" content=\"https:\/\/ndpnoticias.com.mx\/wp-content\/uploads\/2025\/11\/f155efbf-174d-43a4-9722-b3823a1333e5-1.jpeg\" \/>\n\t<meta property=\"og:image:width\" content=\"1320\" \/>\n\t<meta property=\"og:image:height\" content=\"1100\" \/>\n\t<meta property=\"og:image:type\" content=\"image\/jpeg\" \/>\n<meta name=\"author\" content=\"admin\" \/>\n<meta name=\"twitter:card\" content=\"summary_large_image\" \/>\n<meta name=\"twitter:label1\" content=\"Escrito por\" \/>\n\t<meta name=\"twitter:data1\" content=\"admin\" \/>\n\t<meta name=\"twitter:label2\" content=\"Tiempo de lectura\" \/>\n\t<meta name=\"twitter:data2\" content=\"3 minutos\" \/>\n<script type=\"application\/ld+json\" class=\"yoast-schema-graph\">{\"@context\":\"https:\/\/schema.org\",\"@graph\":[{\"@type\":\"Article\",\"@id\":\"https:\/\/ndpnoticias.com.mx\/?p=16201#article\",\"isPartOf\":{\"@id\":\"https:\/\/ndpnoticias.com.mx\/?p=16201\"},\"author\":{\"name\":\"admin\",\"@id\":\"https:\/\/ndpnoticias.com.mx\/#\/schema\/person\/76f3f372c2bedd0bf44c0c3fb0adc6ca\"},\"headline\":\"TEPOTZOTL\u00c1N VIVE SU FIESTA MAYOR\",\"datePublished\":\"2025-11-28T23:06:25+00:00\",\"dateModified\":\"2025-11-28T23:59:37+00:00\",\"mainEntityOfPage\":{\"@id\":\"https:\/\/ndpnoticias.com.mx\/?p=16201\"},\"wordCount\":394,\"commentCount\":0,\"publisher\":{\"@id\":\"https:\/\/ndpnoticias.com.mx\/#organization\"},\"image\":{\"@id\":\"https:\/\/ndpnoticias.com.mx\/?p=16201#primaryimage\"},\"thumbnailUrl\":\"https:\/\/ndpnoticias.com.mx\/wp-content\/uploads\/2025\/11\/f155efbf-174d-43a4-9722-b3823a1333e5-1.jpeg\",\"articleSection\":[\"Tepotzotlan\"],\"inLanguage\":\"es\",\"potentialAction\":[{\"@type\":\"CommentAction\",\"name\":\"Comment\",\"target\":[\"https:\/\/ndpnoticias.com.mx\/?p=16201#respond\"]}]},{\"@type\":\"WebPage\",\"@id\":\"https:\/\/ndpnoticias.com.mx\/?p=16201\",\"url\":\"https:\/\/ndpnoticias.com.mx\/?p=16201\",\"name\":\"TEPOTZOTL\u00c1N VIVE SU FIESTA MAYOR - NDP Noticias\",\"isPartOf\":{\"@id\":\"https:\/\/ndpnoticias.com.mx\/#website\"},\"primaryImageOfPage\":{\"@id\":\"https:\/\/ndpnoticias.com.mx\/?p=16201#primaryimage\"},\"image\":{\"@id\":\"https:\/\/ndpnoticias.com.mx\/?p=16201#primaryimage\"},\"thumbnailUrl\":\"https:\/\/ndpnoticias.com.mx\/wp-content\/uploads\/2025\/11\/f155efbf-174d-43a4-9722-b3823a1333e5-1.jpeg\",\"datePublished\":\"2025-11-28T23:06:25+00:00\",\"dateModified\":\"2025-11-28T23:59:37+00:00\",\"breadcrumb\":{\"@id\":\"https:\/\/ndpnoticias.com.mx\/?p=16201#breadcrumb\"},\"inLanguage\":\"es\",\"potentialAction\":[{\"@type\":\"ReadAction\",\"target\":[\"https:\/\/ndpnoticias.com.mx\/?p=16201\"]}]},{\"@type\":\"ImageObject\",\"inLanguage\":\"es\",\"@id\":\"https:\/\/ndpnoticias.com.mx\/?p=16201#primaryimage\",\"url\":\"https:\/\/ndpnoticias.com.mx\/wp-content\/uploads\/2025\/11\/f155efbf-174d-43a4-9722-b3823a1333e5-1.jpeg\",\"contentUrl\":\"https:\/\/ndpnoticias.com.mx\/wp-content\/uploads\/2025\/11\/f155efbf-174d-43a4-9722-b3823a1333e5-1.jpeg\",\"width\":1320,\"height\":1100},{\"@type\":\"BreadcrumbList\",\"@id\":\"https:\/\/ndpnoticias.com.mx\/?p=16201#breadcrumb\",\"itemListElement\":[{\"@type\":\"ListItem\",\"position\":1,\"name\":\"Portada\",\"item\":\"https:\/\/ndpnoticias.com.mx\/\"},{\"@type\":\"ListItem\",\"position\":2,\"name\":\"TEPOTZOTL\u00c1N VIVE SU FIESTA MAYOR\"}]},{\"@type\":\"WebSite\",\"@id\":\"https:\/\/ndpnoticias.com.mx\/#website\",\"url\":\"https:\/\/ndpnoticias.com.mx\/\",\"name\":\"NDP Noticias\",\"description\":\"\",\"publisher\":{\"@id\":\"https:\/\/ndpnoticias.com.mx\/#organization\"},\"potentialAction\":[{\"@type\":\"SearchAction\",\"target\":{\"@type\":\"EntryPoint\",\"urlTemplate\":\"https:\/\/ndpnoticias.com.mx\/?s={search_term_string}\"},\"query-input\":\"required name=search_term_string\"}],\"inLanguage\":\"es\"},{\"@type\":\"Organization\",\"@id\":\"https:\/\/ndpnoticias.com.mx\/#organization\",\"name\":\"NDP Noticias\",\"url\":\"https:\/\/ndpnoticias.com.mx\/\",\"logo\":{\"@type\":\"ImageObject\",\"inLanguage\":\"es\",\"@id\":\"https:\/\/ndpnoticias.com.mx\/#\/schema\/logo\/image\/\",\"url\":\"https:\/\/ndpnoticias.com.mx\/wp-content\/uploads\/2024\/01\/cropped-IMG_3802-1.jpeg\",\"contentUrl\":\"https:\/\/ndpnoticias.com.mx\/wp-content\/uploads\/2024\/01\/cropped-IMG_3802-1.jpeg\",\"width\":472,\"height\":80,\"caption\":\"NDP Noticias\"},\"image\":{\"@id\":\"https:\/\/ndpnoticias.com.mx\/#\/schema\/logo\/image\/\"}},{\"@type\":\"Person\",\"@id\":\"https:\/\/ndpnoticias.com.mx\/#\/schema\/person\/76f3f372c2bedd0bf44c0c3fb0adc6ca\",\"name\":\"admin\",\"image\":{\"@type\":\"ImageObject\",\"inLanguage\":\"es\",\"@id\":\"https:\/\/ndpnoticias.com.mx\/#\/schema\/person\/image\/\",\"url\":\"https:\/\/secure.gravatar.com\/avatar\/76d7e481f585a42e41243c8312642a6f526d9b06cd67b616fc58155ca4786d1a?s=96&d=mm&r=g\",\"contentUrl\":\"https:\/\/secure.gravatar.com\/avatar\/76d7e481f585a42e41243c8312642a6f526d9b06cd67b616fc58155ca4786d1a?s=96&d=mm&r=g\",\"caption\":\"admin\"},\"sameAs\":[\"https:\/\/ndpnoticias.com.mx\"],\"url\":\"https:\/\/ndpnoticias.com.mx\/?author=1\"}]}<\/script>\n<!-- \/ Yoast SEO plugin. -->","yoast_head_json":{"title":"TEPOTZOTL\u00c1N VIVE SU FIESTA MAYOR - NDP Noticias","robots":{"index":"index","follow":"follow","max-snippet":"max-snippet:-1","max-image-preview":"max-image-preview:large","max-video-preview":"max-video-preview:-1"},"canonical":"https:\/\/ndpnoticias.com.mx\/?p=16201","og_locale":"es_ES","og_type":"article","og_title":"TEPOTZOTL\u00c1N VIVE SU FIESTA MAYOR - NDP Noticias","og_description":"\u2014 \u00c1ngeles Zuppa impulsa cartelera hist\u00f3rica por el 211 aniversario del municipio TEPOTZOTL\u00c1N, M\u00c9X.- Tepotzotl\u00e1n vive uno de sus festejos m\u00e1s vibrantes con motivo del 211 Aniversario de su fundaci\u00f3n,&hellip;","og_url":"https:\/\/ndpnoticias.com.mx\/?p=16201","og_site_name":"NDP Noticias","article_published_time":"2025-11-28T23:06:25+00:00","article_modified_time":"2025-11-28T23:59:37+00:00","og_image":[{"width":1320,"height":1100,"url":"https:\/\/ndpnoticias.com.mx\/wp-content\/uploads\/2025\/11\/f155efbf-174d-43a4-9722-b3823a1333e5-1.jpeg","type":"image\/jpeg"}],"author":"admin","twitter_card":"summary_large_image","twitter_misc":{"Escrito por":"admin","Tiempo de lectura":"3 minutos"},"schema":{"@context":"https:\/\/schema.org","@graph":[{"@type":"Article","@id":"https:\/\/ndpnoticias.com.mx\/?p=16201#article","isPartOf":{"@id":"https:\/\/ndpnoticias.com.mx\/?p=16201"},"author":{"name":"admin","@id":"https:\/\/ndpnoticias.com.mx\/#\/schema\/person\/76f3f372c2bedd0bf44c0c3fb0adc6ca"},"headline":"TEPOTZOTL\u00c1N VIVE SU FIESTA MAYOR","datePublished":"2025-11-28T23:06:25+00:00","dateModified":"2025-11-28T23:59:37+00:00","mainEntityOfPage":{"@id":"https:\/\/ndpnoticias.com.mx\/?p=16201"},"wordCount":394,"commentCount":0,"publisher":{"@id":"https:\/\/ndpnoticias.com.mx\/#organization"},"image":{"@id":"https:\/\/ndpnoticias.com.mx\/?p=16201#primaryimage"},"thumbnailUrl":"https:\/\/ndpnoticias.com.mx\/wp-content\/uploads\/2025\/11\/f155efbf-174d-43a4-9722-b3823a1333e5-1.jpeg","articleSection":["Tepotzotlan"],"inLanguage":"es","potentialAction":[{"@type":"CommentAction","name":"Comment","target":["https:\/\/ndpnoticias.com.mx\/?p=16201#respond"]}]},{"@type":"WebPage","@id":"https:\/\/ndpnoticias.com.mx\/?p=16201","url":"https:\/\/ndpnoticias.com.mx\/?p=16201","name":"TEPOTZOTL\u00c1N VIVE SU FIESTA MAYOR - NDP Noticias","isPartOf":{"@id":"https:\/\/ndpnoticias.com.mx\/#website"},"primaryImageOfPage":{"@id":"https:\/\/ndpnoticias.com.mx\/?p=16201#primaryimage"},"image":{"@id":"https:\/\/ndpnoticias.com.mx\/?p=16201#primaryimage"},"thumbnailUrl":"https:\/\/ndpnoticias.com.mx\/wp-content\/uploads\/2025\/11\/f155efbf-174d-43a4-9722-b3823a1333e5-1.jpeg","datePublished":"2025-11-28T23:06:25+00:00","dateModified":"2025-11-28T23:59:37+00:00","breadcrumb":{"@id":"https:\/\/ndpnoticias.com.mx\/?p=16201#breadcrumb"},"inLanguage":"es","potentialAction":[{"@type":"ReadAction","target":["https:\/\/ndpnoticias.com.mx\/?p=16201"]}]},{"@type":"ImageObject","inLanguage":"es","@id":"https:\/\/ndpnoticias.com.mx\/?p=16201#primaryimage","url":"https:\/\/ndpnoticias.com.mx\/wp-content\/uploads\/2025\/11\/f155efbf-174d-43a4-9722-b3823a1333e5-1.jpeg","contentUrl":"https:\/\/ndpnoticias.com.mx\/wp-content\/uploads\/2025\/11\/f155efbf-174d-43a4-9722-b3823a1333e5-1.jpeg","width":1320,"height":1100},{"@type":"BreadcrumbList","@id":"https:\/\/ndpnoticias.com.mx\/?p=16201#breadcrumb","itemListElement":[{"@type":"ListItem","position":1,"name":"Portada","item":"https:\/\/ndpnoticias.com.mx\/"},{"@type":"ListItem","position":2,"name":"TEPOTZOTL\u00c1N VIVE SU FIESTA MAYOR"}]},{"@type":"WebSite","@id":"https:\/\/ndpnoticias.com.mx\/#website","url":"https:\/\/ndpnoticias.com.mx\/","name":"NDP Noticias","description":"","publisher":{"@id":"https:\/\/ndpnoticias.com.mx\/#organization"},"potentialAction":[{"@type":"SearchAction","target":{"@type":"EntryPoint","urlTemplate":"https:\/\/ndpnoticias.com.mx\/?s={search_term_string}"},"query-input":"required name=search_term_string"}],"inLanguage":"es"},{"@type":"Organization","@id":"https:\/\/ndpnoticias.com.mx\/#organization","name":"NDP Noticias","url":"https:\/\/ndpnoticias.com.mx\/","logo":{"@type":"ImageObject","inLanguage":"es","@id":"https:\/\/ndpnoticias.com.mx\/#\/schema\/logo\/image\/","url":"https:\/\/ndpnoticias.com.mx\/wp-content\/uploads\/2024\/01\/cropped-IMG_3802-1.jpeg","contentUrl":"https:\/\/ndpnoticias.com.mx\/wp-content\/uploads\/2024\/01\/cropped-IMG_3802-1.jpeg","width":472,"height":80,"caption":"NDP Noticias"},"image":{"@id":"https:\/\/ndpnoticias.com.mx\/#\/schema\/logo\/image\/"}},{"@type":"Person","@id":"https:\/\/ndpnoticias.com.mx\/#\/schema\/person\/76f3f372c2bedd0bf44c0c3fb0adc6ca","name":"admin","image":{"@type":"ImageObject","inLanguage":"es","@id":"https:\/\/ndpnoticias.com.mx\/#\/schema\/person\/image\/","url":"https:\/\/secure.gravatar.com\/avatar\/76d7e481f585a42e41243c8312642a6f526d9b06cd67b616fc58155ca4786d1a?s=96&d=mm&r=g","contentUrl":"https:\/\/secure.gravatar.com\/avatar\/76d7e481f585a42e41243c8312642a6f526d9b06cd67b616fc58155ca4786d1a?s=96&d=mm&r=g","caption":"admin"},"sameAs":["https:\/\/ndpnoticias.com.mx"],"url":"https:\/\/ndpnoticias.com.mx\/?author=1"}]}},"_links":{"self":[{"href":"https:\/\/ndpnoticias.com.mx\/index.php?rest_route=\/wp\/v2\/posts\/16201","targetHints":{"allow":["GET"]}}],"collection":[{"href":"https:\/\/ndpnoticias.com.mx\/index.php?rest_route=\/wp\/v2\/posts"}],"about":[{"href":"https:\/\/ndpnoticias.com.mx\/index.php?rest_route=\/wp\/v2\/types\/post"}],"author":[{"embeddable":true,"href":"https:\/\/ndpnoticias.com.mx\/index.php?rest_route=\/wp\/v2\/users\/1"}],"replies":[{"embeddable":true,"href":"https:\/\/ndpnoticias.com.mx\/index.php?rest_route=%2Fwp%2Fv2%2Fcomments&post=16201"}],"version-history":[{"count":3,"href":"https:\/\/ndpnoticias.com.mx\/index.php?rest_route=\/wp\/v2\/posts\/16201\/revisions"}],"predecessor-version":[{"id":16221,"href":"https:\/\/ndpnoticias.com.mx\/index.php?rest_route=\/wp\/v2\/posts\/16201\/revisions\/16221"}],"wp:featuredmedia":[{"embeddable":true,"href":"https:\/\/ndpnoticias.com.mx\/index.php?rest_route=\/wp\/v2\/media\/16203"}],"wp:attachment":[{"href":"https:\/\/ndpnoticias.com.mx\/index.php?rest_route=%2Fwp%2Fv2%2Fmedia&parent=16201"}],"wp:term":[{"taxonomy":"category","embeddable":true,"href":"https:\/\/ndpnoticias.com.mx\/index.php?rest_route=%2Fwp%2Fv2%2Fcategories&post=16201"},{"taxonomy":"post_tag","embeddable":true,"href":"https:\/\/ndpnoticias.com.mx\/index.php?rest_route=%2Fwp%2Fv2%2Ftags&post=16201"}],"curies":[{"name":"wp","href":"https:\/\/api.w.org\/{rel}","templated":true}]}}