{"id":15170,"date":"2025-10-29T16:19:43","date_gmt":"2025-10-29T22:19:43","guid":{"rendered":"https:\/\/ndpnoticias.com.mx\/?p=15170"},"modified":"2025-10-29T16:19:45","modified_gmt":"2025-10-29T22:19:45","slug":"ecatepec-celebra-la-cultura-como-camino-hacia-la-paz","status":"publish","type":"post","link":"https:\/\/ndpnoticias.com.mx\/?p=15170","title":{"rendered":"ECATEPEC CELEBRA LA CULTURA COMO CAMINO HACIA LA PAZ"},"content":{"rendered":"\n<p>\u2014La alcaldesa Azucena Cisneros impulsa el Festival \u201cEl Viento nos Une\u201d para fortalecer el tejido social y recuperar espacios p\u00fablicos<\/p>\n\n\n\n<p>ECATEPEC, M\u00c9X.\u2013 Con la participaci\u00f3n de cerca de mil artistas locales y m\u00e1s de 80 presentaciones gratuitas, el gobierno municipal encabezado por Azucena Cisneros Coss realizar\u00e1 el Festival Cultural \u201cEl Viento nos Une\u201d, del 30 de octubre al 2 de noviembre, en m\u00e1s de 50 plazas p\u00fablicas recuperadas.<\/p>\n\n\n\n<p>La alcaldesa destac\u00f3 que la cultura se ha convertido en un eje esencial de la estrategia de seguridad del municipio. \u201cCada espacio tomado por la ciudadan\u00eda y lleno de vida es un lugar que recuperamos para la paz y la convivencia. La cultura es una herramienta para atender las causas de la violencia\u201d, afirm\u00f3.<\/p>\n\n\n\n<p>El festival, que rendir\u00e1 homenaje al dios del viento Eh\u00e9catl, reunir\u00e1 m\u00faltiples expresiones art\u00edsticas: m\u00fasica, teatro, cine documental, talleres de papalotes, murales en vivo y ofrendas comunitarias. Adem\u00e1s, contar\u00e1 con sedes emblem\u00e1ticas como la explanada de San Crist\u00f3bal, el Puente de Fierro y los pueblos originarios.<\/p>\n\n\n\n<p>Durante la inauguraci\u00f3n se abrir\u00e1 la librer\u00eda \u201cMisael N\u00fa\u00f1ez Acosta\u201d y se llevar\u00e1 a cabo un desfile cultural que partir\u00e1 del Puente de Fierro hacia el Palacio Municipal, con la participaci\u00f3n de agrupaciones y artistas invitados.<\/p>\n\n\n\n<p>Benjam\u00edn Gonz\u00e1lez P\u00e9rez, responsable del festival, subray\u00f3 que \u201ctoda ciudad necesita una celebraci\u00f3n cultural que convoque a su gente, evoque su historia y construya comunidad. En Ecatepec, hacerlo en paz y de manera gratuita es una necesidad y un derecho\u201d.<\/p>\n\n\n\n<p>Cisneros Coss invit\u00f3 a las familias a asistir con responsabilidad y evitar el ingreso de bebidas alcoh\u00f3licas o art\u00edculos que representen riesgo. \u201cEn Ecatepec, la seguridad somos todos; este festival demuestra que cuando nos unimos, la esperanza tambi\u00e9n se multiplica\u201d, expres\u00f3.<\/p>\n\n\n\n<p>Entre los artistas confirmados destacan Luis Pescetti, Los Askis, Sal\u00f3n Victoria, Jezzy P., Ganja e Insulini, entre otros. La programaci\u00f3n completa puede consultarse en las redes sociales oficiales del gobierno municipal.<\/p>\n\n\n\n<figure class=\"wp-block-image size-full\"><img loading=\"lazy\" decoding=\"async\" width=\"1024\" height=\"626\" src=\"https:\/\/ndpnoticias.com.mx\/wp-content\/uploads\/2025\/10\/68fd24fe-b7cd-473b-971b-bb440b67e94c.jpeg\" alt=\"\" class=\"wp-image-15171\" srcset=\"https:\/\/ndpnoticias.com.mx\/wp-content\/uploads\/2025\/10\/68fd24fe-b7cd-473b-971b-bb440b67e94c.jpeg 1024w, https:\/\/ndpnoticias.com.mx\/wp-content\/uploads\/2025\/10\/68fd24fe-b7cd-473b-971b-bb440b67e94c-300x183.jpeg 300w, https:\/\/ndpnoticias.com.mx\/wp-content\/uploads\/2025\/10\/68fd24fe-b7cd-473b-971b-bb440b67e94c-768x470.jpeg 768w, https:\/\/ndpnoticias.com.mx\/wp-content\/uploads\/2025\/10\/68fd24fe-b7cd-473b-971b-bb440b67e94c-600x367.jpeg 600w\" sizes=\"auto, (max-width: 1024px) 100vw, 1024px\" \/><\/figure>\n","protected":false},"excerpt":{"rendered":"<p>\u2014La alcaldesa Azucena Cisneros impulsa el Festival \u201cEl Viento nos Une\u201d para fortalecer el tejido social y recuperar espacios p\u00fablicos ECATEPEC, M\u00c9X.\u2013 Con la participaci\u00f3n de cerca de mil artistas&hellip; <\/p>\n","protected":false},"author":1,"featured_media":15172,"comment_status":"open","ping_status":"closed","sticky":false,"template":"","format":"standard","meta":{"footnotes":""},"categories":[39],"tags":[],"class_list":["post-15170","post","type-post","status-publish","format-standard","has-post-thumbnail","hentry","category-ecatepec"],"yoast_head":"<!-- This site is optimized with the Yoast SEO plugin v22.9 - https:\/\/yoast.com\/wordpress\/plugins\/seo\/ -->\n<title>ECATEPEC CELEBRA LA CULTURA COMO CAMINO HACIA LA PAZ - NDP Noticias<\/title>\n<meta name=\"robots\" content=\"index, follow, max-snippet:-1, max-image-preview:large, max-video-preview:-1\" \/>\n<link rel=\"canonical\" href=\"https:\/\/ndpnoticias.com.mx\/?p=15170\" \/>\n<meta property=\"og:locale\" content=\"es_ES\" \/>\n<meta property=\"og:type\" content=\"article\" \/>\n<meta property=\"og:title\" content=\"ECATEPEC CELEBRA LA CULTURA COMO CAMINO HACIA LA PAZ - NDP Noticias\" \/>\n<meta property=\"og:description\" content=\"\u2014La alcaldesa Azucena Cisneros impulsa el Festival \u201cEl Viento nos Une\u201d para fortalecer el tejido social y recuperar espacios p\u00fablicos ECATEPEC, M\u00c9X.\u2013 Con la participaci\u00f3n de cerca de mil artistas&hellip;\" \/>\n<meta property=\"og:url\" content=\"https:\/\/ndpnoticias.com.mx\/?p=15170\" \/>\n<meta property=\"og:site_name\" content=\"NDP Noticias\" \/>\n<meta property=\"article:published_time\" content=\"2025-10-29T22:19:43+00:00\" \/>\n<meta property=\"article:modified_time\" content=\"2025-10-29T22:19:45+00:00\" \/>\n<meta property=\"og:image\" content=\"https:\/\/ndpnoticias.com.mx\/wp-content\/uploads\/2025\/10\/0a7ed77b-62ba-45fd-b31b-d5c9f3924bb2.jpeg\" \/>\n\t<meta property=\"og:image:width\" content=\"1600\" \/>\n\t<meta property=\"og:image:height\" content=\"900\" \/>\n\t<meta property=\"og:image:type\" content=\"image\/jpeg\" \/>\n<meta name=\"author\" content=\"admin\" \/>\n<meta name=\"twitter:card\" content=\"summary_large_image\" \/>\n<meta name=\"twitter:label1\" content=\"Escrito por\" \/>\n\t<meta name=\"twitter:data1\" content=\"admin\" \/>\n\t<meta name=\"twitter:label2\" content=\"Tiempo de lectura\" \/>\n\t<meta name=\"twitter:data2\" content=\"2 minutos\" \/>\n<script type=\"application\/ld+json\" class=\"yoast-schema-graph\">{\"@context\":\"https:\/\/schema.org\",\"@graph\":[{\"@type\":\"Article\",\"@id\":\"https:\/\/ndpnoticias.com.mx\/?p=15170#article\",\"isPartOf\":{\"@id\":\"https:\/\/ndpnoticias.com.mx\/?p=15170\"},\"author\":{\"name\":\"admin\",\"@id\":\"https:\/\/ndpnoticias.com.mx\/#\/schema\/person\/76f3f372c2bedd0bf44c0c3fb0adc6ca\"},\"headline\":\"ECATEPEC CELEBRA LA CULTURA COMO CAMINO HACIA LA PAZ\",\"datePublished\":\"2025-10-29T22:19:43+00:00\",\"dateModified\":\"2025-10-29T22:19:45+00:00\",\"mainEntityOfPage\":{\"@id\":\"https:\/\/ndpnoticias.com.mx\/?p=15170\"},\"wordCount\":348,\"commentCount\":0,\"publisher\":{\"@id\":\"https:\/\/ndpnoticias.com.mx\/#organization\"},\"image\":{\"@id\":\"https:\/\/ndpnoticias.com.mx\/?p=15170#primaryimage\"},\"thumbnailUrl\":\"https:\/\/ndpnoticias.com.mx\/wp-content\/uploads\/2025\/10\/0a7ed77b-62ba-45fd-b31b-d5c9f3924bb2.jpeg\",\"articleSection\":[\"Ecatepec\"],\"inLanguage\":\"es\",\"potentialAction\":[{\"@type\":\"CommentAction\",\"name\":\"Comment\",\"target\":[\"https:\/\/ndpnoticias.com.mx\/?p=15170#respond\"]}]},{\"@type\":\"WebPage\",\"@id\":\"https:\/\/ndpnoticias.com.mx\/?p=15170\",\"url\":\"https:\/\/ndpnoticias.com.mx\/?p=15170\",\"name\":\"ECATEPEC CELEBRA LA CULTURA COMO CAMINO HACIA LA PAZ - NDP Noticias\",\"isPartOf\":{\"@id\":\"https:\/\/ndpnoticias.com.mx\/#website\"},\"primaryImageOfPage\":{\"@id\":\"https:\/\/ndpnoticias.com.mx\/?p=15170#primaryimage\"},\"image\":{\"@id\":\"https:\/\/ndpnoticias.com.mx\/?p=15170#primaryimage\"},\"thumbnailUrl\":\"https:\/\/ndpnoticias.com.mx\/wp-content\/uploads\/2025\/10\/0a7ed77b-62ba-45fd-b31b-d5c9f3924bb2.jpeg\",\"datePublished\":\"2025-10-29T22:19:43+00:00\",\"dateModified\":\"2025-10-29T22:19:45+00:00\",\"breadcrumb\":{\"@id\":\"https:\/\/ndpnoticias.com.mx\/?p=15170#breadcrumb\"},\"inLanguage\":\"es\",\"potentialAction\":[{\"@type\":\"ReadAction\",\"target\":[\"https:\/\/ndpnoticias.com.mx\/?p=15170\"]}]},{\"@type\":\"ImageObject\",\"inLanguage\":\"es\",\"@id\":\"https:\/\/ndpnoticias.com.mx\/?p=15170#primaryimage\",\"url\":\"https:\/\/ndpnoticias.com.mx\/wp-content\/uploads\/2025\/10\/0a7ed77b-62ba-45fd-b31b-d5c9f3924bb2.jpeg\",\"contentUrl\":\"https:\/\/ndpnoticias.com.mx\/wp-content\/uploads\/2025\/10\/0a7ed77b-62ba-45fd-b31b-d5c9f3924bb2.jpeg\",\"width\":1600,\"height\":900},{\"@type\":\"BreadcrumbList\",\"@id\":\"https:\/\/ndpnoticias.com.mx\/?p=15170#breadcrumb\",\"itemListElement\":[{\"@type\":\"ListItem\",\"position\":1,\"name\":\"Portada\",\"item\":\"https:\/\/ndpnoticias.com.mx\/\"},{\"@type\":\"ListItem\",\"position\":2,\"name\":\"ECATEPEC CELEBRA LA CULTURA COMO CAMINO HACIA LA PAZ\"}]},{\"@type\":\"WebSite\",\"@id\":\"https:\/\/ndpnoticias.com.mx\/#website\",\"url\":\"https:\/\/ndpnoticias.com.mx\/\",\"name\":\"NDP Noticias\",\"description\":\"\",\"publisher\":{\"@id\":\"https:\/\/ndpnoticias.com.mx\/#organization\"},\"potentialAction\":[{\"@type\":\"SearchAction\",\"target\":{\"@type\":\"EntryPoint\",\"urlTemplate\":\"https:\/\/ndpnoticias.com.mx\/?s={search_term_string}\"},\"query-input\":\"required name=search_term_string\"}],\"inLanguage\":\"es\"},{\"@type\":\"Organization\",\"@id\":\"https:\/\/ndpnoticias.com.mx\/#organization\",\"name\":\"NDP Noticias\",\"url\":\"https:\/\/ndpnoticias.com.mx\/\",\"logo\":{\"@type\":\"ImageObject\",\"inLanguage\":\"es\",\"@id\":\"https:\/\/ndpnoticias.com.mx\/#\/schema\/logo\/image\/\",\"url\":\"https:\/\/ndpnoticias.com.mx\/wp-content\/uploads\/2024\/01\/cropped-IMG_3802-1.jpeg\",\"contentUrl\":\"https:\/\/ndpnoticias.com.mx\/wp-content\/uploads\/2024\/01\/cropped-IMG_3802-1.jpeg\",\"width\":472,\"height\":80,\"caption\":\"NDP Noticias\"},\"image\":{\"@id\":\"https:\/\/ndpnoticias.com.mx\/#\/schema\/logo\/image\/\"}},{\"@type\":\"Person\",\"@id\":\"https:\/\/ndpnoticias.com.mx\/#\/schema\/person\/76f3f372c2bedd0bf44c0c3fb0adc6ca\",\"name\":\"admin\",\"image\":{\"@type\":\"ImageObject\",\"inLanguage\":\"es\",\"@id\":\"https:\/\/ndpnoticias.com.mx\/#\/schema\/person\/image\/\",\"url\":\"https:\/\/secure.gravatar.com\/avatar\/76d7e481f585a42e41243c8312642a6f526d9b06cd67b616fc58155ca4786d1a?s=96&d=mm&r=g\",\"contentUrl\":\"https:\/\/secure.gravatar.com\/avatar\/76d7e481f585a42e41243c8312642a6f526d9b06cd67b616fc58155ca4786d1a?s=96&d=mm&r=g\",\"caption\":\"admin\"},\"sameAs\":[\"https:\/\/ndpnoticias.com.mx\"],\"url\":\"https:\/\/ndpnoticias.com.mx\/?author=1\"}]}<\/script>\n<!-- \/ Yoast SEO plugin. -->","yoast_head_json":{"title":"ECATEPEC CELEBRA LA CULTURA COMO CAMINO HACIA LA PAZ - NDP Noticias","robots":{"index":"index","follow":"follow","max-snippet":"max-snippet:-1","max-image-preview":"max-image-preview:large","max-video-preview":"max-video-preview:-1"},"canonical":"https:\/\/ndpnoticias.com.mx\/?p=15170","og_locale":"es_ES","og_type":"article","og_title":"ECATEPEC CELEBRA LA CULTURA COMO CAMINO HACIA LA PAZ - NDP Noticias","og_description":"\u2014La alcaldesa Azucena Cisneros impulsa el Festival \u201cEl Viento nos Une\u201d para fortalecer el tejido social y recuperar espacios p\u00fablicos ECATEPEC, M\u00c9X.\u2013 Con la participaci\u00f3n de cerca de mil artistas&hellip;","og_url":"https:\/\/ndpnoticias.com.mx\/?p=15170","og_site_name":"NDP Noticias","article_published_time":"2025-10-29T22:19:43+00:00","article_modified_time":"2025-10-29T22:19:45+00:00","og_image":[{"width":1600,"height":900,"url":"https:\/\/ndpnoticias.com.mx\/wp-content\/uploads\/2025\/10\/0a7ed77b-62ba-45fd-b31b-d5c9f3924bb2.jpeg","type":"image\/jpeg"}],"author":"admin","twitter_card":"summary_large_image","twitter_misc":{"Escrito por":"admin","Tiempo de lectura":"2 minutos"},"schema":{"@context":"https:\/\/schema.org","@graph":[{"@type":"Article","@id":"https:\/\/ndpnoticias.com.mx\/?p=15170#article","isPartOf":{"@id":"https:\/\/ndpnoticias.com.mx\/?p=15170"},"author":{"name":"admin","@id":"https:\/\/ndpnoticias.com.mx\/#\/schema\/person\/76f3f372c2bedd0bf44c0c3fb0adc6ca"},"headline":"ECATEPEC CELEBRA LA CULTURA COMO CAMINO HACIA LA PAZ","datePublished":"2025-10-29T22:19:43+00:00","dateModified":"2025-10-29T22:19:45+00:00","mainEntityOfPage":{"@id":"https:\/\/ndpnoticias.com.mx\/?p=15170"},"wordCount":348,"commentCount":0,"publisher":{"@id":"https:\/\/ndpnoticias.com.mx\/#organization"},"image":{"@id":"https:\/\/ndpnoticias.com.mx\/?p=15170#primaryimage"},"thumbnailUrl":"https:\/\/ndpnoticias.com.mx\/wp-content\/uploads\/2025\/10\/0a7ed77b-62ba-45fd-b31b-d5c9f3924bb2.jpeg","articleSection":["Ecatepec"],"inLanguage":"es","potentialAction":[{"@type":"CommentAction","name":"Comment","target":["https:\/\/ndpnoticias.com.mx\/?p=15170#respond"]}]},{"@type":"WebPage","@id":"https:\/\/ndpnoticias.com.mx\/?p=15170","url":"https:\/\/ndpnoticias.com.mx\/?p=15170","name":"ECATEPEC CELEBRA LA CULTURA COMO CAMINO HACIA LA PAZ - NDP Noticias","isPartOf":{"@id":"https:\/\/ndpnoticias.com.mx\/#website"},"primaryImageOfPage":{"@id":"https:\/\/ndpnoticias.com.mx\/?p=15170#primaryimage"},"image":{"@id":"https:\/\/ndpnoticias.com.mx\/?p=15170#primaryimage"},"thumbnailUrl":"https:\/\/ndpnoticias.com.mx\/wp-content\/uploads\/2025\/10\/0a7ed77b-62ba-45fd-b31b-d5c9f3924bb2.jpeg","datePublished":"2025-10-29T22:19:43+00:00","dateModified":"2025-10-29T22:19:45+00:00","breadcrumb":{"@id":"https:\/\/ndpnoticias.com.mx\/?p=15170#breadcrumb"},"inLanguage":"es","potentialAction":[{"@type":"ReadAction","target":["https:\/\/ndpnoticias.com.mx\/?p=15170"]}]},{"@type":"ImageObject","inLanguage":"es","@id":"https:\/\/ndpnoticias.com.mx\/?p=15170#primaryimage","url":"https:\/\/ndpnoticias.com.mx\/wp-content\/uploads\/2025\/10\/0a7ed77b-62ba-45fd-b31b-d5c9f3924bb2.jpeg","contentUrl":"https:\/\/ndpnoticias.com.mx\/wp-content\/uploads\/2025\/10\/0a7ed77b-62ba-45fd-b31b-d5c9f3924bb2.jpeg","width":1600,"height":900},{"@type":"BreadcrumbList","@id":"https:\/\/ndpnoticias.com.mx\/?p=15170#breadcrumb","itemListElement":[{"@type":"ListItem","position":1,"name":"Portada","item":"https:\/\/ndpnoticias.com.mx\/"},{"@type":"ListItem","position":2,"name":"ECATEPEC CELEBRA LA CULTURA COMO CAMINO HACIA LA PAZ"}]},{"@type":"WebSite","@id":"https:\/\/ndpnoticias.com.mx\/#website","url":"https:\/\/ndpnoticias.com.mx\/","name":"NDP Noticias","description":"","publisher":{"@id":"https:\/\/ndpnoticias.com.mx\/#organization"},"potentialAction":[{"@type":"SearchAction","target":{"@type":"EntryPoint","urlTemplate":"https:\/\/ndpnoticias.com.mx\/?s={search_term_string}"},"query-input":"required name=search_term_string"}],"inLanguage":"es"},{"@type":"Organization","@id":"https:\/\/ndpnoticias.com.mx\/#organization","name":"NDP Noticias","url":"https:\/\/ndpnoticias.com.mx\/","logo":{"@type":"ImageObject","inLanguage":"es","@id":"https:\/\/ndpnoticias.com.mx\/#\/schema\/logo\/image\/","url":"https:\/\/ndpnoticias.com.mx\/wp-content\/uploads\/2024\/01\/cropped-IMG_3802-1.jpeg","contentUrl":"https:\/\/ndpnoticias.com.mx\/wp-content\/uploads\/2024\/01\/cropped-IMG_3802-1.jpeg","width":472,"height":80,"caption":"NDP Noticias"},"image":{"@id":"https:\/\/ndpnoticias.com.mx\/#\/schema\/logo\/image\/"}},{"@type":"Person","@id":"https:\/\/ndpnoticias.com.mx\/#\/schema\/person\/76f3f372c2bedd0bf44c0c3fb0adc6ca","name":"admin","image":{"@type":"ImageObject","inLanguage":"es","@id":"https:\/\/ndpnoticias.com.mx\/#\/schema\/person\/image\/","url":"https:\/\/secure.gravatar.com\/avatar\/76d7e481f585a42e41243c8312642a6f526d9b06cd67b616fc58155ca4786d1a?s=96&d=mm&r=g","contentUrl":"https:\/\/secure.gravatar.com\/avatar\/76d7e481f585a42e41243c8312642a6f526d9b06cd67b616fc58155ca4786d1a?s=96&d=mm&r=g","caption":"admin"},"sameAs":["https:\/\/ndpnoticias.com.mx"],"url":"https:\/\/ndpnoticias.com.mx\/?author=1"}]}},"_links":{"self":[{"href":"https:\/\/ndpnoticias.com.mx\/index.php?rest_route=\/wp\/v2\/posts\/15170","targetHints":{"allow":["GET"]}}],"collection":[{"href":"https:\/\/ndpnoticias.com.mx\/index.php?rest_route=\/wp\/v2\/posts"}],"about":[{"href":"https:\/\/ndpnoticias.com.mx\/index.php?rest_route=\/wp\/v2\/types\/post"}],"author":[{"embeddable":true,"href":"https:\/\/ndpnoticias.com.mx\/index.php?rest_route=\/wp\/v2\/users\/1"}],"replies":[{"embeddable":true,"href":"https:\/\/ndpnoticias.com.mx\/index.php?rest_route=%2Fwp%2Fv2%2Fcomments&post=15170"}],"version-history":[{"count":1,"href":"https:\/\/ndpnoticias.com.mx\/index.php?rest_route=\/wp\/v2\/posts\/15170\/revisions"}],"predecessor-version":[{"id":15173,"href":"https:\/\/ndpnoticias.com.mx\/index.php?rest_route=\/wp\/v2\/posts\/15170\/revisions\/15173"}],"wp:featuredmedia":[{"embeddable":true,"href":"https:\/\/ndpnoticias.com.mx\/index.php?rest_route=\/wp\/v2\/media\/15172"}],"wp:attachment":[{"href":"https:\/\/ndpnoticias.com.mx\/index.php?rest_route=%2Fwp%2Fv2%2Fmedia&parent=15170"}],"wp:term":[{"taxonomy":"category","embeddable":true,"href":"https:\/\/ndpnoticias.com.mx\/index.php?rest_route=%2Fwp%2Fv2%2Fcategories&post=15170"},{"taxonomy":"post_tag","embeddable":true,"href":"https:\/\/ndpnoticias.com.mx\/index.php?rest_route=%2Fwp%2Fv2%2Ftags&post=15170"}],"curies":[{"name":"wp","href":"https:\/\/api.w.org\/{rel}","templated":true}]}}