{"id":15103,"date":"2025-10-27T18:51:24","date_gmt":"2025-10-28T00:51:24","guid":{"rendered":"https:\/\/ndpnoticias.com.mx\/?p=15103"},"modified":"2025-10-27T18:51:26","modified_gmt":"2025-10-28T00:51:26","slug":"fortalece-juanita-carrillo-economia-familiar-en-cuautitlan","status":"publish","type":"post","link":"https:\/\/ndpnoticias.com.mx\/?p=15103","title":{"rendered":"FORTALECE JUANITA CARRILLO ECONOM\u00cdA FAMILIAR EN CUAUTITL\u00c1N"},"content":{"rendered":"\n<p><strong><em>\u2014   La presidenta municipal encabez\u00f3 la entrega de despensas humanistas para apoyar a las familias m\u00e1s necesitadas<\/em><\/strong><\/p>\n\n\n\n<p><strong>CUAUTITL\u00c1N, M\u00c9X.\u2013 La presidenta municipal Juanita Carrillo reforz\u00f3 su compromiso con el bienestar social al encabezar la entrega de despensas humanistas, un programa dise\u00f1ado para fortalecer la econom\u00eda familiar y garantizar el acceso a productos de calidad para los sectores m\u00e1s vulnerables del municipio.<\/strong><\/p>\n\n\n\n<p><strong>Durante el evento, Carrillo destac\u00f3 que estas acciones no responden a fines electorales, sino a una convicci\u00f3n profunda de atender a quienes m\u00e1s lo necesitan. \u201cNo venimos a regalar nada ni a condicionar apoyos; esta despensa es dinero p\u00fablico entregado con transparencia, reglas claras y con el coraz\u00f3n\u201d, afirm\u00f3 la alcaldesa.<\/strong><\/p>\n\n\n\n<p><strong>La edil subray\u00f3 que desde el inicio de su gesti\u00f3n se han priorizado programas que dignifican la vida de las familias cuautitlenses, enfrentando con decisi\u00f3n las carencias heredadas. En esta ocasi\u00f3n, anunci\u00f3 que el pr\u00f3ximo a\u00f1o se pretende duplicar la cobertura de despensas para alcanzar a m\u00e1s familias.<\/strong><\/p>\n\n\n\n<p><strong>Carrillo tambi\u00e9n se\u00f1al\u00f3 que los programas sociales municipales se enmarcan en un proyecto humanista nacional, que pone a las personas en el centro de las pol\u00edticas p\u00fablicas. \u201cNos critican por ayudar a quienes m\u00e1s lo necesitan, pero seguiremos del lado del pueblo\u201d, enfatiz\u00f3.<\/strong><\/p>\n\n\n\n<p><strong>Adem\u00e1s, inform\u00f3 que su administraci\u00f3n continuar\u00e1 fortaleciendo las cl\u00ednicas del DIF municipal con equipamiento m\u00e9dico especializado y tecnolog\u00eda de rehabilitaci\u00f3n de \u00faltima generaci\u00f3n, consolidando la salud y el bienestar como ejes fundamentales de su gobierno.<\/strong><\/p>\n\n\n\n<p><strong>La presidenta municipal cerr\u00f3 el acto agradeciendo a las familias por su confianza y participaci\u00f3n en los programas, y reiter\u00f3 que los logros alcanzados son fruto del trabajo conjunto de la comunidad y del gobierno: \u201cCuautitl\u00e1n est\u00e1 cambiando, y juntos lo estamos logrando\u201d, concluy\u00f3.&nbsp;<\/strong>juntos lo estamos logrando.\u201d<\/p>\n","protected":false},"excerpt":{"rendered":"<p>\u2014 La presidenta municipal encabez\u00f3 la entrega de despensas humanistas para apoyar a las familias m\u00e1s necesitadas CUAUTITL\u00c1N, M\u00c9X.\u2013 La presidenta municipal Juanita Carrillo reforz\u00f3 su compromiso con el bienestar&hellip; <\/p>\n","protected":false},"author":1,"featured_media":15104,"comment_status":"open","ping_status":"closed","sticky":false,"template":"","format":"standard","meta":{"footnotes":""},"categories":[36],"tags":[],"class_list":["post-15103","post","type-post","status-publish","format-standard","has-post-thumbnail","hentry","category-cuautitlan"],"yoast_head":"<!-- This site is optimized with the Yoast SEO plugin v22.9 - https:\/\/yoast.com\/wordpress\/plugins\/seo\/ -->\n<title>FORTALECE JUANITA CARRILLO ECONOM\u00cdA FAMILIAR EN CUAUTITL\u00c1N - NDP Noticias<\/title>\n<meta name=\"robots\" content=\"index, follow, max-snippet:-1, max-image-preview:large, max-video-preview:-1\" \/>\n<link rel=\"canonical\" href=\"https:\/\/ndpnoticias.com.mx\/?p=15103\" \/>\n<meta property=\"og:locale\" content=\"es_ES\" \/>\n<meta property=\"og:type\" content=\"article\" \/>\n<meta property=\"og:title\" content=\"FORTALECE JUANITA CARRILLO ECONOM\u00cdA FAMILIAR EN CUAUTITL\u00c1N - NDP Noticias\" \/>\n<meta property=\"og:description\" content=\"\u2014 La presidenta municipal encabez\u00f3 la entrega de despensas humanistas para apoyar a las familias m\u00e1s necesitadas CUAUTITL\u00c1N, M\u00c9X.\u2013 La presidenta municipal Juanita Carrillo reforz\u00f3 su compromiso con el bienestar&hellip;\" \/>\n<meta property=\"og:url\" content=\"https:\/\/ndpnoticias.com.mx\/?p=15103\" \/>\n<meta property=\"og:site_name\" content=\"NDP Noticias\" \/>\n<meta property=\"article:published_time\" content=\"2025-10-28T00:51:24+00:00\" \/>\n<meta property=\"article:modified_time\" content=\"2025-10-28T00:51:26+00:00\" \/>\n<meta property=\"og:image\" content=\"https:\/\/ndpnoticias.com.mx\/wp-content\/uploads\/2025\/10\/IMG_2734.jpeg\" \/>\n\t<meta property=\"og:image:width\" content=\"1600\" \/>\n\t<meta property=\"og:image:height\" content=\"898\" \/>\n\t<meta property=\"og:image:type\" content=\"image\/jpeg\" \/>\n<meta name=\"author\" content=\"admin\" \/>\n<meta name=\"twitter:card\" content=\"summary_large_image\" \/>\n<meta name=\"twitter:label1\" content=\"Escrito por\" \/>\n\t<meta name=\"twitter:data1\" content=\"admin\" \/>\n\t<meta name=\"twitter:label2\" content=\"Tiempo de lectura\" \/>\n\t<meta name=\"twitter:data2\" content=\"2 minutos\" \/>\n<script type=\"application\/ld+json\" class=\"yoast-schema-graph\">{\"@context\":\"https:\/\/schema.org\",\"@graph\":[{\"@type\":\"Article\",\"@id\":\"https:\/\/ndpnoticias.com.mx\/?p=15103#article\",\"isPartOf\":{\"@id\":\"https:\/\/ndpnoticias.com.mx\/?p=15103\"},\"author\":{\"name\":\"admin\",\"@id\":\"https:\/\/ndpnoticias.com.mx\/#\/schema\/person\/76f3f372c2bedd0bf44c0c3fb0adc6ca\"},\"headline\":\"FORTALECE JUANITA CARRILLO ECONOM\u00cdA FAMILIAR EN CUAUTITL\u00c1N\",\"datePublished\":\"2025-10-28T00:51:24+00:00\",\"dateModified\":\"2025-10-28T00:51:26+00:00\",\"mainEntityOfPage\":{\"@id\":\"https:\/\/ndpnoticias.com.mx\/?p=15103\"},\"wordCount\":325,\"commentCount\":0,\"publisher\":{\"@id\":\"https:\/\/ndpnoticias.com.mx\/#organization\"},\"image\":{\"@id\":\"https:\/\/ndpnoticias.com.mx\/?p=15103#primaryimage\"},\"thumbnailUrl\":\"https:\/\/ndpnoticias.com.mx\/wp-content\/uploads\/2025\/10\/IMG_2734.jpeg\",\"articleSection\":[\"Cuautitl\u00e1n\"],\"inLanguage\":\"es\",\"potentialAction\":[{\"@type\":\"CommentAction\",\"name\":\"Comment\",\"target\":[\"https:\/\/ndpnoticias.com.mx\/?p=15103#respond\"]}]},{\"@type\":\"WebPage\",\"@id\":\"https:\/\/ndpnoticias.com.mx\/?p=15103\",\"url\":\"https:\/\/ndpnoticias.com.mx\/?p=15103\",\"name\":\"FORTALECE JUANITA CARRILLO ECONOM\u00cdA FAMILIAR EN CUAUTITL\u00c1N - NDP Noticias\",\"isPartOf\":{\"@id\":\"https:\/\/ndpnoticias.com.mx\/#website\"},\"primaryImageOfPage\":{\"@id\":\"https:\/\/ndpnoticias.com.mx\/?p=15103#primaryimage\"},\"image\":{\"@id\":\"https:\/\/ndpnoticias.com.mx\/?p=15103#primaryimage\"},\"thumbnailUrl\":\"https:\/\/ndpnoticias.com.mx\/wp-content\/uploads\/2025\/10\/IMG_2734.jpeg\",\"datePublished\":\"2025-10-28T00:51:24+00:00\",\"dateModified\":\"2025-10-28T00:51:26+00:00\",\"breadcrumb\":{\"@id\":\"https:\/\/ndpnoticias.com.mx\/?p=15103#breadcrumb\"},\"inLanguage\":\"es\",\"potentialAction\":[{\"@type\":\"ReadAction\",\"target\":[\"https:\/\/ndpnoticias.com.mx\/?p=15103\"]}]},{\"@type\":\"ImageObject\",\"inLanguage\":\"es\",\"@id\":\"https:\/\/ndpnoticias.com.mx\/?p=15103#primaryimage\",\"url\":\"https:\/\/ndpnoticias.com.mx\/wp-content\/uploads\/2025\/10\/IMG_2734.jpeg\",\"contentUrl\":\"https:\/\/ndpnoticias.com.mx\/wp-content\/uploads\/2025\/10\/IMG_2734.jpeg\",\"width\":1600,\"height\":898},{\"@type\":\"BreadcrumbList\",\"@id\":\"https:\/\/ndpnoticias.com.mx\/?p=15103#breadcrumb\",\"itemListElement\":[{\"@type\":\"ListItem\",\"position\":1,\"name\":\"Portada\",\"item\":\"https:\/\/ndpnoticias.com.mx\/\"},{\"@type\":\"ListItem\",\"position\":2,\"name\":\"FORTALECE JUANITA CARRILLO ECONOM\u00cdA FAMILIAR EN CUAUTITL\u00c1N\"}]},{\"@type\":\"WebSite\",\"@id\":\"https:\/\/ndpnoticias.com.mx\/#website\",\"url\":\"https:\/\/ndpnoticias.com.mx\/\",\"name\":\"NDP Noticias\",\"description\":\"\",\"publisher\":{\"@id\":\"https:\/\/ndpnoticias.com.mx\/#organization\"},\"potentialAction\":[{\"@type\":\"SearchAction\",\"target\":{\"@type\":\"EntryPoint\",\"urlTemplate\":\"https:\/\/ndpnoticias.com.mx\/?s={search_term_string}\"},\"query-input\":\"required name=search_term_string\"}],\"inLanguage\":\"es\"},{\"@type\":\"Organization\",\"@id\":\"https:\/\/ndpnoticias.com.mx\/#organization\",\"name\":\"NDP Noticias\",\"url\":\"https:\/\/ndpnoticias.com.mx\/\",\"logo\":{\"@type\":\"ImageObject\",\"inLanguage\":\"es\",\"@id\":\"https:\/\/ndpnoticias.com.mx\/#\/schema\/logo\/image\/\",\"url\":\"https:\/\/ndpnoticias.com.mx\/wp-content\/uploads\/2024\/01\/cropped-IMG_3802-1.jpeg\",\"contentUrl\":\"https:\/\/ndpnoticias.com.mx\/wp-content\/uploads\/2024\/01\/cropped-IMG_3802-1.jpeg\",\"width\":472,\"height\":80,\"caption\":\"NDP Noticias\"},\"image\":{\"@id\":\"https:\/\/ndpnoticias.com.mx\/#\/schema\/logo\/image\/\"}},{\"@type\":\"Person\",\"@id\":\"https:\/\/ndpnoticias.com.mx\/#\/schema\/person\/76f3f372c2bedd0bf44c0c3fb0adc6ca\",\"name\":\"admin\",\"image\":{\"@type\":\"ImageObject\",\"inLanguage\":\"es\",\"@id\":\"https:\/\/ndpnoticias.com.mx\/#\/schema\/person\/image\/\",\"url\":\"https:\/\/secure.gravatar.com\/avatar\/76d7e481f585a42e41243c8312642a6f526d9b06cd67b616fc58155ca4786d1a?s=96&d=mm&r=g\",\"contentUrl\":\"https:\/\/secure.gravatar.com\/avatar\/76d7e481f585a42e41243c8312642a6f526d9b06cd67b616fc58155ca4786d1a?s=96&d=mm&r=g\",\"caption\":\"admin\"},\"sameAs\":[\"https:\/\/ndpnoticias.com.mx\"],\"url\":\"https:\/\/ndpnoticias.com.mx\/?author=1\"}]}<\/script>\n<!-- \/ Yoast SEO plugin. -->","yoast_head_json":{"title":"FORTALECE JUANITA CARRILLO ECONOM\u00cdA FAMILIAR EN CUAUTITL\u00c1N - NDP Noticias","robots":{"index":"index","follow":"follow","max-snippet":"max-snippet:-1","max-image-preview":"max-image-preview:large","max-video-preview":"max-video-preview:-1"},"canonical":"https:\/\/ndpnoticias.com.mx\/?p=15103","og_locale":"es_ES","og_type":"article","og_title":"FORTALECE JUANITA CARRILLO ECONOM\u00cdA FAMILIAR EN CUAUTITL\u00c1N - NDP Noticias","og_description":"\u2014 La presidenta municipal encabez\u00f3 la entrega de despensas humanistas para apoyar a las familias m\u00e1s necesitadas CUAUTITL\u00c1N, M\u00c9X.\u2013 La presidenta municipal Juanita Carrillo reforz\u00f3 su compromiso con el bienestar&hellip;","og_url":"https:\/\/ndpnoticias.com.mx\/?p=15103","og_site_name":"NDP Noticias","article_published_time":"2025-10-28T00:51:24+00:00","article_modified_time":"2025-10-28T00:51:26+00:00","og_image":[{"width":1600,"height":898,"url":"https:\/\/ndpnoticias.com.mx\/wp-content\/uploads\/2025\/10\/IMG_2734.jpeg","type":"image\/jpeg"}],"author":"admin","twitter_card":"summary_large_image","twitter_misc":{"Escrito por":"admin","Tiempo de lectura":"2 minutos"},"schema":{"@context":"https:\/\/schema.org","@graph":[{"@type":"Article","@id":"https:\/\/ndpnoticias.com.mx\/?p=15103#article","isPartOf":{"@id":"https:\/\/ndpnoticias.com.mx\/?p=15103"},"author":{"name":"admin","@id":"https:\/\/ndpnoticias.com.mx\/#\/schema\/person\/76f3f372c2bedd0bf44c0c3fb0adc6ca"},"headline":"FORTALECE JUANITA CARRILLO ECONOM\u00cdA FAMILIAR EN CUAUTITL\u00c1N","datePublished":"2025-10-28T00:51:24+00:00","dateModified":"2025-10-28T00:51:26+00:00","mainEntityOfPage":{"@id":"https:\/\/ndpnoticias.com.mx\/?p=15103"},"wordCount":325,"commentCount":0,"publisher":{"@id":"https:\/\/ndpnoticias.com.mx\/#organization"},"image":{"@id":"https:\/\/ndpnoticias.com.mx\/?p=15103#primaryimage"},"thumbnailUrl":"https:\/\/ndpnoticias.com.mx\/wp-content\/uploads\/2025\/10\/IMG_2734.jpeg","articleSection":["Cuautitl\u00e1n"],"inLanguage":"es","potentialAction":[{"@type":"CommentAction","name":"Comment","target":["https:\/\/ndpnoticias.com.mx\/?p=15103#respond"]}]},{"@type":"WebPage","@id":"https:\/\/ndpnoticias.com.mx\/?p=15103","url":"https:\/\/ndpnoticias.com.mx\/?p=15103","name":"FORTALECE JUANITA CARRILLO ECONOM\u00cdA FAMILIAR EN CUAUTITL\u00c1N - NDP Noticias","isPartOf":{"@id":"https:\/\/ndpnoticias.com.mx\/#website"},"primaryImageOfPage":{"@id":"https:\/\/ndpnoticias.com.mx\/?p=15103#primaryimage"},"image":{"@id":"https:\/\/ndpnoticias.com.mx\/?p=15103#primaryimage"},"thumbnailUrl":"https:\/\/ndpnoticias.com.mx\/wp-content\/uploads\/2025\/10\/IMG_2734.jpeg","datePublished":"2025-10-28T00:51:24+00:00","dateModified":"2025-10-28T00:51:26+00:00","breadcrumb":{"@id":"https:\/\/ndpnoticias.com.mx\/?p=15103#breadcrumb"},"inLanguage":"es","potentialAction":[{"@type":"ReadAction","target":["https:\/\/ndpnoticias.com.mx\/?p=15103"]}]},{"@type":"ImageObject","inLanguage":"es","@id":"https:\/\/ndpnoticias.com.mx\/?p=15103#primaryimage","url":"https:\/\/ndpnoticias.com.mx\/wp-content\/uploads\/2025\/10\/IMG_2734.jpeg","contentUrl":"https:\/\/ndpnoticias.com.mx\/wp-content\/uploads\/2025\/10\/IMG_2734.jpeg","width":1600,"height":898},{"@type":"BreadcrumbList","@id":"https:\/\/ndpnoticias.com.mx\/?p=15103#breadcrumb","itemListElement":[{"@type":"ListItem","position":1,"name":"Portada","item":"https:\/\/ndpnoticias.com.mx\/"},{"@type":"ListItem","position":2,"name":"FORTALECE JUANITA CARRILLO ECONOM\u00cdA FAMILIAR EN CUAUTITL\u00c1N"}]},{"@type":"WebSite","@id":"https:\/\/ndpnoticias.com.mx\/#website","url":"https:\/\/ndpnoticias.com.mx\/","name":"NDP Noticias","description":"","publisher":{"@id":"https:\/\/ndpnoticias.com.mx\/#organization"},"potentialAction":[{"@type":"SearchAction","target":{"@type":"EntryPoint","urlTemplate":"https:\/\/ndpnoticias.com.mx\/?s={search_term_string}"},"query-input":"required name=search_term_string"}],"inLanguage":"es"},{"@type":"Organization","@id":"https:\/\/ndpnoticias.com.mx\/#organization","name":"NDP Noticias","url":"https:\/\/ndpnoticias.com.mx\/","logo":{"@type":"ImageObject","inLanguage":"es","@id":"https:\/\/ndpnoticias.com.mx\/#\/schema\/logo\/image\/","url":"https:\/\/ndpnoticias.com.mx\/wp-content\/uploads\/2024\/01\/cropped-IMG_3802-1.jpeg","contentUrl":"https:\/\/ndpnoticias.com.mx\/wp-content\/uploads\/2024\/01\/cropped-IMG_3802-1.jpeg","width":472,"height":80,"caption":"NDP Noticias"},"image":{"@id":"https:\/\/ndpnoticias.com.mx\/#\/schema\/logo\/image\/"}},{"@type":"Person","@id":"https:\/\/ndpnoticias.com.mx\/#\/schema\/person\/76f3f372c2bedd0bf44c0c3fb0adc6ca","name":"admin","image":{"@type":"ImageObject","inLanguage":"es","@id":"https:\/\/ndpnoticias.com.mx\/#\/schema\/person\/image\/","url":"https:\/\/secure.gravatar.com\/avatar\/76d7e481f585a42e41243c8312642a6f526d9b06cd67b616fc58155ca4786d1a?s=96&d=mm&r=g","contentUrl":"https:\/\/secure.gravatar.com\/avatar\/76d7e481f585a42e41243c8312642a6f526d9b06cd67b616fc58155ca4786d1a?s=96&d=mm&r=g","caption":"admin"},"sameAs":["https:\/\/ndpnoticias.com.mx"],"url":"https:\/\/ndpnoticias.com.mx\/?author=1"}]}},"_links":{"self":[{"href":"https:\/\/ndpnoticias.com.mx\/index.php?rest_route=\/wp\/v2\/posts\/15103","targetHints":{"allow":["GET"]}}],"collection":[{"href":"https:\/\/ndpnoticias.com.mx\/index.php?rest_route=\/wp\/v2\/posts"}],"about":[{"href":"https:\/\/ndpnoticias.com.mx\/index.php?rest_route=\/wp\/v2\/types\/post"}],"author":[{"embeddable":true,"href":"https:\/\/ndpnoticias.com.mx\/index.php?rest_route=\/wp\/v2\/users\/1"}],"replies":[{"embeddable":true,"href":"https:\/\/ndpnoticias.com.mx\/index.php?rest_route=%2Fwp%2Fv2%2Fcomments&post=15103"}],"version-history":[{"count":1,"href":"https:\/\/ndpnoticias.com.mx\/index.php?rest_route=\/wp\/v2\/posts\/15103\/revisions"}],"predecessor-version":[{"id":15105,"href":"https:\/\/ndpnoticias.com.mx\/index.php?rest_route=\/wp\/v2\/posts\/15103\/revisions\/15105"}],"wp:featuredmedia":[{"embeddable":true,"href":"https:\/\/ndpnoticias.com.mx\/index.php?rest_route=\/wp\/v2\/media\/15104"}],"wp:attachment":[{"href":"https:\/\/ndpnoticias.com.mx\/index.php?rest_route=%2Fwp%2Fv2%2Fmedia&parent=15103"}],"wp:term":[{"taxonomy":"category","embeddable":true,"href":"https:\/\/ndpnoticias.com.mx\/index.php?rest_route=%2Fwp%2Fv2%2Fcategories&post=15103"},{"taxonomy":"post_tag","embeddable":true,"href":"https:\/\/ndpnoticias.com.mx\/index.php?rest_route=%2Fwp%2Fv2%2Ftags&post=15103"}],"curies":[{"name":"wp","href":"https:\/\/api.w.org\/{rel}","templated":true}]}}