{"id":15003,"date":"2025-10-24T16:32:48","date_gmt":"2025-10-24T22:32:48","guid":{"rendered":"https:\/\/ndpnoticias.com.mx\/?p=15003"},"modified":"2025-10-24T16:32:51","modified_gmt":"2025-10-24T22:32:51","slug":"transforma-daniel-serrano-la-quebrada-con-rehabilitacion-de-parque-central","status":"publish","type":"post","link":"https:\/\/ndpnoticias.com.mx\/?p=15003","title":{"rendered":"TRANSFORMA DANIEL SERRANO LA QUEBRADA CON REHABILITACI\u00d3N DE PARQUE CENTRAL"},"content":{"rendered":"\n<p>\u2014 El alcalde de Cuautitl\u00e1n Izcalli cumple compromiso con vecinos y rescata un espacio p\u00fablico abandonado por a\u00f1os<\/p>\n\n\n\n<p>IZCALLI, M\u00c9X.\u2014 En respuesta a una de las principales demandas ciudadanas, el presidente municipal Daniel Serrano Palacios dio el banderazo de inicio a la rehabilitaci\u00f3n integral del parque central de La Quebrada, un espacio emblem\u00e1tico que por a\u00f1os permaneci\u00f3 en el abandono y que pr\u00f3ximamente ser\u00e1 completamente renovado para beneficio de las familias izcallenses.<\/p>\n\n\n\n<p>Durante el evento, el alcalde record\u00f3 que esta obra surge de los recorridos y encuentros vecinales realizados en la colonia, donde junto con la comunidad se definieron las prioridades m\u00e1s urgentes.<\/p>\n\n\n\n<p>\u201cVamos a crear canchas deportivas, una trotapista, un \u00e1rea de palapas, un gimnasio al aire libre y gradas para disfrutar los encuentros. Queremos que este parque vuelva a ser un punto de convivencia, deporte y uni\u00f3n familiar\u201d, se\u00f1al\u00f3 Serrano.<\/p>\n\n\n\n<p>Los trabajos abarcar\u00e1n una superficie de m\u00e1s de 5 mil metros cuadrados e incluir\u00e1n la reforestaci\u00f3n, construcci\u00f3n de andadores, \u00e1reas l\u00fadicas para adultos mayores y espacios de esparcimiento infantil, inform\u00f3 Ver\u00f3nica Italia Montero, titular de Desarrollo Urbano y Obras P\u00fablicas.<\/p>\n\n\n\n<p>El presidente municipal exhort\u00f3 a los vecinos a cuidar y apropiarse del nuevo espacio p\u00fablico, asegurando que el Gobierno Municipal no permitir\u00e1 que grupos u organizaciones lo utilicen con fines ajenos a la convivencia ciudadana.<\/p>\n\n\n\n<p>\u201cEste parque es para la gente de La Quebrada. Queremos que cada familia lo haga suyo, que lo proteja y disfrute. Los espacios p\u00fablicos deben servir a la comunidad, no a intereses particulares\u201d, enfatiz\u00f3.<\/p>\n\n\n\n<p>Durante el arranque tambi\u00e9n estuvieron presentes Luis Fernando Ugalde, primer regidor; Luis Fernando V\u00e1zquez, director de Democracia Participativa; y vecinos de la comunidad. En representaci\u00f3n de los beneficiarios, Mario Medina, promotor deportivo, agradeci\u00f3 al alcalde por cumplir su palabra y atender una petici\u00f3n que anteriores administraciones hab\u00edan ignorado.<\/p>\n\n\n\n<p>Con esta obra, el Gobierno de Cuautitl\u00e1n Izcalli consolida su visi\u00f3n de reconstruir espacios dignos, seguros y funcionales, impulsando el deporte, la convivencia y el bienestar social en cada comunidad del municipio.<\/p>\n\n\n\n<figure class=\"wp-block-image size-large\"><img loading=\"lazy\" decoding=\"async\" width=\"1024\" height=\"683\" src=\"https:\/\/ndpnoticias.com.mx\/wp-content\/uploads\/2025\/10\/6c98b001-1570-4d77-b3ce-ff861d87e8e8-1024x683.jpeg\" alt=\"\" class=\"wp-image-15004\" srcset=\"https:\/\/ndpnoticias.com.mx\/wp-content\/uploads\/2025\/10\/6c98b001-1570-4d77-b3ce-ff861d87e8e8-1024x683.jpeg 1024w, https:\/\/ndpnoticias.com.mx\/wp-content\/uploads\/2025\/10\/6c98b001-1570-4d77-b3ce-ff861d87e8e8-300x200.jpeg 300w, https:\/\/ndpnoticias.com.mx\/wp-content\/uploads\/2025\/10\/6c98b001-1570-4d77-b3ce-ff861d87e8e8-768x512.jpeg 768w, https:\/\/ndpnoticias.com.mx\/wp-content\/uploads\/2025\/10\/6c98b001-1570-4d77-b3ce-ff861d87e8e8-1536x1024.jpeg 1536w, https:\/\/ndpnoticias.com.mx\/wp-content\/uploads\/2025\/10\/6c98b001-1570-4d77-b3ce-ff861d87e8e8-600x400.jpeg 600w, https:\/\/ndpnoticias.com.mx\/wp-content\/uploads\/2025\/10\/6c98b001-1570-4d77-b3ce-ff861d87e8e8.jpeg 1600w\" sizes=\"auto, (max-width: 1024px) 100vw, 1024px\" \/><\/figure>\n","protected":false},"excerpt":{"rendered":"<p>\u2014 El alcalde de Cuautitl\u00e1n Izcalli cumple compromiso con vecinos y rescata un espacio p\u00fablico abandonado por a\u00f1os IZCALLI, M\u00c9X.\u2014 En respuesta a una de las principales demandas ciudadanas, el&hellip; <\/p>\n","protected":false},"author":1,"featured_media":15005,"comment_status":"open","ping_status":"closed","sticky":false,"template":"","format":"standard","meta":{"footnotes":""},"categories":[38],"tags":[],"class_list":["post-15003","post","type-post","status-publish","format-standard","has-post-thumbnail","hentry","category-izcalli"],"yoast_head":"<!-- This site is optimized with the Yoast SEO plugin v22.9 - https:\/\/yoast.com\/wordpress\/plugins\/seo\/ -->\n<title>TRANSFORMA DANIEL SERRANO LA QUEBRADA CON REHABILITACI\u00d3N DE PARQUE CENTRAL - NDP Noticias<\/title>\n<meta name=\"robots\" content=\"index, follow, max-snippet:-1, max-image-preview:large, max-video-preview:-1\" \/>\n<link rel=\"canonical\" href=\"https:\/\/ndpnoticias.com.mx\/?p=15003\" \/>\n<meta property=\"og:locale\" content=\"es_ES\" \/>\n<meta property=\"og:type\" content=\"article\" \/>\n<meta property=\"og:title\" content=\"TRANSFORMA DANIEL SERRANO LA QUEBRADA CON REHABILITACI\u00d3N DE PARQUE CENTRAL - NDP Noticias\" \/>\n<meta property=\"og:description\" content=\"\u2014 El alcalde de Cuautitl\u00e1n Izcalli cumple compromiso con vecinos y rescata un espacio p\u00fablico abandonado por a\u00f1os IZCALLI, M\u00c9X.\u2014 En respuesta a una de las principales demandas ciudadanas, el&hellip;\" \/>\n<meta property=\"og:url\" content=\"https:\/\/ndpnoticias.com.mx\/?p=15003\" \/>\n<meta property=\"og:site_name\" content=\"NDP Noticias\" \/>\n<meta property=\"article:published_time\" content=\"2025-10-24T22:32:48+00:00\" \/>\n<meta property=\"article:modified_time\" content=\"2025-10-24T22:32:51+00:00\" \/>\n<meta property=\"og:image\" content=\"https:\/\/ndpnoticias.com.mx\/wp-content\/uploads\/2025\/10\/d425d8d4-77d4-4958-956a-73a67f954646.jpeg\" \/>\n\t<meta property=\"og:image:width\" content=\"1600\" \/>\n\t<meta property=\"og:image:height\" content=\"1067\" \/>\n\t<meta property=\"og:image:type\" content=\"image\/jpeg\" \/>\n<meta name=\"author\" content=\"admin\" \/>\n<meta name=\"twitter:card\" content=\"summary_large_image\" \/>\n<meta name=\"twitter:label1\" content=\"Escrito por\" \/>\n\t<meta name=\"twitter:data1\" content=\"admin\" \/>\n\t<meta name=\"twitter:label2\" content=\"Tiempo de lectura\" \/>\n\t<meta name=\"twitter:data2\" content=\"2 minutos\" \/>\n<script type=\"application\/ld+json\" class=\"yoast-schema-graph\">{\"@context\":\"https:\/\/schema.org\",\"@graph\":[{\"@type\":\"Article\",\"@id\":\"https:\/\/ndpnoticias.com.mx\/?p=15003#article\",\"isPartOf\":{\"@id\":\"https:\/\/ndpnoticias.com.mx\/?p=15003\"},\"author\":{\"name\":\"admin\",\"@id\":\"https:\/\/ndpnoticias.com.mx\/#\/schema\/person\/76f3f372c2bedd0bf44c0c3fb0adc6ca\"},\"headline\":\"TRANSFORMA DANIEL SERRANO LA QUEBRADA CON REHABILITACI\u00d3N DE PARQUE CENTRAL\",\"datePublished\":\"2025-10-24T22:32:48+00:00\",\"dateModified\":\"2025-10-24T22:32:51+00:00\",\"mainEntityOfPage\":{\"@id\":\"https:\/\/ndpnoticias.com.mx\/?p=15003\"},\"wordCount\":368,\"commentCount\":0,\"publisher\":{\"@id\":\"https:\/\/ndpnoticias.com.mx\/#organization\"},\"image\":{\"@id\":\"https:\/\/ndpnoticias.com.mx\/?p=15003#primaryimage\"},\"thumbnailUrl\":\"https:\/\/ndpnoticias.com.mx\/wp-content\/uploads\/2025\/10\/d425d8d4-77d4-4958-956a-73a67f954646.jpeg\",\"articleSection\":[\"Izcalli\"],\"inLanguage\":\"es\",\"potentialAction\":[{\"@type\":\"CommentAction\",\"name\":\"Comment\",\"target\":[\"https:\/\/ndpnoticias.com.mx\/?p=15003#respond\"]}]},{\"@type\":\"WebPage\",\"@id\":\"https:\/\/ndpnoticias.com.mx\/?p=15003\",\"url\":\"https:\/\/ndpnoticias.com.mx\/?p=15003\",\"name\":\"TRANSFORMA DANIEL SERRANO LA QUEBRADA CON REHABILITACI\u00d3N DE PARQUE CENTRAL - NDP Noticias\",\"isPartOf\":{\"@id\":\"https:\/\/ndpnoticias.com.mx\/#website\"},\"primaryImageOfPage\":{\"@id\":\"https:\/\/ndpnoticias.com.mx\/?p=15003#primaryimage\"},\"image\":{\"@id\":\"https:\/\/ndpnoticias.com.mx\/?p=15003#primaryimage\"},\"thumbnailUrl\":\"https:\/\/ndpnoticias.com.mx\/wp-content\/uploads\/2025\/10\/d425d8d4-77d4-4958-956a-73a67f954646.jpeg\",\"datePublished\":\"2025-10-24T22:32:48+00:00\",\"dateModified\":\"2025-10-24T22:32:51+00:00\",\"breadcrumb\":{\"@id\":\"https:\/\/ndpnoticias.com.mx\/?p=15003#breadcrumb\"},\"inLanguage\":\"es\",\"potentialAction\":[{\"@type\":\"ReadAction\",\"target\":[\"https:\/\/ndpnoticias.com.mx\/?p=15003\"]}]},{\"@type\":\"ImageObject\",\"inLanguage\":\"es\",\"@id\":\"https:\/\/ndpnoticias.com.mx\/?p=15003#primaryimage\",\"url\":\"https:\/\/ndpnoticias.com.mx\/wp-content\/uploads\/2025\/10\/d425d8d4-77d4-4958-956a-73a67f954646.jpeg\",\"contentUrl\":\"https:\/\/ndpnoticias.com.mx\/wp-content\/uploads\/2025\/10\/d425d8d4-77d4-4958-956a-73a67f954646.jpeg\",\"width\":1600,\"height\":1067},{\"@type\":\"BreadcrumbList\",\"@id\":\"https:\/\/ndpnoticias.com.mx\/?p=15003#breadcrumb\",\"itemListElement\":[{\"@type\":\"ListItem\",\"position\":1,\"name\":\"Portada\",\"item\":\"https:\/\/ndpnoticias.com.mx\/\"},{\"@type\":\"ListItem\",\"position\":2,\"name\":\"TRANSFORMA DANIEL SERRANO LA QUEBRADA CON REHABILITACI\u00d3N DE PARQUE CENTRAL\"}]},{\"@type\":\"WebSite\",\"@id\":\"https:\/\/ndpnoticias.com.mx\/#website\",\"url\":\"https:\/\/ndpnoticias.com.mx\/\",\"name\":\"NDP Noticias\",\"description\":\"\",\"publisher\":{\"@id\":\"https:\/\/ndpnoticias.com.mx\/#organization\"},\"potentialAction\":[{\"@type\":\"SearchAction\",\"target\":{\"@type\":\"EntryPoint\",\"urlTemplate\":\"https:\/\/ndpnoticias.com.mx\/?s={search_term_string}\"},\"query-input\":\"required name=search_term_string\"}],\"inLanguage\":\"es\"},{\"@type\":\"Organization\",\"@id\":\"https:\/\/ndpnoticias.com.mx\/#organization\",\"name\":\"NDP Noticias\",\"url\":\"https:\/\/ndpnoticias.com.mx\/\",\"logo\":{\"@type\":\"ImageObject\",\"inLanguage\":\"es\",\"@id\":\"https:\/\/ndpnoticias.com.mx\/#\/schema\/logo\/image\/\",\"url\":\"https:\/\/ndpnoticias.com.mx\/wp-content\/uploads\/2024\/01\/cropped-IMG_3802-1.jpeg\",\"contentUrl\":\"https:\/\/ndpnoticias.com.mx\/wp-content\/uploads\/2024\/01\/cropped-IMG_3802-1.jpeg\",\"width\":472,\"height\":80,\"caption\":\"NDP Noticias\"},\"image\":{\"@id\":\"https:\/\/ndpnoticias.com.mx\/#\/schema\/logo\/image\/\"}},{\"@type\":\"Person\",\"@id\":\"https:\/\/ndpnoticias.com.mx\/#\/schema\/person\/76f3f372c2bedd0bf44c0c3fb0adc6ca\",\"name\":\"admin\",\"image\":{\"@type\":\"ImageObject\",\"inLanguage\":\"es\",\"@id\":\"https:\/\/ndpnoticias.com.mx\/#\/schema\/person\/image\/\",\"url\":\"https:\/\/secure.gravatar.com\/avatar\/76d7e481f585a42e41243c8312642a6f526d9b06cd67b616fc58155ca4786d1a?s=96&d=mm&r=g\",\"contentUrl\":\"https:\/\/secure.gravatar.com\/avatar\/76d7e481f585a42e41243c8312642a6f526d9b06cd67b616fc58155ca4786d1a?s=96&d=mm&r=g\",\"caption\":\"admin\"},\"sameAs\":[\"https:\/\/ndpnoticias.com.mx\"],\"url\":\"https:\/\/ndpnoticias.com.mx\/?author=1\"}]}<\/script>\n<!-- \/ Yoast SEO plugin. -->","yoast_head_json":{"title":"TRANSFORMA DANIEL SERRANO LA QUEBRADA CON REHABILITACI\u00d3N DE PARQUE CENTRAL - NDP Noticias","robots":{"index":"index","follow":"follow","max-snippet":"max-snippet:-1","max-image-preview":"max-image-preview:large","max-video-preview":"max-video-preview:-1"},"canonical":"https:\/\/ndpnoticias.com.mx\/?p=15003","og_locale":"es_ES","og_type":"article","og_title":"TRANSFORMA DANIEL SERRANO LA QUEBRADA CON REHABILITACI\u00d3N DE PARQUE CENTRAL - NDP Noticias","og_description":"\u2014 El alcalde de Cuautitl\u00e1n Izcalli cumple compromiso con vecinos y rescata un espacio p\u00fablico abandonado por a\u00f1os IZCALLI, M\u00c9X.\u2014 En respuesta a una de las principales demandas ciudadanas, el&hellip;","og_url":"https:\/\/ndpnoticias.com.mx\/?p=15003","og_site_name":"NDP Noticias","article_published_time":"2025-10-24T22:32:48+00:00","article_modified_time":"2025-10-24T22:32:51+00:00","og_image":[{"width":1600,"height":1067,"url":"https:\/\/ndpnoticias.com.mx\/wp-content\/uploads\/2025\/10\/d425d8d4-77d4-4958-956a-73a67f954646.jpeg","type":"image\/jpeg"}],"author":"admin","twitter_card":"summary_large_image","twitter_misc":{"Escrito por":"admin","Tiempo de lectura":"2 minutos"},"schema":{"@context":"https:\/\/schema.org","@graph":[{"@type":"Article","@id":"https:\/\/ndpnoticias.com.mx\/?p=15003#article","isPartOf":{"@id":"https:\/\/ndpnoticias.com.mx\/?p=15003"},"author":{"name":"admin","@id":"https:\/\/ndpnoticias.com.mx\/#\/schema\/person\/76f3f372c2bedd0bf44c0c3fb0adc6ca"},"headline":"TRANSFORMA DANIEL SERRANO LA QUEBRADA CON REHABILITACI\u00d3N DE PARQUE CENTRAL","datePublished":"2025-10-24T22:32:48+00:00","dateModified":"2025-10-24T22:32:51+00:00","mainEntityOfPage":{"@id":"https:\/\/ndpnoticias.com.mx\/?p=15003"},"wordCount":368,"commentCount":0,"publisher":{"@id":"https:\/\/ndpnoticias.com.mx\/#organization"},"image":{"@id":"https:\/\/ndpnoticias.com.mx\/?p=15003#primaryimage"},"thumbnailUrl":"https:\/\/ndpnoticias.com.mx\/wp-content\/uploads\/2025\/10\/d425d8d4-77d4-4958-956a-73a67f954646.jpeg","articleSection":["Izcalli"],"inLanguage":"es","potentialAction":[{"@type":"CommentAction","name":"Comment","target":["https:\/\/ndpnoticias.com.mx\/?p=15003#respond"]}]},{"@type":"WebPage","@id":"https:\/\/ndpnoticias.com.mx\/?p=15003","url":"https:\/\/ndpnoticias.com.mx\/?p=15003","name":"TRANSFORMA DANIEL SERRANO LA QUEBRADA CON REHABILITACI\u00d3N DE PARQUE CENTRAL - NDP Noticias","isPartOf":{"@id":"https:\/\/ndpnoticias.com.mx\/#website"},"primaryImageOfPage":{"@id":"https:\/\/ndpnoticias.com.mx\/?p=15003#primaryimage"},"image":{"@id":"https:\/\/ndpnoticias.com.mx\/?p=15003#primaryimage"},"thumbnailUrl":"https:\/\/ndpnoticias.com.mx\/wp-content\/uploads\/2025\/10\/d425d8d4-77d4-4958-956a-73a67f954646.jpeg","datePublished":"2025-10-24T22:32:48+00:00","dateModified":"2025-10-24T22:32:51+00:00","breadcrumb":{"@id":"https:\/\/ndpnoticias.com.mx\/?p=15003#breadcrumb"},"inLanguage":"es","potentialAction":[{"@type":"ReadAction","target":["https:\/\/ndpnoticias.com.mx\/?p=15003"]}]},{"@type":"ImageObject","inLanguage":"es","@id":"https:\/\/ndpnoticias.com.mx\/?p=15003#primaryimage","url":"https:\/\/ndpnoticias.com.mx\/wp-content\/uploads\/2025\/10\/d425d8d4-77d4-4958-956a-73a67f954646.jpeg","contentUrl":"https:\/\/ndpnoticias.com.mx\/wp-content\/uploads\/2025\/10\/d425d8d4-77d4-4958-956a-73a67f954646.jpeg","width":1600,"height":1067},{"@type":"BreadcrumbList","@id":"https:\/\/ndpnoticias.com.mx\/?p=15003#breadcrumb","itemListElement":[{"@type":"ListItem","position":1,"name":"Portada","item":"https:\/\/ndpnoticias.com.mx\/"},{"@type":"ListItem","position":2,"name":"TRANSFORMA DANIEL SERRANO LA QUEBRADA CON REHABILITACI\u00d3N DE PARQUE CENTRAL"}]},{"@type":"WebSite","@id":"https:\/\/ndpnoticias.com.mx\/#website","url":"https:\/\/ndpnoticias.com.mx\/","name":"NDP Noticias","description":"","publisher":{"@id":"https:\/\/ndpnoticias.com.mx\/#organization"},"potentialAction":[{"@type":"SearchAction","target":{"@type":"EntryPoint","urlTemplate":"https:\/\/ndpnoticias.com.mx\/?s={search_term_string}"},"query-input":"required name=search_term_string"}],"inLanguage":"es"},{"@type":"Organization","@id":"https:\/\/ndpnoticias.com.mx\/#organization","name":"NDP Noticias","url":"https:\/\/ndpnoticias.com.mx\/","logo":{"@type":"ImageObject","inLanguage":"es","@id":"https:\/\/ndpnoticias.com.mx\/#\/schema\/logo\/image\/","url":"https:\/\/ndpnoticias.com.mx\/wp-content\/uploads\/2024\/01\/cropped-IMG_3802-1.jpeg","contentUrl":"https:\/\/ndpnoticias.com.mx\/wp-content\/uploads\/2024\/01\/cropped-IMG_3802-1.jpeg","width":472,"height":80,"caption":"NDP Noticias"},"image":{"@id":"https:\/\/ndpnoticias.com.mx\/#\/schema\/logo\/image\/"}},{"@type":"Person","@id":"https:\/\/ndpnoticias.com.mx\/#\/schema\/person\/76f3f372c2bedd0bf44c0c3fb0adc6ca","name":"admin","image":{"@type":"ImageObject","inLanguage":"es","@id":"https:\/\/ndpnoticias.com.mx\/#\/schema\/person\/image\/","url":"https:\/\/secure.gravatar.com\/avatar\/76d7e481f585a42e41243c8312642a6f526d9b06cd67b616fc58155ca4786d1a?s=96&d=mm&r=g","contentUrl":"https:\/\/secure.gravatar.com\/avatar\/76d7e481f585a42e41243c8312642a6f526d9b06cd67b616fc58155ca4786d1a?s=96&d=mm&r=g","caption":"admin"},"sameAs":["https:\/\/ndpnoticias.com.mx"],"url":"https:\/\/ndpnoticias.com.mx\/?author=1"}]}},"_links":{"self":[{"href":"https:\/\/ndpnoticias.com.mx\/index.php?rest_route=\/wp\/v2\/posts\/15003","targetHints":{"allow":["GET"]}}],"collection":[{"href":"https:\/\/ndpnoticias.com.mx\/index.php?rest_route=\/wp\/v2\/posts"}],"about":[{"href":"https:\/\/ndpnoticias.com.mx\/index.php?rest_route=\/wp\/v2\/types\/post"}],"author":[{"embeddable":true,"href":"https:\/\/ndpnoticias.com.mx\/index.php?rest_route=\/wp\/v2\/users\/1"}],"replies":[{"embeddable":true,"href":"https:\/\/ndpnoticias.com.mx\/index.php?rest_route=%2Fwp%2Fv2%2Fcomments&post=15003"}],"version-history":[{"count":1,"href":"https:\/\/ndpnoticias.com.mx\/index.php?rest_route=\/wp\/v2\/posts\/15003\/revisions"}],"predecessor-version":[{"id":15006,"href":"https:\/\/ndpnoticias.com.mx\/index.php?rest_route=\/wp\/v2\/posts\/15003\/revisions\/15006"}],"wp:featuredmedia":[{"embeddable":true,"href":"https:\/\/ndpnoticias.com.mx\/index.php?rest_route=\/wp\/v2\/media\/15005"}],"wp:attachment":[{"href":"https:\/\/ndpnoticias.com.mx\/index.php?rest_route=%2Fwp%2Fv2%2Fmedia&parent=15003"}],"wp:term":[{"taxonomy":"category","embeddable":true,"href":"https:\/\/ndpnoticias.com.mx\/index.php?rest_route=%2Fwp%2Fv2%2Fcategories&post=15003"},{"taxonomy":"post_tag","embeddable":true,"href":"https:\/\/ndpnoticias.com.mx\/index.php?rest_route=%2Fwp%2Fv2%2Ftags&post=15003"}],"curies":[{"name":"wp","href":"https:\/\/api.w.org\/{rel}","templated":true}]}}