{"id":13703,"date":"2025-09-13T19:10:51","date_gmt":"2025-09-14T01:10:51","guid":{"rendered":"https:\/\/ndpnoticias.com.mx\/?p=13703"},"modified":"2025-09-13T19:10:54","modified_gmt":"2025-09-14T01:10:54","slug":"isaac-montoya-refrenda-en-naucalpan-su-compromiso-con-la-inclusion","status":"publish","type":"post","link":"https:\/\/ndpnoticias.com.mx\/?p=13703","title":{"rendered":"ISAAC MONTOYA REFRENDA EN NAUCALPAN SU COMPROMISO CON LA INCLUSI\u00d3N"},"content":{"rendered":"\n<p>-El alcalde reconoci\u00f3 a mujeres con discapacidad y anunci\u00f3 proyectos para fortalecer la atenci\u00f3n y la movilidad<\/p>\n\n\n\n<p>NAUCALPAN, M\u00c9X.\u2013 En el marco del D\u00eda Nacional de las Mujeres con Discapacidad, el presidente municipal Isaac Montoya M\u00e1rquez, acompa\u00f1ado por la presidenta honoraria del DIF Municipal, Adriana G. Escobar, encabez\u00f3 un acto de reconocimiento a la fuerza y resiliencia de este sector de la poblaci\u00f3n, reiterando el compromiso de su administraci\u00f3n para construir un municipio m\u00e1s accesible, justo e incluyente.<\/p>\n\n\n\n<p>Ante vecinas y vecinos, el edil subray\u00f3 que las mujeres con discapacidad representan un ejemplo de vida y resistencia: \u201cEste es un acto pensado para quienes nunca se rinden, para quienes demuestran que la dignidad y la voluntad son m\u00e1s fuertes que cualquier barrera\u201d, expres\u00f3.<\/p>\n\n\n\n<p>Durante el evento se entregaron sillas de ruedas y apoyos econ\u00f3micos a pacientes del Centro de Rehabilitaci\u00f3n e Integraci\u00f3n Social (CRIS) \u201cTeresa de Calcuta\u201d, con el respaldo de la Fundaci\u00f3n Oxxo, a quien el alcalde agradeci\u00f3 por su solidaridad.<\/p>\n\n\n\n<p>Montoya M\u00e1rquez enfatiz\u00f3 que a\u00fan existen retos en materia de movilidad e inclusi\u00f3n urbana, por lo que su gobierno trabaja en proyectos clave como la Casa del Autismo y un convenio con Telet\u00f3n para ampliar la oferta de servicios y terapias a favor de la poblaci\u00f3n.<\/p>\n\n\n\n<p>Por su parte, la presidenta honoraria del DIF recalc\u00f3 que la inclusi\u00f3n es un derecho y que la administraci\u00f3n municipal avanza con la convicci\u00f3n de tener un Naucalpan m\u00e1s humano y sensible.<\/p>\n\n\n\n<p>En representaci\u00f3n de las beneficiarias, Yadira Gonz\u00e1lez agradeci\u00f3 la atenci\u00f3n y respaldo del gobierno local: \u201cNos hacen sentir valoradas, incluidas y capaces de salir adelante con fuerza\u201d, dijo.<\/p>\n\n\n\n<p>El alcalde cerr\u00f3 su mensaje subrayando que las mujeres con discapacidad son una inspiraci\u00f3n para sus familias, comunidades y para todo Naucalpan, reafirmando que la inclusi\u00f3n seguir\u00e1 siendo un eje central en las pol\u00edticas de su gobierno.<\/p>\n\n\n\n<figure class=\"wp-block-image size-large\"><img loading=\"lazy\" decoding=\"async\" width=\"1024\" height=\"588\" src=\"https:\/\/ndpnoticias.com.mx\/wp-content\/uploads\/2025\/09\/8d2a1fc9-af67-4035-bf16-5fa46c15d907-1024x588.jpeg\" alt=\"\" class=\"wp-image-13705\" srcset=\"https:\/\/ndpnoticias.com.mx\/wp-content\/uploads\/2025\/09\/8d2a1fc9-af67-4035-bf16-5fa46c15d907-1024x588.jpeg 1024w, https:\/\/ndpnoticias.com.mx\/wp-content\/uploads\/2025\/09\/8d2a1fc9-af67-4035-bf16-5fa46c15d907-300x172.jpeg 300w, https:\/\/ndpnoticias.com.mx\/wp-content\/uploads\/2025\/09\/8d2a1fc9-af67-4035-bf16-5fa46c15d907-768x441.jpeg 768w, https:\/\/ndpnoticias.com.mx\/wp-content\/uploads\/2025\/09\/8d2a1fc9-af67-4035-bf16-5fa46c15d907-1536x881.jpeg 1536w, https:\/\/ndpnoticias.com.mx\/wp-content\/uploads\/2025\/09\/8d2a1fc9-af67-4035-bf16-5fa46c15d907-600x344.jpeg 600w, https:\/\/ndpnoticias.com.mx\/wp-content\/uploads\/2025\/09\/8d2a1fc9-af67-4035-bf16-5fa46c15d907.jpeg 1600w\" sizes=\"auto, (max-width: 1024px) 100vw, 1024px\" \/><\/figure>\n","protected":false},"excerpt":{"rendered":"<p>-El alcalde reconoci\u00f3 a mujeres con discapacidad y anunci\u00f3 proyectos para fortalecer la atenci\u00f3n y la movilidad NAUCALPAN, M\u00c9X.\u2013 En el marco del D\u00eda Nacional de las Mujeres con Discapacidad,&hellip; <\/p>\n","protected":false},"author":1,"featured_media":13704,"comment_status":"open","ping_status":"closed","sticky":false,"template":"","format":"standard","meta":{"footnotes":""},"categories":[22],"tags":[],"class_list":["post-13703","post","type-post","status-publish","format-standard","has-post-thumbnail","hentry","category-naucalpan"],"yoast_head":"<!-- This site is optimized with the Yoast SEO plugin v22.9 - https:\/\/yoast.com\/wordpress\/plugins\/seo\/ -->\n<title>ISAAC MONTOYA REFRENDA EN NAUCALPAN SU COMPROMISO CON LA INCLUSI\u00d3N - NDP Noticias<\/title>\n<meta name=\"robots\" content=\"index, follow, max-snippet:-1, max-image-preview:large, max-video-preview:-1\" \/>\n<link rel=\"canonical\" href=\"https:\/\/ndpnoticias.com.mx\/?p=13703\" \/>\n<meta property=\"og:locale\" content=\"es_ES\" \/>\n<meta property=\"og:type\" content=\"article\" \/>\n<meta property=\"og:title\" content=\"ISAAC MONTOYA REFRENDA EN NAUCALPAN SU COMPROMISO CON LA INCLUSI\u00d3N - NDP Noticias\" \/>\n<meta property=\"og:description\" content=\"-El alcalde reconoci\u00f3 a mujeres con discapacidad y anunci\u00f3 proyectos para fortalecer la atenci\u00f3n y la movilidad NAUCALPAN, M\u00c9X.\u2013 En el marco del D\u00eda Nacional de las Mujeres con Discapacidad,&hellip;\" \/>\n<meta property=\"og:url\" content=\"https:\/\/ndpnoticias.com.mx\/?p=13703\" \/>\n<meta property=\"og:site_name\" content=\"NDP Noticias\" \/>\n<meta property=\"article:published_time\" content=\"2025-09-14T01:10:51+00:00\" \/>\n<meta property=\"article:modified_time\" content=\"2025-09-14T01:10:54+00:00\" \/>\n<meta property=\"og:image\" content=\"https:\/\/ndpnoticias.com.mx\/wp-content\/uploads\/2025\/09\/56d0f1cf-3225-444d-9b93-21714a6dbde9.jpeg\" \/>\n\t<meta property=\"og:image:width\" content=\"1600\" \/>\n\t<meta property=\"og:image:height\" content=\"1052\" \/>\n\t<meta property=\"og:image:type\" content=\"image\/jpeg\" \/>\n<meta name=\"author\" content=\"admin\" \/>\n<meta name=\"twitter:card\" content=\"summary_large_image\" \/>\n<meta name=\"twitter:label1\" content=\"Escrito por\" \/>\n\t<meta name=\"twitter:data1\" content=\"admin\" \/>\n\t<meta name=\"twitter:label2\" content=\"Tiempo de lectura\" \/>\n\t<meta name=\"twitter:data2\" content=\"2 minutos\" \/>\n<script type=\"application\/ld+json\" class=\"yoast-schema-graph\">{\"@context\":\"https:\/\/schema.org\",\"@graph\":[{\"@type\":\"Article\",\"@id\":\"https:\/\/ndpnoticias.com.mx\/?p=13703#article\",\"isPartOf\":{\"@id\":\"https:\/\/ndpnoticias.com.mx\/?p=13703\"},\"author\":{\"name\":\"admin\",\"@id\":\"https:\/\/ndpnoticias.com.mx\/#\/schema\/person\/76f3f372c2bedd0bf44c0c3fb0adc6ca\"},\"headline\":\"ISAAC MONTOYA REFRENDA EN NAUCALPAN SU COMPROMISO CON LA INCLUSI\u00d3N\",\"datePublished\":\"2025-09-14T01:10:51+00:00\",\"dateModified\":\"2025-09-14T01:10:54+00:00\",\"mainEntityOfPage\":{\"@id\":\"https:\/\/ndpnoticias.com.mx\/?p=13703\"},\"wordCount\":344,\"commentCount\":0,\"publisher\":{\"@id\":\"https:\/\/ndpnoticias.com.mx\/#organization\"},\"image\":{\"@id\":\"https:\/\/ndpnoticias.com.mx\/?p=13703#primaryimage\"},\"thumbnailUrl\":\"https:\/\/ndpnoticias.com.mx\/wp-content\/uploads\/2025\/09\/56d0f1cf-3225-444d-9b93-21714a6dbde9.jpeg\",\"articleSection\":[\"Naucalpan\"],\"inLanguage\":\"es\",\"potentialAction\":[{\"@type\":\"CommentAction\",\"name\":\"Comment\",\"target\":[\"https:\/\/ndpnoticias.com.mx\/?p=13703#respond\"]}]},{\"@type\":\"WebPage\",\"@id\":\"https:\/\/ndpnoticias.com.mx\/?p=13703\",\"url\":\"https:\/\/ndpnoticias.com.mx\/?p=13703\",\"name\":\"ISAAC MONTOYA REFRENDA EN NAUCALPAN SU COMPROMISO CON LA INCLUSI\u00d3N - NDP Noticias\",\"isPartOf\":{\"@id\":\"https:\/\/ndpnoticias.com.mx\/#website\"},\"primaryImageOfPage\":{\"@id\":\"https:\/\/ndpnoticias.com.mx\/?p=13703#primaryimage\"},\"image\":{\"@id\":\"https:\/\/ndpnoticias.com.mx\/?p=13703#primaryimage\"},\"thumbnailUrl\":\"https:\/\/ndpnoticias.com.mx\/wp-content\/uploads\/2025\/09\/56d0f1cf-3225-444d-9b93-21714a6dbde9.jpeg\",\"datePublished\":\"2025-09-14T01:10:51+00:00\",\"dateModified\":\"2025-09-14T01:10:54+00:00\",\"breadcrumb\":{\"@id\":\"https:\/\/ndpnoticias.com.mx\/?p=13703#breadcrumb\"},\"inLanguage\":\"es\",\"potentialAction\":[{\"@type\":\"ReadAction\",\"target\":[\"https:\/\/ndpnoticias.com.mx\/?p=13703\"]}]},{\"@type\":\"ImageObject\",\"inLanguage\":\"es\",\"@id\":\"https:\/\/ndpnoticias.com.mx\/?p=13703#primaryimage\",\"url\":\"https:\/\/ndpnoticias.com.mx\/wp-content\/uploads\/2025\/09\/56d0f1cf-3225-444d-9b93-21714a6dbde9.jpeg\",\"contentUrl\":\"https:\/\/ndpnoticias.com.mx\/wp-content\/uploads\/2025\/09\/56d0f1cf-3225-444d-9b93-21714a6dbde9.jpeg\",\"width\":1600,\"height\":1052},{\"@type\":\"BreadcrumbList\",\"@id\":\"https:\/\/ndpnoticias.com.mx\/?p=13703#breadcrumb\",\"itemListElement\":[{\"@type\":\"ListItem\",\"position\":1,\"name\":\"Portada\",\"item\":\"https:\/\/ndpnoticias.com.mx\/\"},{\"@type\":\"ListItem\",\"position\":2,\"name\":\"ISAAC MONTOYA REFRENDA EN NAUCALPAN SU COMPROMISO CON LA INCLUSI\u00d3N\"}]},{\"@type\":\"WebSite\",\"@id\":\"https:\/\/ndpnoticias.com.mx\/#website\",\"url\":\"https:\/\/ndpnoticias.com.mx\/\",\"name\":\"NDP Noticias\",\"description\":\"\",\"publisher\":{\"@id\":\"https:\/\/ndpnoticias.com.mx\/#organization\"},\"potentialAction\":[{\"@type\":\"SearchAction\",\"target\":{\"@type\":\"EntryPoint\",\"urlTemplate\":\"https:\/\/ndpnoticias.com.mx\/?s={search_term_string}\"},\"query-input\":\"required name=search_term_string\"}],\"inLanguage\":\"es\"},{\"@type\":\"Organization\",\"@id\":\"https:\/\/ndpnoticias.com.mx\/#organization\",\"name\":\"NDP Noticias\",\"url\":\"https:\/\/ndpnoticias.com.mx\/\",\"logo\":{\"@type\":\"ImageObject\",\"inLanguage\":\"es\",\"@id\":\"https:\/\/ndpnoticias.com.mx\/#\/schema\/logo\/image\/\",\"url\":\"https:\/\/ndpnoticias.com.mx\/wp-content\/uploads\/2024\/01\/cropped-IMG_3802-1.jpeg\",\"contentUrl\":\"https:\/\/ndpnoticias.com.mx\/wp-content\/uploads\/2024\/01\/cropped-IMG_3802-1.jpeg\",\"width\":472,\"height\":80,\"caption\":\"NDP Noticias\"},\"image\":{\"@id\":\"https:\/\/ndpnoticias.com.mx\/#\/schema\/logo\/image\/\"}},{\"@type\":\"Person\",\"@id\":\"https:\/\/ndpnoticias.com.mx\/#\/schema\/person\/76f3f372c2bedd0bf44c0c3fb0adc6ca\",\"name\":\"admin\",\"image\":{\"@type\":\"ImageObject\",\"inLanguage\":\"es\",\"@id\":\"https:\/\/ndpnoticias.com.mx\/#\/schema\/person\/image\/\",\"url\":\"https:\/\/secure.gravatar.com\/avatar\/76d7e481f585a42e41243c8312642a6f526d9b06cd67b616fc58155ca4786d1a?s=96&d=mm&r=g\",\"contentUrl\":\"https:\/\/secure.gravatar.com\/avatar\/76d7e481f585a42e41243c8312642a6f526d9b06cd67b616fc58155ca4786d1a?s=96&d=mm&r=g\",\"caption\":\"admin\"},\"sameAs\":[\"https:\/\/ndpnoticias.com.mx\"],\"url\":\"https:\/\/ndpnoticias.com.mx\/?author=1\"}]}<\/script>\n<!-- \/ Yoast SEO plugin. -->","yoast_head_json":{"title":"ISAAC MONTOYA REFRENDA EN NAUCALPAN SU COMPROMISO CON LA INCLUSI\u00d3N - NDP Noticias","robots":{"index":"index","follow":"follow","max-snippet":"max-snippet:-1","max-image-preview":"max-image-preview:large","max-video-preview":"max-video-preview:-1"},"canonical":"https:\/\/ndpnoticias.com.mx\/?p=13703","og_locale":"es_ES","og_type":"article","og_title":"ISAAC MONTOYA REFRENDA EN NAUCALPAN SU COMPROMISO CON LA INCLUSI\u00d3N - NDP Noticias","og_description":"-El alcalde reconoci\u00f3 a mujeres con discapacidad y anunci\u00f3 proyectos para fortalecer la atenci\u00f3n y la movilidad NAUCALPAN, M\u00c9X.\u2013 En el marco del D\u00eda Nacional de las Mujeres con Discapacidad,&hellip;","og_url":"https:\/\/ndpnoticias.com.mx\/?p=13703","og_site_name":"NDP Noticias","article_published_time":"2025-09-14T01:10:51+00:00","article_modified_time":"2025-09-14T01:10:54+00:00","og_image":[{"width":1600,"height":1052,"url":"https:\/\/ndpnoticias.com.mx\/wp-content\/uploads\/2025\/09\/56d0f1cf-3225-444d-9b93-21714a6dbde9.jpeg","type":"image\/jpeg"}],"author":"admin","twitter_card":"summary_large_image","twitter_misc":{"Escrito por":"admin","Tiempo de lectura":"2 minutos"},"schema":{"@context":"https:\/\/schema.org","@graph":[{"@type":"Article","@id":"https:\/\/ndpnoticias.com.mx\/?p=13703#article","isPartOf":{"@id":"https:\/\/ndpnoticias.com.mx\/?p=13703"},"author":{"name":"admin","@id":"https:\/\/ndpnoticias.com.mx\/#\/schema\/person\/76f3f372c2bedd0bf44c0c3fb0adc6ca"},"headline":"ISAAC MONTOYA REFRENDA EN NAUCALPAN SU COMPROMISO CON LA INCLUSI\u00d3N","datePublished":"2025-09-14T01:10:51+00:00","dateModified":"2025-09-14T01:10:54+00:00","mainEntityOfPage":{"@id":"https:\/\/ndpnoticias.com.mx\/?p=13703"},"wordCount":344,"commentCount":0,"publisher":{"@id":"https:\/\/ndpnoticias.com.mx\/#organization"},"image":{"@id":"https:\/\/ndpnoticias.com.mx\/?p=13703#primaryimage"},"thumbnailUrl":"https:\/\/ndpnoticias.com.mx\/wp-content\/uploads\/2025\/09\/56d0f1cf-3225-444d-9b93-21714a6dbde9.jpeg","articleSection":["Naucalpan"],"inLanguage":"es","potentialAction":[{"@type":"CommentAction","name":"Comment","target":["https:\/\/ndpnoticias.com.mx\/?p=13703#respond"]}]},{"@type":"WebPage","@id":"https:\/\/ndpnoticias.com.mx\/?p=13703","url":"https:\/\/ndpnoticias.com.mx\/?p=13703","name":"ISAAC MONTOYA REFRENDA EN NAUCALPAN SU COMPROMISO CON LA INCLUSI\u00d3N - NDP Noticias","isPartOf":{"@id":"https:\/\/ndpnoticias.com.mx\/#website"},"primaryImageOfPage":{"@id":"https:\/\/ndpnoticias.com.mx\/?p=13703#primaryimage"},"image":{"@id":"https:\/\/ndpnoticias.com.mx\/?p=13703#primaryimage"},"thumbnailUrl":"https:\/\/ndpnoticias.com.mx\/wp-content\/uploads\/2025\/09\/56d0f1cf-3225-444d-9b93-21714a6dbde9.jpeg","datePublished":"2025-09-14T01:10:51+00:00","dateModified":"2025-09-14T01:10:54+00:00","breadcrumb":{"@id":"https:\/\/ndpnoticias.com.mx\/?p=13703#breadcrumb"},"inLanguage":"es","potentialAction":[{"@type":"ReadAction","target":["https:\/\/ndpnoticias.com.mx\/?p=13703"]}]},{"@type":"ImageObject","inLanguage":"es","@id":"https:\/\/ndpnoticias.com.mx\/?p=13703#primaryimage","url":"https:\/\/ndpnoticias.com.mx\/wp-content\/uploads\/2025\/09\/56d0f1cf-3225-444d-9b93-21714a6dbde9.jpeg","contentUrl":"https:\/\/ndpnoticias.com.mx\/wp-content\/uploads\/2025\/09\/56d0f1cf-3225-444d-9b93-21714a6dbde9.jpeg","width":1600,"height":1052},{"@type":"BreadcrumbList","@id":"https:\/\/ndpnoticias.com.mx\/?p=13703#breadcrumb","itemListElement":[{"@type":"ListItem","position":1,"name":"Portada","item":"https:\/\/ndpnoticias.com.mx\/"},{"@type":"ListItem","position":2,"name":"ISAAC MONTOYA REFRENDA EN NAUCALPAN SU COMPROMISO CON LA INCLUSI\u00d3N"}]},{"@type":"WebSite","@id":"https:\/\/ndpnoticias.com.mx\/#website","url":"https:\/\/ndpnoticias.com.mx\/","name":"NDP Noticias","description":"","publisher":{"@id":"https:\/\/ndpnoticias.com.mx\/#organization"},"potentialAction":[{"@type":"SearchAction","target":{"@type":"EntryPoint","urlTemplate":"https:\/\/ndpnoticias.com.mx\/?s={search_term_string}"},"query-input":"required name=search_term_string"}],"inLanguage":"es"},{"@type":"Organization","@id":"https:\/\/ndpnoticias.com.mx\/#organization","name":"NDP Noticias","url":"https:\/\/ndpnoticias.com.mx\/","logo":{"@type":"ImageObject","inLanguage":"es","@id":"https:\/\/ndpnoticias.com.mx\/#\/schema\/logo\/image\/","url":"https:\/\/ndpnoticias.com.mx\/wp-content\/uploads\/2024\/01\/cropped-IMG_3802-1.jpeg","contentUrl":"https:\/\/ndpnoticias.com.mx\/wp-content\/uploads\/2024\/01\/cropped-IMG_3802-1.jpeg","width":472,"height":80,"caption":"NDP Noticias"},"image":{"@id":"https:\/\/ndpnoticias.com.mx\/#\/schema\/logo\/image\/"}},{"@type":"Person","@id":"https:\/\/ndpnoticias.com.mx\/#\/schema\/person\/76f3f372c2bedd0bf44c0c3fb0adc6ca","name":"admin","image":{"@type":"ImageObject","inLanguage":"es","@id":"https:\/\/ndpnoticias.com.mx\/#\/schema\/person\/image\/","url":"https:\/\/secure.gravatar.com\/avatar\/76d7e481f585a42e41243c8312642a6f526d9b06cd67b616fc58155ca4786d1a?s=96&d=mm&r=g","contentUrl":"https:\/\/secure.gravatar.com\/avatar\/76d7e481f585a42e41243c8312642a6f526d9b06cd67b616fc58155ca4786d1a?s=96&d=mm&r=g","caption":"admin"},"sameAs":["https:\/\/ndpnoticias.com.mx"],"url":"https:\/\/ndpnoticias.com.mx\/?author=1"}]}},"_links":{"self":[{"href":"https:\/\/ndpnoticias.com.mx\/index.php?rest_route=\/wp\/v2\/posts\/13703","targetHints":{"allow":["GET"]}}],"collection":[{"href":"https:\/\/ndpnoticias.com.mx\/index.php?rest_route=\/wp\/v2\/posts"}],"about":[{"href":"https:\/\/ndpnoticias.com.mx\/index.php?rest_route=\/wp\/v2\/types\/post"}],"author":[{"embeddable":true,"href":"https:\/\/ndpnoticias.com.mx\/index.php?rest_route=\/wp\/v2\/users\/1"}],"replies":[{"embeddable":true,"href":"https:\/\/ndpnoticias.com.mx\/index.php?rest_route=%2Fwp%2Fv2%2Fcomments&post=13703"}],"version-history":[{"count":1,"href":"https:\/\/ndpnoticias.com.mx\/index.php?rest_route=\/wp\/v2\/posts\/13703\/revisions"}],"predecessor-version":[{"id":13706,"href":"https:\/\/ndpnoticias.com.mx\/index.php?rest_route=\/wp\/v2\/posts\/13703\/revisions\/13706"}],"wp:featuredmedia":[{"embeddable":true,"href":"https:\/\/ndpnoticias.com.mx\/index.php?rest_route=\/wp\/v2\/media\/13704"}],"wp:attachment":[{"href":"https:\/\/ndpnoticias.com.mx\/index.php?rest_route=%2Fwp%2Fv2%2Fmedia&parent=13703"}],"wp:term":[{"taxonomy":"category","embeddable":true,"href":"https:\/\/ndpnoticias.com.mx\/index.php?rest_route=%2Fwp%2Fv2%2Fcategories&post=13703"},{"taxonomy":"post_tag","embeddable":true,"href":"https:\/\/ndpnoticias.com.mx\/index.php?rest_route=%2Fwp%2Fv2%2Ftags&post=13703"}],"curies":[{"name":"wp","href":"https:\/\/api.w.org\/{rel}","templated":true}]}}