{"id":13307,"date":"2025-08-29T17:48:51","date_gmt":"2025-08-29T23:48:51","guid":{"rendered":"https:\/\/ndpnoticias.com.mx\/?p=13307"},"modified":"2025-08-29T17:49:09","modified_gmt":"2025-08-29T23:49:09","slug":"mariela-gutierrez-representara-al-estado-de-mexico-en-la-secretaria-de-la-mesa-directiva-del-senado","status":"publish","type":"post","link":"https:\/\/ndpnoticias.com.mx\/?p=13307","title":{"rendered":"MARIELA GUTI\u00c9RREZ REPRESENTAR\u00c1 AL ESTADO DE M\u00c9XICO EN LA SECRETAR\u00cdA DE LA MESA DIRECTIVA DEL SENADO"},"content":{"rendered":"\n<p>*La senadora mexiquense rindi\u00f3 protesta junto con los nuevos integrantes del \u00f3rgano parlamentario<\/p>\n\n\n\n<p>CIUDAD DE M\u00c9XICO.- La senadora Mariela Guti\u00e9rrez Escalante, representante del Estado de M\u00e9xico, asumi\u00f3 este viernes la Secretar\u00eda de la Mesa Directiva del Senado de la Rep\u00fablica, \u00f3rgano que conducir\u00e1 los trabajos legislativos durante el segundo a\u00f1o de ejercicio de la LXVI Legislatura.<\/p>\n\n\n\n<p>Con el respaldo de 101 votos a favor en el Pleno, la nueva directiva fue elegida y rindi\u00f3 protesta de ley. En este nuevo periodo, la presidencia recaer\u00e1 en Laura Itzel Castillo Ju\u00e1rez, tambi\u00e9n de Morena, mientras que las vicepresidencias estar\u00e1n a cargo de Ver\u00f3nica Camino Farjat (Morena), Imelda Margarita San Miguel S\u00e1nchez (PAN) y Jorge Carlos Ram\u00edrez Mar\u00edn (PVEM).<\/p>\n\n\n\n<p>Junto a Guti\u00e9rrez Escalante, la secretar\u00eda ser\u00e1 integrada por legisladores de distintos grupos parlamentarios como N\u00e9stor Camarillo Medina (MC), Sandra Simey Olvera Bautista y Mar\u00eda Martina Kant\u00fan Can (Morena), Claudia Edith Anaya Mota (PRI), Lizeth S\u00e1nchez Garc\u00eda (PT), Gustavo S\u00e1nchez V\u00e1squez (PAN) y Jasmine Mar\u00eda Bugar\u00edn Rodr\u00edguez (PVEM).<\/p>\n\n\n\n<p>La senadora mexiquense destac\u00f3 que este encargo representa una responsabilidad para dar voz a las y los ciudadanos del Estado de M\u00e9xico en el m\u00e1ximo \u00f3rgano legislativo del pa\u00eds y refrend\u00f3 su compromiso de trabajar por el fortalecimiento del Congreso.<\/p>\n\n\n\n<p>La nueva Mesa Directiva convoc\u00f3 a sesi\u00f3n de Congreso General el pr\u00f3ximo 1 de septiembre, donde se dar\u00e1 apertura al periodo ordinario de sesiones y se tomar\u00e1 protesta a los nuevos integrantes del Poder Judicial.<\/p>\n\n\n\n<figure class=\"wp-block-gallery has-nested-images columns-default is-cropped wp-block-gallery-1 is-layout-flex wp-block-gallery-is-layout-flex\">\n<figure class=\"wp-block-image size-large\"><img loading=\"lazy\" decoding=\"async\" width=\"1024\" height=\"682\" data-id=\"13309\" src=\"https:\/\/ndpnoticias.com.mx\/wp-content\/uploads\/2025\/08\/59ba856a-5570-40eb-b7b4-cec5ff438f29-1-1024x682.jpeg\" alt=\"\" class=\"wp-image-13309\" srcset=\"https:\/\/ndpnoticias.com.mx\/wp-content\/uploads\/2025\/08\/59ba856a-5570-40eb-b7b4-cec5ff438f29-1-1024x682.jpeg 1024w, https:\/\/ndpnoticias.com.mx\/wp-content\/uploads\/2025\/08\/59ba856a-5570-40eb-b7b4-cec5ff438f29-1-300x200.jpeg 300w, https:\/\/ndpnoticias.com.mx\/wp-content\/uploads\/2025\/08\/59ba856a-5570-40eb-b7b4-cec5ff438f29-1-768x512.jpeg 768w, https:\/\/ndpnoticias.com.mx\/wp-content\/uploads\/2025\/08\/59ba856a-5570-40eb-b7b4-cec5ff438f29-1-1536x1023.jpeg 1536w, https:\/\/ndpnoticias.com.mx\/wp-content\/uploads\/2025\/08\/59ba856a-5570-40eb-b7b4-cec5ff438f29-1-600x400.jpeg 600w, https:\/\/ndpnoticias.com.mx\/wp-content\/uploads\/2025\/08\/59ba856a-5570-40eb-b7b4-cec5ff438f29-1.jpeg 1600w\" sizes=\"auto, (max-width: 1024px) 100vw, 1024px\" \/><\/figure>\n<\/figure>\n","protected":false},"excerpt":{"rendered":"<p>*La senadora mexiquense rindi\u00f3 protesta junto con los nuevos integrantes del \u00f3rgano parlamentario CIUDAD DE M\u00c9XICO.- La senadora Mariela Guti\u00e9rrez Escalante, representante del Estado de M\u00e9xico, asumi\u00f3 este viernes la&hellip; <\/p>\n","protected":false},"author":1,"featured_media":13308,"comment_status":"open","ping_status":"closed","sticky":false,"template":"","format":"standard","meta":{"footnotes":""},"categories":[44],"tags":[],"class_list":["post-13307","post","type-post","status-publish","format-standard","has-post-thumbnail","hentry","category-senado"],"yoast_head":"<!-- This site is optimized with the Yoast SEO plugin v22.9 - https:\/\/yoast.com\/wordpress\/plugins\/seo\/ -->\n<title>MARIELA GUTI\u00c9RREZ REPRESENTAR\u00c1 AL ESTADO DE M\u00c9XICO EN LA SECRETAR\u00cdA DE LA MESA DIRECTIVA DEL SENADO - NDP Noticias<\/title>\n<meta name=\"robots\" content=\"index, follow, max-snippet:-1, max-image-preview:large, max-video-preview:-1\" \/>\n<link rel=\"canonical\" href=\"https:\/\/ndpnoticias.com.mx\/?p=13307\" \/>\n<meta property=\"og:locale\" content=\"es_ES\" \/>\n<meta property=\"og:type\" content=\"article\" \/>\n<meta property=\"og:title\" content=\"MARIELA GUTI\u00c9RREZ REPRESENTAR\u00c1 AL ESTADO DE M\u00c9XICO EN LA SECRETAR\u00cdA DE LA MESA DIRECTIVA DEL SENADO - NDP Noticias\" \/>\n<meta property=\"og:description\" content=\"*La senadora mexiquense rindi\u00f3 protesta junto con los nuevos integrantes del \u00f3rgano parlamentario CIUDAD DE M\u00c9XICO.- La senadora Mariela Guti\u00e9rrez Escalante, representante del Estado de M\u00e9xico, asumi\u00f3 este viernes la&hellip;\" \/>\n<meta property=\"og:url\" content=\"https:\/\/ndpnoticias.com.mx\/?p=13307\" \/>\n<meta property=\"og:site_name\" content=\"NDP Noticias\" \/>\n<meta property=\"article:published_time\" content=\"2025-08-29T23:48:51+00:00\" \/>\n<meta property=\"article:modified_time\" content=\"2025-08-29T23:49:09+00:00\" \/>\n<meta property=\"og:image\" content=\"https:\/\/ndpnoticias.com.mx\/wp-content\/uploads\/2025\/08\/59ba856a-5570-40eb-b7b4-cec5ff438f29.jpeg\" \/>\n\t<meta property=\"og:image:width\" content=\"1600\" \/>\n\t<meta property=\"og:image:height\" content=\"1066\" \/>\n\t<meta property=\"og:image:type\" content=\"image\/jpeg\" \/>\n<meta name=\"author\" content=\"admin\" \/>\n<meta name=\"twitter:card\" content=\"summary_large_image\" \/>\n<meta name=\"twitter:label1\" content=\"Escrito por\" \/>\n\t<meta name=\"twitter:data1\" content=\"admin\" \/>\n\t<meta name=\"twitter:label2\" content=\"Tiempo de lectura\" \/>\n\t<meta name=\"twitter:data2\" content=\"2 minutos\" \/>\n<script type=\"application\/ld+json\" class=\"yoast-schema-graph\">{\"@context\":\"https:\/\/schema.org\",\"@graph\":[{\"@type\":\"Article\",\"@id\":\"https:\/\/ndpnoticias.com.mx\/?p=13307#article\",\"isPartOf\":{\"@id\":\"https:\/\/ndpnoticias.com.mx\/?p=13307\"},\"author\":{\"name\":\"admin\",\"@id\":\"https:\/\/ndpnoticias.com.mx\/#\/schema\/person\/76f3f372c2bedd0bf44c0c3fb0adc6ca\"},\"headline\":\"MARIELA GUTI\u00c9RREZ REPRESENTAR\u00c1 AL ESTADO DE M\u00c9XICO EN LA SECRETAR\u00cdA DE LA MESA DIRECTIVA DEL SENADO\",\"datePublished\":\"2025-08-29T23:48:51+00:00\",\"dateModified\":\"2025-08-29T23:49:09+00:00\",\"mainEntityOfPage\":{\"@id\":\"https:\/\/ndpnoticias.com.mx\/?p=13307\"},\"wordCount\":287,\"commentCount\":0,\"publisher\":{\"@id\":\"https:\/\/ndpnoticias.com.mx\/#organization\"},\"image\":{\"@id\":\"https:\/\/ndpnoticias.com.mx\/?p=13307#primaryimage\"},\"thumbnailUrl\":\"https:\/\/ndpnoticias.com.mx\/wp-content\/uploads\/2025\/08\/59ba856a-5570-40eb-b7b4-cec5ff438f29.jpeg\",\"articleSection\":[\"Senado\"],\"inLanguage\":\"es\",\"potentialAction\":[{\"@type\":\"CommentAction\",\"name\":\"Comment\",\"target\":[\"https:\/\/ndpnoticias.com.mx\/?p=13307#respond\"]}]},{\"@type\":\"WebPage\",\"@id\":\"https:\/\/ndpnoticias.com.mx\/?p=13307\",\"url\":\"https:\/\/ndpnoticias.com.mx\/?p=13307\",\"name\":\"MARIELA GUTI\u00c9RREZ REPRESENTAR\u00c1 AL ESTADO DE M\u00c9XICO EN LA SECRETAR\u00cdA DE LA MESA DIRECTIVA DEL SENADO - NDP Noticias\",\"isPartOf\":{\"@id\":\"https:\/\/ndpnoticias.com.mx\/#website\"},\"primaryImageOfPage\":{\"@id\":\"https:\/\/ndpnoticias.com.mx\/?p=13307#primaryimage\"},\"image\":{\"@id\":\"https:\/\/ndpnoticias.com.mx\/?p=13307#primaryimage\"},\"thumbnailUrl\":\"https:\/\/ndpnoticias.com.mx\/wp-content\/uploads\/2025\/08\/59ba856a-5570-40eb-b7b4-cec5ff438f29.jpeg\",\"datePublished\":\"2025-08-29T23:48:51+00:00\",\"dateModified\":\"2025-08-29T23:49:09+00:00\",\"breadcrumb\":{\"@id\":\"https:\/\/ndpnoticias.com.mx\/?p=13307#breadcrumb\"},\"inLanguage\":\"es\",\"potentialAction\":[{\"@type\":\"ReadAction\",\"target\":[\"https:\/\/ndpnoticias.com.mx\/?p=13307\"]}]},{\"@type\":\"ImageObject\",\"inLanguage\":\"es\",\"@id\":\"https:\/\/ndpnoticias.com.mx\/?p=13307#primaryimage\",\"url\":\"https:\/\/ndpnoticias.com.mx\/wp-content\/uploads\/2025\/08\/59ba856a-5570-40eb-b7b4-cec5ff438f29.jpeg\",\"contentUrl\":\"https:\/\/ndpnoticias.com.mx\/wp-content\/uploads\/2025\/08\/59ba856a-5570-40eb-b7b4-cec5ff438f29.jpeg\",\"width\":1600,\"height\":1066},{\"@type\":\"BreadcrumbList\",\"@id\":\"https:\/\/ndpnoticias.com.mx\/?p=13307#breadcrumb\",\"itemListElement\":[{\"@type\":\"ListItem\",\"position\":1,\"name\":\"Portada\",\"item\":\"https:\/\/ndpnoticias.com.mx\/\"},{\"@type\":\"ListItem\",\"position\":2,\"name\":\"MARIELA GUTI\u00c9RREZ REPRESENTAR\u00c1 AL ESTADO DE M\u00c9XICO EN LA SECRETAR\u00cdA DE LA MESA DIRECTIVA DEL SENADO\"}]},{\"@type\":\"WebSite\",\"@id\":\"https:\/\/ndpnoticias.com.mx\/#website\",\"url\":\"https:\/\/ndpnoticias.com.mx\/\",\"name\":\"NDP Noticias\",\"description\":\"\",\"publisher\":{\"@id\":\"https:\/\/ndpnoticias.com.mx\/#organization\"},\"potentialAction\":[{\"@type\":\"SearchAction\",\"target\":{\"@type\":\"EntryPoint\",\"urlTemplate\":\"https:\/\/ndpnoticias.com.mx\/?s={search_term_string}\"},\"query-input\":\"required name=search_term_string\"}],\"inLanguage\":\"es\"},{\"@type\":\"Organization\",\"@id\":\"https:\/\/ndpnoticias.com.mx\/#organization\",\"name\":\"NDP Noticias\",\"url\":\"https:\/\/ndpnoticias.com.mx\/\",\"logo\":{\"@type\":\"ImageObject\",\"inLanguage\":\"es\",\"@id\":\"https:\/\/ndpnoticias.com.mx\/#\/schema\/logo\/image\/\",\"url\":\"https:\/\/ndpnoticias.com.mx\/wp-content\/uploads\/2024\/01\/cropped-IMG_3802-1.jpeg\",\"contentUrl\":\"https:\/\/ndpnoticias.com.mx\/wp-content\/uploads\/2024\/01\/cropped-IMG_3802-1.jpeg\",\"width\":472,\"height\":80,\"caption\":\"NDP Noticias\"},\"image\":{\"@id\":\"https:\/\/ndpnoticias.com.mx\/#\/schema\/logo\/image\/\"}},{\"@type\":\"Person\",\"@id\":\"https:\/\/ndpnoticias.com.mx\/#\/schema\/person\/76f3f372c2bedd0bf44c0c3fb0adc6ca\",\"name\":\"admin\",\"image\":{\"@type\":\"ImageObject\",\"inLanguage\":\"es\",\"@id\":\"https:\/\/ndpnoticias.com.mx\/#\/schema\/person\/image\/\",\"url\":\"https:\/\/secure.gravatar.com\/avatar\/76d7e481f585a42e41243c8312642a6f526d9b06cd67b616fc58155ca4786d1a?s=96&d=mm&r=g\",\"contentUrl\":\"https:\/\/secure.gravatar.com\/avatar\/76d7e481f585a42e41243c8312642a6f526d9b06cd67b616fc58155ca4786d1a?s=96&d=mm&r=g\",\"caption\":\"admin\"},\"sameAs\":[\"https:\/\/ndpnoticias.com.mx\"],\"url\":\"https:\/\/ndpnoticias.com.mx\/?author=1\"}]}<\/script>\n<!-- \/ Yoast SEO plugin. -->","yoast_head_json":{"title":"MARIELA GUTI\u00c9RREZ REPRESENTAR\u00c1 AL ESTADO DE M\u00c9XICO EN LA SECRETAR\u00cdA DE LA MESA DIRECTIVA DEL SENADO - NDP Noticias","robots":{"index":"index","follow":"follow","max-snippet":"max-snippet:-1","max-image-preview":"max-image-preview:large","max-video-preview":"max-video-preview:-1"},"canonical":"https:\/\/ndpnoticias.com.mx\/?p=13307","og_locale":"es_ES","og_type":"article","og_title":"MARIELA GUTI\u00c9RREZ REPRESENTAR\u00c1 AL ESTADO DE M\u00c9XICO EN LA SECRETAR\u00cdA DE LA MESA DIRECTIVA DEL SENADO - NDP Noticias","og_description":"*La senadora mexiquense rindi\u00f3 protesta junto con los nuevos integrantes del \u00f3rgano parlamentario CIUDAD DE M\u00c9XICO.- La senadora Mariela Guti\u00e9rrez Escalante, representante del Estado de M\u00e9xico, asumi\u00f3 este viernes la&hellip;","og_url":"https:\/\/ndpnoticias.com.mx\/?p=13307","og_site_name":"NDP Noticias","article_published_time":"2025-08-29T23:48:51+00:00","article_modified_time":"2025-08-29T23:49:09+00:00","og_image":[{"width":1600,"height":1066,"url":"https:\/\/ndpnoticias.com.mx\/wp-content\/uploads\/2025\/08\/59ba856a-5570-40eb-b7b4-cec5ff438f29.jpeg","type":"image\/jpeg"}],"author":"admin","twitter_card":"summary_large_image","twitter_misc":{"Escrito por":"admin","Tiempo de lectura":"2 minutos"},"schema":{"@context":"https:\/\/schema.org","@graph":[{"@type":"Article","@id":"https:\/\/ndpnoticias.com.mx\/?p=13307#article","isPartOf":{"@id":"https:\/\/ndpnoticias.com.mx\/?p=13307"},"author":{"name":"admin","@id":"https:\/\/ndpnoticias.com.mx\/#\/schema\/person\/76f3f372c2bedd0bf44c0c3fb0adc6ca"},"headline":"MARIELA GUTI\u00c9RREZ REPRESENTAR\u00c1 AL ESTADO DE M\u00c9XICO EN LA SECRETAR\u00cdA DE LA MESA DIRECTIVA DEL SENADO","datePublished":"2025-08-29T23:48:51+00:00","dateModified":"2025-08-29T23:49:09+00:00","mainEntityOfPage":{"@id":"https:\/\/ndpnoticias.com.mx\/?p=13307"},"wordCount":287,"commentCount":0,"publisher":{"@id":"https:\/\/ndpnoticias.com.mx\/#organization"},"image":{"@id":"https:\/\/ndpnoticias.com.mx\/?p=13307#primaryimage"},"thumbnailUrl":"https:\/\/ndpnoticias.com.mx\/wp-content\/uploads\/2025\/08\/59ba856a-5570-40eb-b7b4-cec5ff438f29.jpeg","articleSection":["Senado"],"inLanguage":"es","potentialAction":[{"@type":"CommentAction","name":"Comment","target":["https:\/\/ndpnoticias.com.mx\/?p=13307#respond"]}]},{"@type":"WebPage","@id":"https:\/\/ndpnoticias.com.mx\/?p=13307","url":"https:\/\/ndpnoticias.com.mx\/?p=13307","name":"MARIELA GUTI\u00c9RREZ REPRESENTAR\u00c1 AL ESTADO DE M\u00c9XICO EN LA SECRETAR\u00cdA DE LA MESA DIRECTIVA DEL SENADO - NDP Noticias","isPartOf":{"@id":"https:\/\/ndpnoticias.com.mx\/#website"},"primaryImageOfPage":{"@id":"https:\/\/ndpnoticias.com.mx\/?p=13307#primaryimage"},"image":{"@id":"https:\/\/ndpnoticias.com.mx\/?p=13307#primaryimage"},"thumbnailUrl":"https:\/\/ndpnoticias.com.mx\/wp-content\/uploads\/2025\/08\/59ba856a-5570-40eb-b7b4-cec5ff438f29.jpeg","datePublished":"2025-08-29T23:48:51+00:00","dateModified":"2025-08-29T23:49:09+00:00","breadcrumb":{"@id":"https:\/\/ndpnoticias.com.mx\/?p=13307#breadcrumb"},"inLanguage":"es","potentialAction":[{"@type":"ReadAction","target":["https:\/\/ndpnoticias.com.mx\/?p=13307"]}]},{"@type":"ImageObject","inLanguage":"es","@id":"https:\/\/ndpnoticias.com.mx\/?p=13307#primaryimage","url":"https:\/\/ndpnoticias.com.mx\/wp-content\/uploads\/2025\/08\/59ba856a-5570-40eb-b7b4-cec5ff438f29.jpeg","contentUrl":"https:\/\/ndpnoticias.com.mx\/wp-content\/uploads\/2025\/08\/59ba856a-5570-40eb-b7b4-cec5ff438f29.jpeg","width":1600,"height":1066},{"@type":"BreadcrumbList","@id":"https:\/\/ndpnoticias.com.mx\/?p=13307#breadcrumb","itemListElement":[{"@type":"ListItem","position":1,"name":"Portada","item":"https:\/\/ndpnoticias.com.mx\/"},{"@type":"ListItem","position":2,"name":"MARIELA GUTI\u00c9RREZ REPRESENTAR\u00c1 AL ESTADO DE M\u00c9XICO EN LA SECRETAR\u00cdA DE LA MESA DIRECTIVA DEL SENADO"}]},{"@type":"WebSite","@id":"https:\/\/ndpnoticias.com.mx\/#website","url":"https:\/\/ndpnoticias.com.mx\/","name":"NDP Noticias","description":"","publisher":{"@id":"https:\/\/ndpnoticias.com.mx\/#organization"},"potentialAction":[{"@type":"SearchAction","target":{"@type":"EntryPoint","urlTemplate":"https:\/\/ndpnoticias.com.mx\/?s={search_term_string}"},"query-input":"required name=search_term_string"}],"inLanguage":"es"},{"@type":"Organization","@id":"https:\/\/ndpnoticias.com.mx\/#organization","name":"NDP Noticias","url":"https:\/\/ndpnoticias.com.mx\/","logo":{"@type":"ImageObject","inLanguage":"es","@id":"https:\/\/ndpnoticias.com.mx\/#\/schema\/logo\/image\/","url":"https:\/\/ndpnoticias.com.mx\/wp-content\/uploads\/2024\/01\/cropped-IMG_3802-1.jpeg","contentUrl":"https:\/\/ndpnoticias.com.mx\/wp-content\/uploads\/2024\/01\/cropped-IMG_3802-1.jpeg","width":472,"height":80,"caption":"NDP Noticias"},"image":{"@id":"https:\/\/ndpnoticias.com.mx\/#\/schema\/logo\/image\/"}},{"@type":"Person","@id":"https:\/\/ndpnoticias.com.mx\/#\/schema\/person\/76f3f372c2bedd0bf44c0c3fb0adc6ca","name":"admin","image":{"@type":"ImageObject","inLanguage":"es","@id":"https:\/\/ndpnoticias.com.mx\/#\/schema\/person\/image\/","url":"https:\/\/secure.gravatar.com\/avatar\/76d7e481f585a42e41243c8312642a6f526d9b06cd67b616fc58155ca4786d1a?s=96&d=mm&r=g","contentUrl":"https:\/\/secure.gravatar.com\/avatar\/76d7e481f585a42e41243c8312642a6f526d9b06cd67b616fc58155ca4786d1a?s=96&d=mm&r=g","caption":"admin"},"sameAs":["https:\/\/ndpnoticias.com.mx"],"url":"https:\/\/ndpnoticias.com.mx\/?author=1"}]}},"_links":{"self":[{"href":"https:\/\/ndpnoticias.com.mx\/index.php?rest_route=\/wp\/v2\/posts\/13307","targetHints":{"allow":["GET"]}}],"collection":[{"href":"https:\/\/ndpnoticias.com.mx\/index.php?rest_route=\/wp\/v2\/posts"}],"about":[{"href":"https:\/\/ndpnoticias.com.mx\/index.php?rest_route=\/wp\/v2\/types\/post"}],"author":[{"embeddable":true,"href":"https:\/\/ndpnoticias.com.mx\/index.php?rest_route=\/wp\/v2\/users\/1"}],"replies":[{"embeddable":true,"href":"https:\/\/ndpnoticias.com.mx\/index.php?rest_route=%2Fwp%2Fv2%2Fcomments&post=13307"}],"version-history":[{"count":1,"href":"https:\/\/ndpnoticias.com.mx\/index.php?rest_route=\/wp\/v2\/posts\/13307\/revisions"}],"predecessor-version":[{"id":13310,"href":"https:\/\/ndpnoticias.com.mx\/index.php?rest_route=\/wp\/v2\/posts\/13307\/revisions\/13310"}],"wp:featuredmedia":[{"embeddable":true,"href":"https:\/\/ndpnoticias.com.mx\/index.php?rest_route=\/wp\/v2\/media\/13308"}],"wp:attachment":[{"href":"https:\/\/ndpnoticias.com.mx\/index.php?rest_route=%2Fwp%2Fv2%2Fmedia&parent=13307"}],"wp:term":[{"taxonomy":"category","embeddable":true,"href":"https:\/\/ndpnoticias.com.mx\/index.php?rest_route=%2Fwp%2Fv2%2Fcategories&post=13307"},{"taxonomy":"post_tag","embeddable":true,"href":"https:\/\/ndpnoticias.com.mx\/index.php?rest_route=%2Fwp%2Fv2%2Ftags&post=13307"}],"curies":[{"name":"wp","href":"https:\/\/api.w.org\/{rel}","templated":true}]}}