{"id":12523,"date":"2025-07-29T19:29:05","date_gmt":"2025-07-30T01:29:05","guid":{"rendered":"https:\/\/ndpnoticias.com.mx\/?p=12523"},"modified":"2025-07-29T19:29:07","modified_gmt":"2025-07-30T01:29:07","slug":"mariela-gutierrez-mantiene-ritmo-legislativo-desde-el-senado","status":"publish","type":"post","link":"https:\/\/ndpnoticias.com.mx\/?p=12523","title":{"rendered":"MARIELA GUTI\u00c9RREZ MANTIENE RITMO LEGISLATIVO DESDE EL SENADO"},"content":{"rendered":"\n<ul class=\"wp-block-list\">\n<li><strong><em>La senadora avanza dict\u00e1menes clave en materia de vivienda para evitar sobrerregulaci\u00f3n y rezago parlamentario<\/em><\/strong><\/li>\n<\/ul>\n\n\n\n<p><strong>CIUDAD DE M\u00c9XICO.\u2013 Firme en su compromiso con una agenda legislativa activa y responsable, la senadora Mariela Guti\u00e9rrez Escalante encabez\u00f3 la sexta reuni\u00f3n ordinaria de la Comisi\u00f3n de Zonas Metropolitanas y Movilidad, donde se resolvieron tres iniciativas relacionadas con vivienda, pese al receso legislativo.<\/strong><\/p>\n\n\n\n<p><strong>Durante la sesi\u00f3n h\u00edbrida \u2014presencial y virtual\u2014, la legisladora explic\u00f3 que los dict\u00e1menes fueron votados en sentido negativo tras un an\u00e1lisis t\u00e9cnico que concluy\u00f3 que las propuestas de reforma no eran necesarias, dado que ya existe un marco jur\u00eddico robusto en materia habitacional.<\/strong><\/p>\n\n\n\n<p><strong>\u201cEs nuestra obligaci\u00f3n mantener la eficacia legislativa sin generar sobrerregulaci\u00f3n que complique los procesos. Hay leyes suficientes en vigor que cubren lo planteado\u201d, puntualiz\u00f3 Guti\u00e9rrez Escalante, al referirse a las iniciativas que propon\u00edan cambios a la Ley del INFONAVIT, la Ley del ISSSTE y la Ley de Vivienda.<\/strong><\/p>\n\n\n\n<p><strong>Entre las propuestas rechazadas se encuentran reformas a los art\u00edculos 4 y 51 bis del INFONAVIT, el 109 del ISSSTE y los art\u00edculos 2, 5, 6 y 8 de la Ley de Vivienda, mismas que fueron votadas por mayor\u00eda al considerarse que no aportaban elementos innovadores ni respond\u00edan a una necesidad urgente.<\/strong><\/p>\n\n\n\n<p><strong>La senadora destac\u00f3 que dar tr\u00e1mite a los temas en agenda, incluso en periodos de receso, demuestra que \u201cla responsabilidad parlamentaria no se detiene\u201d y fortalece la certeza jur\u00eddica en sectores tan sensibles como el de la vivienda y el desarrollo urbano.<\/strong><\/p>\n\n\n\n<p><strong>Con esta sesi\u00f3n, Mariela Guti\u00e9rrez reafirma su papel como legisladora comprometida con un trabajo parlamentario serio, t\u00e9cnico y orientado a evitar tanto el estancamiento como el exceso normativo.<\/strong><\/p>\n","protected":false},"excerpt":{"rendered":"<p>CIUDAD DE M\u00c9XICO.\u2013 Firme en su compromiso con una agenda legislativa activa y responsable, la senadora Mariela Guti\u00e9rrez Escalante encabez\u00f3 la sexta reuni\u00f3n ordinaria de la Comisi\u00f3n de Zonas Metropolitanas&hellip; <\/p>\n","protected":false},"author":1,"featured_media":12524,"comment_status":"open","ping_status":"closed","sticky":false,"template":"","format":"standard","meta":{"footnotes":""},"categories":[44],"tags":[],"class_list":["post-12523","post","type-post","status-publish","format-standard","has-post-thumbnail","hentry","category-senado"],"yoast_head":"<!-- This site is optimized with the Yoast SEO plugin v22.9 - https:\/\/yoast.com\/wordpress\/plugins\/seo\/ -->\n<title>MARIELA GUTI\u00c9RREZ MANTIENE RITMO LEGISLATIVO DESDE EL SENADO - NDP Noticias<\/title>\n<meta name=\"robots\" content=\"index, follow, max-snippet:-1, max-image-preview:large, max-video-preview:-1\" \/>\n<link rel=\"canonical\" href=\"https:\/\/ndpnoticias.com.mx\/?p=12523\" \/>\n<meta property=\"og:locale\" content=\"es_ES\" \/>\n<meta property=\"og:type\" content=\"article\" \/>\n<meta property=\"og:title\" content=\"MARIELA GUTI\u00c9RREZ MANTIENE RITMO LEGISLATIVO DESDE EL SENADO - NDP Noticias\" \/>\n<meta property=\"og:description\" content=\"CIUDAD DE M\u00c9XICO.\u2013 Firme en su compromiso con una agenda legislativa activa y responsable, la senadora Mariela Guti\u00e9rrez Escalante encabez\u00f3 la sexta reuni\u00f3n ordinaria de la Comisi\u00f3n de Zonas Metropolitanas&hellip;\" \/>\n<meta property=\"og:url\" content=\"https:\/\/ndpnoticias.com.mx\/?p=12523\" \/>\n<meta property=\"og:site_name\" content=\"NDP Noticias\" \/>\n<meta property=\"article:published_time\" content=\"2025-07-30T01:29:05+00:00\" \/>\n<meta property=\"article:modified_time\" content=\"2025-07-30T01:29:07+00:00\" \/>\n<meta property=\"og:image\" content=\"https:\/\/ndpnoticias.com.mx\/wp-content\/uploads\/2025\/07\/acad4570-6cdd-4f0c-9e1c-dccdff23582f.jpeg\" \/>\n\t<meta property=\"og:image:width\" content=\"1600\" \/>\n\t<meta property=\"og:image:height\" content=\"1066\" \/>\n\t<meta property=\"og:image:type\" content=\"image\/jpeg\" \/>\n<meta name=\"author\" content=\"admin\" \/>\n<meta name=\"twitter:card\" content=\"summary_large_image\" \/>\n<meta name=\"twitter:label1\" content=\"Escrito por\" \/>\n\t<meta name=\"twitter:data1\" content=\"admin\" \/>\n\t<meta name=\"twitter:label2\" content=\"Tiempo de lectura\" \/>\n\t<meta name=\"twitter:data2\" content=\"2 minutos\" \/>\n<script type=\"application\/ld+json\" class=\"yoast-schema-graph\">{\"@context\":\"https:\/\/schema.org\",\"@graph\":[{\"@type\":\"Article\",\"@id\":\"https:\/\/ndpnoticias.com.mx\/?p=12523#article\",\"isPartOf\":{\"@id\":\"https:\/\/ndpnoticias.com.mx\/?p=12523\"},\"author\":{\"name\":\"admin\",\"@id\":\"https:\/\/ndpnoticias.com.mx\/#\/schema\/person\/76f3f372c2bedd0bf44c0c3fb0adc6ca\"},\"headline\":\"MARIELA GUTI\u00c9RREZ MANTIENE RITMO LEGISLATIVO DESDE EL SENADO\",\"datePublished\":\"2025-07-30T01:29:05+00:00\",\"dateModified\":\"2025-07-30T01:29:07+00:00\",\"mainEntityOfPage\":{\"@id\":\"https:\/\/ndpnoticias.com.mx\/?p=12523\"},\"wordCount\":299,\"commentCount\":0,\"publisher\":{\"@id\":\"https:\/\/ndpnoticias.com.mx\/#organization\"},\"image\":{\"@id\":\"https:\/\/ndpnoticias.com.mx\/?p=12523#primaryimage\"},\"thumbnailUrl\":\"https:\/\/ndpnoticias.com.mx\/wp-content\/uploads\/2025\/07\/acad4570-6cdd-4f0c-9e1c-dccdff23582f.jpeg\",\"articleSection\":[\"Senado\"],\"inLanguage\":\"es\",\"potentialAction\":[{\"@type\":\"CommentAction\",\"name\":\"Comment\",\"target\":[\"https:\/\/ndpnoticias.com.mx\/?p=12523#respond\"]}]},{\"@type\":\"WebPage\",\"@id\":\"https:\/\/ndpnoticias.com.mx\/?p=12523\",\"url\":\"https:\/\/ndpnoticias.com.mx\/?p=12523\",\"name\":\"MARIELA GUTI\u00c9RREZ MANTIENE RITMO LEGISLATIVO DESDE EL SENADO - NDP Noticias\",\"isPartOf\":{\"@id\":\"https:\/\/ndpnoticias.com.mx\/#website\"},\"primaryImageOfPage\":{\"@id\":\"https:\/\/ndpnoticias.com.mx\/?p=12523#primaryimage\"},\"image\":{\"@id\":\"https:\/\/ndpnoticias.com.mx\/?p=12523#primaryimage\"},\"thumbnailUrl\":\"https:\/\/ndpnoticias.com.mx\/wp-content\/uploads\/2025\/07\/acad4570-6cdd-4f0c-9e1c-dccdff23582f.jpeg\",\"datePublished\":\"2025-07-30T01:29:05+00:00\",\"dateModified\":\"2025-07-30T01:29:07+00:00\",\"breadcrumb\":{\"@id\":\"https:\/\/ndpnoticias.com.mx\/?p=12523#breadcrumb\"},\"inLanguage\":\"es\",\"potentialAction\":[{\"@type\":\"ReadAction\",\"target\":[\"https:\/\/ndpnoticias.com.mx\/?p=12523\"]}]},{\"@type\":\"ImageObject\",\"inLanguage\":\"es\",\"@id\":\"https:\/\/ndpnoticias.com.mx\/?p=12523#primaryimage\",\"url\":\"https:\/\/ndpnoticias.com.mx\/wp-content\/uploads\/2025\/07\/acad4570-6cdd-4f0c-9e1c-dccdff23582f.jpeg\",\"contentUrl\":\"https:\/\/ndpnoticias.com.mx\/wp-content\/uploads\/2025\/07\/acad4570-6cdd-4f0c-9e1c-dccdff23582f.jpeg\",\"width\":1600,\"height\":1066},{\"@type\":\"BreadcrumbList\",\"@id\":\"https:\/\/ndpnoticias.com.mx\/?p=12523#breadcrumb\",\"itemListElement\":[{\"@type\":\"ListItem\",\"position\":1,\"name\":\"Portada\",\"item\":\"https:\/\/ndpnoticias.com.mx\/\"},{\"@type\":\"ListItem\",\"position\":2,\"name\":\"MARIELA GUTI\u00c9RREZ MANTIENE RITMO LEGISLATIVO DESDE EL SENADO\"}]},{\"@type\":\"WebSite\",\"@id\":\"https:\/\/ndpnoticias.com.mx\/#website\",\"url\":\"https:\/\/ndpnoticias.com.mx\/\",\"name\":\"NDP Noticias\",\"description\":\"\",\"publisher\":{\"@id\":\"https:\/\/ndpnoticias.com.mx\/#organization\"},\"potentialAction\":[{\"@type\":\"SearchAction\",\"target\":{\"@type\":\"EntryPoint\",\"urlTemplate\":\"https:\/\/ndpnoticias.com.mx\/?s={search_term_string}\"},\"query-input\":\"required name=search_term_string\"}],\"inLanguage\":\"es\"},{\"@type\":\"Organization\",\"@id\":\"https:\/\/ndpnoticias.com.mx\/#organization\",\"name\":\"NDP Noticias\",\"url\":\"https:\/\/ndpnoticias.com.mx\/\",\"logo\":{\"@type\":\"ImageObject\",\"inLanguage\":\"es\",\"@id\":\"https:\/\/ndpnoticias.com.mx\/#\/schema\/logo\/image\/\",\"url\":\"https:\/\/ndpnoticias.com.mx\/wp-content\/uploads\/2024\/01\/cropped-IMG_3802-1.jpeg\",\"contentUrl\":\"https:\/\/ndpnoticias.com.mx\/wp-content\/uploads\/2024\/01\/cropped-IMG_3802-1.jpeg\",\"width\":472,\"height\":80,\"caption\":\"NDP Noticias\"},\"image\":{\"@id\":\"https:\/\/ndpnoticias.com.mx\/#\/schema\/logo\/image\/\"}},{\"@type\":\"Person\",\"@id\":\"https:\/\/ndpnoticias.com.mx\/#\/schema\/person\/76f3f372c2bedd0bf44c0c3fb0adc6ca\",\"name\":\"admin\",\"image\":{\"@type\":\"ImageObject\",\"inLanguage\":\"es\",\"@id\":\"https:\/\/ndpnoticias.com.mx\/#\/schema\/person\/image\/\",\"url\":\"https:\/\/secure.gravatar.com\/avatar\/76d7e481f585a42e41243c8312642a6f526d9b06cd67b616fc58155ca4786d1a?s=96&d=mm&r=g\",\"contentUrl\":\"https:\/\/secure.gravatar.com\/avatar\/76d7e481f585a42e41243c8312642a6f526d9b06cd67b616fc58155ca4786d1a?s=96&d=mm&r=g\",\"caption\":\"admin\"},\"sameAs\":[\"https:\/\/ndpnoticias.com.mx\"],\"url\":\"https:\/\/ndpnoticias.com.mx\/?author=1\"}]}<\/script>\n<!-- \/ Yoast SEO plugin. -->","yoast_head_json":{"title":"MARIELA GUTI\u00c9RREZ MANTIENE RITMO LEGISLATIVO DESDE EL SENADO - NDP Noticias","robots":{"index":"index","follow":"follow","max-snippet":"max-snippet:-1","max-image-preview":"max-image-preview:large","max-video-preview":"max-video-preview:-1"},"canonical":"https:\/\/ndpnoticias.com.mx\/?p=12523","og_locale":"es_ES","og_type":"article","og_title":"MARIELA GUTI\u00c9RREZ MANTIENE RITMO LEGISLATIVO DESDE EL SENADO - NDP Noticias","og_description":"CIUDAD DE M\u00c9XICO.\u2013 Firme en su compromiso con una agenda legislativa activa y responsable, la senadora Mariela Guti\u00e9rrez Escalante encabez\u00f3 la sexta reuni\u00f3n ordinaria de la Comisi\u00f3n de Zonas Metropolitanas&hellip;","og_url":"https:\/\/ndpnoticias.com.mx\/?p=12523","og_site_name":"NDP Noticias","article_published_time":"2025-07-30T01:29:05+00:00","article_modified_time":"2025-07-30T01:29:07+00:00","og_image":[{"width":1600,"height":1066,"url":"https:\/\/ndpnoticias.com.mx\/wp-content\/uploads\/2025\/07\/acad4570-6cdd-4f0c-9e1c-dccdff23582f.jpeg","type":"image\/jpeg"}],"author":"admin","twitter_card":"summary_large_image","twitter_misc":{"Escrito por":"admin","Tiempo de lectura":"2 minutos"},"schema":{"@context":"https:\/\/schema.org","@graph":[{"@type":"Article","@id":"https:\/\/ndpnoticias.com.mx\/?p=12523#article","isPartOf":{"@id":"https:\/\/ndpnoticias.com.mx\/?p=12523"},"author":{"name":"admin","@id":"https:\/\/ndpnoticias.com.mx\/#\/schema\/person\/76f3f372c2bedd0bf44c0c3fb0adc6ca"},"headline":"MARIELA GUTI\u00c9RREZ MANTIENE RITMO LEGISLATIVO DESDE EL SENADO","datePublished":"2025-07-30T01:29:05+00:00","dateModified":"2025-07-30T01:29:07+00:00","mainEntityOfPage":{"@id":"https:\/\/ndpnoticias.com.mx\/?p=12523"},"wordCount":299,"commentCount":0,"publisher":{"@id":"https:\/\/ndpnoticias.com.mx\/#organization"},"image":{"@id":"https:\/\/ndpnoticias.com.mx\/?p=12523#primaryimage"},"thumbnailUrl":"https:\/\/ndpnoticias.com.mx\/wp-content\/uploads\/2025\/07\/acad4570-6cdd-4f0c-9e1c-dccdff23582f.jpeg","articleSection":["Senado"],"inLanguage":"es","potentialAction":[{"@type":"CommentAction","name":"Comment","target":["https:\/\/ndpnoticias.com.mx\/?p=12523#respond"]}]},{"@type":"WebPage","@id":"https:\/\/ndpnoticias.com.mx\/?p=12523","url":"https:\/\/ndpnoticias.com.mx\/?p=12523","name":"MARIELA GUTI\u00c9RREZ MANTIENE RITMO LEGISLATIVO DESDE EL SENADO - NDP Noticias","isPartOf":{"@id":"https:\/\/ndpnoticias.com.mx\/#website"},"primaryImageOfPage":{"@id":"https:\/\/ndpnoticias.com.mx\/?p=12523#primaryimage"},"image":{"@id":"https:\/\/ndpnoticias.com.mx\/?p=12523#primaryimage"},"thumbnailUrl":"https:\/\/ndpnoticias.com.mx\/wp-content\/uploads\/2025\/07\/acad4570-6cdd-4f0c-9e1c-dccdff23582f.jpeg","datePublished":"2025-07-30T01:29:05+00:00","dateModified":"2025-07-30T01:29:07+00:00","breadcrumb":{"@id":"https:\/\/ndpnoticias.com.mx\/?p=12523#breadcrumb"},"inLanguage":"es","potentialAction":[{"@type":"ReadAction","target":["https:\/\/ndpnoticias.com.mx\/?p=12523"]}]},{"@type":"ImageObject","inLanguage":"es","@id":"https:\/\/ndpnoticias.com.mx\/?p=12523#primaryimage","url":"https:\/\/ndpnoticias.com.mx\/wp-content\/uploads\/2025\/07\/acad4570-6cdd-4f0c-9e1c-dccdff23582f.jpeg","contentUrl":"https:\/\/ndpnoticias.com.mx\/wp-content\/uploads\/2025\/07\/acad4570-6cdd-4f0c-9e1c-dccdff23582f.jpeg","width":1600,"height":1066},{"@type":"BreadcrumbList","@id":"https:\/\/ndpnoticias.com.mx\/?p=12523#breadcrumb","itemListElement":[{"@type":"ListItem","position":1,"name":"Portada","item":"https:\/\/ndpnoticias.com.mx\/"},{"@type":"ListItem","position":2,"name":"MARIELA GUTI\u00c9RREZ MANTIENE RITMO LEGISLATIVO DESDE EL SENADO"}]},{"@type":"WebSite","@id":"https:\/\/ndpnoticias.com.mx\/#website","url":"https:\/\/ndpnoticias.com.mx\/","name":"NDP Noticias","description":"","publisher":{"@id":"https:\/\/ndpnoticias.com.mx\/#organization"},"potentialAction":[{"@type":"SearchAction","target":{"@type":"EntryPoint","urlTemplate":"https:\/\/ndpnoticias.com.mx\/?s={search_term_string}"},"query-input":"required name=search_term_string"}],"inLanguage":"es"},{"@type":"Organization","@id":"https:\/\/ndpnoticias.com.mx\/#organization","name":"NDP Noticias","url":"https:\/\/ndpnoticias.com.mx\/","logo":{"@type":"ImageObject","inLanguage":"es","@id":"https:\/\/ndpnoticias.com.mx\/#\/schema\/logo\/image\/","url":"https:\/\/ndpnoticias.com.mx\/wp-content\/uploads\/2024\/01\/cropped-IMG_3802-1.jpeg","contentUrl":"https:\/\/ndpnoticias.com.mx\/wp-content\/uploads\/2024\/01\/cropped-IMG_3802-1.jpeg","width":472,"height":80,"caption":"NDP Noticias"},"image":{"@id":"https:\/\/ndpnoticias.com.mx\/#\/schema\/logo\/image\/"}},{"@type":"Person","@id":"https:\/\/ndpnoticias.com.mx\/#\/schema\/person\/76f3f372c2bedd0bf44c0c3fb0adc6ca","name":"admin","image":{"@type":"ImageObject","inLanguage":"es","@id":"https:\/\/ndpnoticias.com.mx\/#\/schema\/person\/image\/","url":"https:\/\/secure.gravatar.com\/avatar\/76d7e481f585a42e41243c8312642a6f526d9b06cd67b616fc58155ca4786d1a?s=96&d=mm&r=g","contentUrl":"https:\/\/secure.gravatar.com\/avatar\/76d7e481f585a42e41243c8312642a6f526d9b06cd67b616fc58155ca4786d1a?s=96&d=mm&r=g","caption":"admin"},"sameAs":["https:\/\/ndpnoticias.com.mx"],"url":"https:\/\/ndpnoticias.com.mx\/?author=1"}]}},"_links":{"self":[{"href":"https:\/\/ndpnoticias.com.mx\/index.php?rest_route=\/wp\/v2\/posts\/12523","targetHints":{"allow":["GET"]}}],"collection":[{"href":"https:\/\/ndpnoticias.com.mx\/index.php?rest_route=\/wp\/v2\/posts"}],"about":[{"href":"https:\/\/ndpnoticias.com.mx\/index.php?rest_route=\/wp\/v2\/types\/post"}],"author":[{"embeddable":true,"href":"https:\/\/ndpnoticias.com.mx\/index.php?rest_route=\/wp\/v2\/users\/1"}],"replies":[{"embeddable":true,"href":"https:\/\/ndpnoticias.com.mx\/index.php?rest_route=%2Fwp%2Fv2%2Fcomments&post=12523"}],"version-history":[{"count":1,"href":"https:\/\/ndpnoticias.com.mx\/index.php?rest_route=\/wp\/v2\/posts\/12523\/revisions"}],"predecessor-version":[{"id":12525,"href":"https:\/\/ndpnoticias.com.mx\/index.php?rest_route=\/wp\/v2\/posts\/12523\/revisions\/12525"}],"wp:featuredmedia":[{"embeddable":true,"href":"https:\/\/ndpnoticias.com.mx\/index.php?rest_route=\/wp\/v2\/media\/12524"}],"wp:attachment":[{"href":"https:\/\/ndpnoticias.com.mx\/index.php?rest_route=%2Fwp%2Fv2%2Fmedia&parent=12523"}],"wp:term":[{"taxonomy":"category","embeddable":true,"href":"https:\/\/ndpnoticias.com.mx\/index.php?rest_route=%2Fwp%2Fv2%2Fcategories&post=12523"},{"taxonomy":"post_tag","embeddable":true,"href":"https:\/\/ndpnoticias.com.mx\/index.php?rest_route=%2Fwp%2Fv2%2Ftags&post=12523"}],"curies":[{"name":"wp","href":"https:\/\/api.w.org\/{rel}","templated":true}]}}