{"id":11784,"date":"2025-06-19T21:57:30","date_gmt":"2025-06-20T03:57:30","guid":{"rendered":"https:\/\/ndpnoticias.com.mx\/?p=11784"},"modified":"2025-06-19T21:57:32","modified_gmt":"2025-06-20T03:57:32","slug":"atizapan-de-zaragoza-impulsa-adopciones-con-jornada-regional-de-capacitacion","status":"publish","type":"post","link":"https:\/\/ndpnoticias.com.mx\/?p=11784","title":{"rendered":"ATIZAP\u00c1N DE ZARAGOZA IMPULSA ADOPCIONES CON JORNADA REGIONAL DE CAPACITACI\u00d3N"},"content":{"rendered":"\n<ul class=\"wp-block-list\">\n<li>El municipio se posiciona como referente estatal en el fortalecimiento de familias a trav\u00e9s del DIF<\/li>\n<\/ul>\n\n\n\n<p>Atizap\u00e1n, M\u00e9x.\u2013 Con el firme prop\u00f3sito de garantizar entornos seguros y amorosos para ni\u00f1as, ni\u00f1os y adolescentes en situaci\u00f3n de vulnerabilidad, el Gobierno de Atizap\u00e1n de Zaragoza llev\u00f3 a cabo un mega taller de capacitaci\u00f3n sobre adopciones, evento que reuni\u00f3 a representantes de 83 municipios de diversas regiones del pa\u00eds.<\/p>\n\n\n\n<p>La jornada, celebrada en las instalaciones del DIF Central, fue encabezada por la presidenta honoraria del DIF municipal, profesora Patricia Ar\u00e9valo Rubio, quien destac\u00f3 que la familia es el eje rector de todas las pol\u00edticas p\u00fablicas del municipio. \u201cEn Atizap\u00e1n creemos que la adopci\u00f3n es un acto de amor que transforma vidas, por eso apostamos a ser punta de lanza en el Estado de M\u00e9xico en este tema\u201d, expres\u00f3.<\/p>\n\n\n\n<p>Durante el encuentro, se ofreci\u00f3 acompa\u00f1amiento profesional a 48 parejas actualmente en proceso de adopci\u00f3n, abordando aspectos legales, emocionales y log\u00edsticos del procedimiento. La capacitaci\u00f3n incluy\u00f3 espacios de orientaci\u00f3n, resoluci\u00f3n de dudas e intercambio de experiencias, en una din\u00e1mica que fortaleci\u00f3 la confianza de las familias adoptantes.<\/p>\n\n\n\n<p>El evento cont\u00f3 con la presencia del Lic. Cuitl\u00e1huac Garc\u00eda Perea, Procurador de Protecci\u00f3n de Ni\u00f1as, Ni\u00f1os y Adolescentes del Estado de M\u00e9xico, y del Lic. Uriel Gonz\u00e1lez Ramos, subdirector de Adopciones y Familias de Acogida del DIFEM, quienes subrayaron la importancia de este tipo de iniciativas para armonizar criterios entre municipios y mejorar los procesos de adopci\u00f3n en la entidad.<\/p>\n\n\n\n<p>Garc\u00eda Perea reconoci\u00f3 el compromiso del gobierno municipal encabezado por Pedro Rodr\u00edguez Villegas y expres\u00f3 que Atizap\u00e1n se perfila como un modelo estatal por su enfoque integral y humano en temas de infancia y familia.<\/p>\n\n\n\n<p>Municipios como Toluca, Calimaya, Cuautitl\u00e1n Izcalli, Nicol\u00e1s Romero, Chimalhuac\u00e1n, Zinacantepec, Cuernavaca y \u00c1lvaro Obreg\u00f3n, entre otros, participaron activamente en esta jornada que marca un precedente en la articulaci\u00f3n intermunicipal para fortalecer la protecci\u00f3n de los derechos de la ni\u00f1ez.<\/p>\n\n\n\n<p>\u201cLa familia es el coraz\u00f3n de nuestras acciones\u201d, reiter\u00f3 la profesora Ar\u00e9valo Rubio. \u201cEstas capacitaciones son esenciales para que los hogares que abren sus puertas lo hagan con responsabilidad, amor y las herramientas necesarias para acompa\u00f1ar de forma adecuada a las infancias\u201d.<\/p>\n\n\n\n<p>Con esta actividad, Atizap\u00e1n de Zaragoza reafirma su liderazgo en pol\u00edticas de inclusi\u00f3n, protecci\u00f3n y fortalecimiento familiar, consolidando un modelo de gobierno sensible, comprometido y transformador.<\/p>\n","protected":false},"excerpt":{"rendered":"<p>Atizap\u00e1n, M\u00e9x.\u2013 Con el firme prop\u00f3sito de garantizar entornos seguros y amorosos para ni\u00f1as, ni\u00f1os y adolescentes en situaci\u00f3n de vulnerabilidad, el Gobierno de Atizap\u00e1n de Zaragoza llev\u00f3 a cabo&hellip; <\/p>\n","protected":false},"author":1,"featured_media":11785,"comment_status":"open","ping_status":"closed","sticky":false,"template":"","format":"standard","meta":{"footnotes":""},"categories":[24],"tags":[],"class_list":["post-11784","post","type-post","status-publish","format-standard","has-post-thumbnail","hentry","category-atizapan"],"yoast_head":"<!-- This site is optimized with the Yoast SEO plugin v22.9 - https:\/\/yoast.com\/wordpress\/plugins\/seo\/ -->\n<title>ATIZAP\u00c1N DE ZARAGOZA IMPULSA ADOPCIONES CON JORNADA REGIONAL DE CAPACITACI\u00d3N - NDP Noticias<\/title>\n<meta name=\"robots\" content=\"index, follow, max-snippet:-1, max-image-preview:large, max-video-preview:-1\" \/>\n<link rel=\"canonical\" href=\"https:\/\/ndpnoticias.com.mx\/?p=11784\" \/>\n<meta property=\"og:locale\" content=\"es_ES\" \/>\n<meta property=\"og:type\" content=\"article\" \/>\n<meta property=\"og:title\" content=\"ATIZAP\u00c1N DE ZARAGOZA IMPULSA ADOPCIONES CON JORNADA REGIONAL DE CAPACITACI\u00d3N - NDP Noticias\" \/>\n<meta property=\"og:description\" content=\"Atizap\u00e1n, M\u00e9x.\u2013 Con el firme prop\u00f3sito de garantizar entornos seguros y amorosos para ni\u00f1as, ni\u00f1os y adolescentes en situaci\u00f3n de vulnerabilidad, el Gobierno de Atizap\u00e1n de Zaragoza llev\u00f3 a cabo&hellip;\" \/>\n<meta property=\"og:url\" content=\"https:\/\/ndpnoticias.com.mx\/?p=11784\" \/>\n<meta property=\"og:site_name\" content=\"NDP Noticias\" \/>\n<meta property=\"article:published_time\" content=\"2025-06-20T03:57:30+00:00\" \/>\n<meta property=\"article:modified_time\" content=\"2025-06-20T03:57:32+00:00\" \/>\n<meta property=\"og:image\" content=\"https:\/\/ndpnoticias.com.mx\/wp-content\/uploads\/2025\/06\/d1679b2a-d0f2-4ea9-9227-6faf43bf79b4.jpeg\" \/>\n\t<meta property=\"og:image:width\" content=\"1202\" \/>\n\t<meta property=\"og:image:height\" content=\"676\" \/>\n\t<meta property=\"og:image:type\" content=\"image\/jpeg\" \/>\n<meta name=\"author\" content=\"admin\" \/>\n<meta name=\"twitter:card\" content=\"summary_large_image\" \/>\n<meta name=\"twitter:label1\" content=\"Escrito por\" \/>\n\t<meta name=\"twitter:data1\" content=\"admin\" \/>\n\t<meta name=\"twitter:label2\" content=\"Tiempo de lectura\" \/>\n\t<meta name=\"twitter:data2\" content=\"2 minutos\" \/>\n<script type=\"application\/ld+json\" class=\"yoast-schema-graph\">{\"@context\":\"https:\/\/schema.org\",\"@graph\":[{\"@type\":\"Article\",\"@id\":\"https:\/\/ndpnoticias.com.mx\/?p=11784#article\",\"isPartOf\":{\"@id\":\"https:\/\/ndpnoticias.com.mx\/?p=11784\"},\"author\":{\"name\":\"admin\",\"@id\":\"https:\/\/ndpnoticias.com.mx\/#\/schema\/person\/76f3f372c2bedd0bf44c0c3fb0adc6ca\"},\"headline\":\"ATIZAP\u00c1N DE ZARAGOZA IMPULSA ADOPCIONES CON JORNADA REGIONAL DE CAPACITACI\u00d3N\",\"datePublished\":\"2025-06-20T03:57:30+00:00\",\"dateModified\":\"2025-06-20T03:57:32+00:00\",\"mainEntityOfPage\":{\"@id\":\"https:\/\/ndpnoticias.com.mx\/?p=11784\"},\"wordCount\":443,\"commentCount\":0,\"publisher\":{\"@id\":\"https:\/\/ndpnoticias.com.mx\/#organization\"},\"image\":{\"@id\":\"https:\/\/ndpnoticias.com.mx\/?p=11784#primaryimage\"},\"thumbnailUrl\":\"https:\/\/ndpnoticias.com.mx\/wp-content\/uploads\/2025\/06\/d1679b2a-d0f2-4ea9-9227-6faf43bf79b4.jpeg\",\"articleSection\":[\"Atizap\u00e1n\"],\"inLanguage\":\"es\",\"potentialAction\":[{\"@type\":\"CommentAction\",\"name\":\"Comment\",\"target\":[\"https:\/\/ndpnoticias.com.mx\/?p=11784#respond\"]}]},{\"@type\":\"WebPage\",\"@id\":\"https:\/\/ndpnoticias.com.mx\/?p=11784\",\"url\":\"https:\/\/ndpnoticias.com.mx\/?p=11784\",\"name\":\"ATIZAP\u00c1N DE ZARAGOZA IMPULSA ADOPCIONES CON JORNADA REGIONAL DE CAPACITACI\u00d3N - NDP Noticias\",\"isPartOf\":{\"@id\":\"https:\/\/ndpnoticias.com.mx\/#website\"},\"primaryImageOfPage\":{\"@id\":\"https:\/\/ndpnoticias.com.mx\/?p=11784#primaryimage\"},\"image\":{\"@id\":\"https:\/\/ndpnoticias.com.mx\/?p=11784#primaryimage\"},\"thumbnailUrl\":\"https:\/\/ndpnoticias.com.mx\/wp-content\/uploads\/2025\/06\/d1679b2a-d0f2-4ea9-9227-6faf43bf79b4.jpeg\",\"datePublished\":\"2025-06-20T03:57:30+00:00\",\"dateModified\":\"2025-06-20T03:57:32+00:00\",\"breadcrumb\":{\"@id\":\"https:\/\/ndpnoticias.com.mx\/?p=11784#breadcrumb\"},\"inLanguage\":\"es\",\"potentialAction\":[{\"@type\":\"ReadAction\",\"target\":[\"https:\/\/ndpnoticias.com.mx\/?p=11784\"]}]},{\"@type\":\"ImageObject\",\"inLanguage\":\"es\",\"@id\":\"https:\/\/ndpnoticias.com.mx\/?p=11784#primaryimage\",\"url\":\"https:\/\/ndpnoticias.com.mx\/wp-content\/uploads\/2025\/06\/d1679b2a-d0f2-4ea9-9227-6faf43bf79b4.jpeg\",\"contentUrl\":\"https:\/\/ndpnoticias.com.mx\/wp-content\/uploads\/2025\/06\/d1679b2a-d0f2-4ea9-9227-6faf43bf79b4.jpeg\",\"width\":1202,\"height\":676},{\"@type\":\"BreadcrumbList\",\"@id\":\"https:\/\/ndpnoticias.com.mx\/?p=11784#breadcrumb\",\"itemListElement\":[{\"@type\":\"ListItem\",\"position\":1,\"name\":\"Portada\",\"item\":\"https:\/\/ndpnoticias.com.mx\/\"},{\"@type\":\"ListItem\",\"position\":2,\"name\":\"ATIZAP\u00c1N DE ZARAGOZA IMPULSA ADOPCIONES CON JORNADA REGIONAL DE CAPACITACI\u00d3N\"}]},{\"@type\":\"WebSite\",\"@id\":\"https:\/\/ndpnoticias.com.mx\/#website\",\"url\":\"https:\/\/ndpnoticias.com.mx\/\",\"name\":\"NDP Noticias\",\"description\":\"\",\"publisher\":{\"@id\":\"https:\/\/ndpnoticias.com.mx\/#organization\"},\"potentialAction\":[{\"@type\":\"SearchAction\",\"target\":{\"@type\":\"EntryPoint\",\"urlTemplate\":\"https:\/\/ndpnoticias.com.mx\/?s={search_term_string}\"},\"query-input\":\"required name=search_term_string\"}],\"inLanguage\":\"es\"},{\"@type\":\"Organization\",\"@id\":\"https:\/\/ndpnoticias.com.mx\/#organization\",\"name\":\"NDP Noticias\",\"url\":\"https:\/\/ndpnoticias.com.mx\/\",\"logo\":{\"@type\":\"ImageObject\",\"inLanguage\":\"es\",\"@id\":\"https:\/\/ndpnoticias.com.mx\/#\/schema\/logo\/image\/\",\"url\":\"https:\/\/ndpnoticias.com.mx\/wp-content\/uploads\/2024\/01\/cropped-IMG_3802-1.jpeg\",\"contentUrl\":\"https:\/\/ndpnoticias.com.mx\/wp-content\/uploads\/2024\/01\/cropped-IMG_3802-1.jpeg\",\"width\":472,\"height\":80,\"caption\":\"NDP Noticias\"},\"image\":{\"@id\":\"https:\/\/ndpnoticias.com.mx\/#\/schema\/logo\/image\/\"}},{\"@type\":\"Person\",\"@id\":\"https:\/\/ndpnoticias.com.mx\/#\/schema\/person\/76f3f372c2bedd0bf44c0c3fb0adc6ca\",\"name\":\"admin\",\"image\":{\"@type\":\"ImageObject\",\"inLanguage\":\"es\",\"@id\":\"https:\/\/ndpnoticias.com.mx\/#\/schema\/person\/image\/\",\"url\":\"https:\/\/secure.gravatar.com\/avatar\/76d7e481f585a42e41243c8312642a6f526d9b06cd67b616fc58155ca4786d1a?s=96&d=mm&r=g\",\"contentUrl\":\"https:\/\/secure.gravatar.com\/avatar\/76d7e481f585a42e41243c8312642a6f526d9b06cd67b616fc58155ca4786d1a?s=96&d=mm&r=g\",\"caption\":\"admin\"},\"sameAs\":[\"https:\/\/ndpnoticias.com.mx\"],\"url\":\"https:\/\/ndpnoticias.com.mx\/?author=1\"}]}<\/script>\n<!-- \/ Yoast SEO plugin. -->","yoast_head_json":{"title":"ATIZAP\u00c1N DE ZARAGOZA IMPULSA ADOPCIONES CON JORNADA REGIONAL DE CAPACITACI\u00d3N - NDP Noticias","robots":{"index":"index","follow":"follow","max-snippet":"max-snippet:-1","max-image-preview":"max-image-preview:large","max-video-preview":"max-video-preview:-1"},"canonical":"https:\/\/ndpnoticias.com.mx\/?p=11784","og_locale":"es_ES","og_type":"article","og_title":"ATIZAP\u00c1N DE ZARAGOZA IMPULSA ADOPCIONES CON JORNADA REGIONAL DE CAPACITACI\u00d3N - NDP Noticias","og_description":"Atizap\u00e1n, M\u00e9x.\u2013 Con el firme prop\u00f3sito de garantizar entornos seguros y amorosos para ni\u00f1as, ni\u00f1os y adolescentes en situaci\u00f3n de vulnerabilidad, el Gobierno de Atizap\u00e1n de Zaragoza llev\u00f3 a cabo&hellip;","og_url":"https:\/\/ndpnoticias.com.mx\/?p=11784","og_site_name":"NDP Noticias","article_published_time":"2025-06-20T03:57:30+00:00","article_modified_time":"2025-06-20T03:57:32+00:00","og_image":[{"width":1202,"height":676,"url":"https:\/\/ndpnoticias.com.mx\/wp-content\/uploads\/2025\/06\/d1679b2a-d0f2-4ea9-9227-6faf43bf79b4.jpeg","type":"image\/jpeg"}],"author":"admin","twitter_card":"summary_large_image","twitter_misc":{"Escrito por":"admin","Tiempo de lectura":"2 minutos"},"schema":{"@context":"https:\/\/schema.org","@graph":[{"@type":"Article","@id":"https:\/\/ndpnoticias.com.mx\/?p=11784#article","isPartOf":{"@id":"https:\/\/ndpnoticias.com.mx\/?p=11784"},"author":{"name":"admin","@id":"https:\/\/ndpnoticias.com.mx\/#\/schema\/person\/76f3f372c2bedd0bf44c0c3fb0adc6ca"},"headline":"ATIZAP\u00c1N DE ZARAGOZA IMPULSA ADOPCIONES CON JORNADA REGIONAL DE CAPACITACI\u00d3N","datePublished":"2025-06-20T03:57:30+00:00","dateModified":"2025-06-20T03:57:32+00:00","mainEntityOfPage":{"@id":"https:\/\/ndpnoticias.com.mx\/?p=11784"},"wordCount":443,"commentCount":0,"publisher":{"@id":"https:\/\/ndpnoticias.com.mx\/#organization"},"image":{"@id":"https:\/\/ndpnoticias.com.mx\/?p=11784#primaryimage"},"thumbnailUrl":"https:\/\/ndpnoticias.com.mx\/wp-content\/uploads\/2025\/06\/d1679b2a-d0f2-4ea9-9227-6faf43bf79b4.jpeg","articleSection":["Atizap\u00e1n"],"inLanguage":"es","potentialAction":[{"@type":"CommentAction","name":"Comment","target":["https:\/\/ndpnoticias.com.mx\/?p=11784#respond"]}]},{"@type":"WebPage","@id":"https:\/\/ndpnoticias.com.mx\/?p=11784","url":"https:\/\/ndpnoticias.com.mx\/?p=11784","name":"ATIZAP\u00c1N DE ZARAGOZA IMPULSA ADOPCIONES CON JORNADA REGIONAL DE CAPACITACI\u00d3N - NDP Noticias","isPartOf":{"@id":"https:\/\/ndpnoticias.com.mx\/#website"},"primaryImageOfPage":{"@id":"https:\/\/ndpnoticias.com.mx\/?p=11784#primaryimage"},"image":{"@id":"https:\/\/ndpnoticias.com.mx\/?p=11784#primaryimage"},"thumbnailUrl":"https:\/\/ndpnoticias.com.mx\/wp-content\/uploads\/2025\/06\/d1679b2a-d0f2-4ea9-9227-6faf43bf79b4.jpeg","datePublished":"2025-06-20T03:57:30+00:00","dateModified":"2025-06-20T03:57:32+00:00","breadcrumb":{"@id":"https:\/\/ndpnoticias.com.mx\/?p=11784#breadcrumb"},"inLanguage":"es","potentialAction":[{"@type":"ReadAction","target":["https:\/\/ndpnoticias.com.mx\/?p=11784"]}]},{"@type":"ImageObject","inLanguage":"es","@id":"https:\/\/ndpnoticias.com.mx\/?p=11784#primaryimage","url":"https:\/\/ndpnoticias.com.mx\/wp-content\/uploads\/2025\/06\/d1679b2a-d0f2-4ea9-9227-6faf43bf79b4.jpeg","contentUrl":"https:\/\/ndpnoticias.com.mx\/wp-content\/uploads\/2025\/06\/d1679b2a-d0f2-4ea9-9227-6faf43bf79b4.jpeg","width":1202,"height":676},{"@type":"BreadcrumbList","@id":"https:\/\/ndpnoticias.com.mx\/?p=11784#breadcrumb","itemListElement":[{"@type":"ListItem","position":1,"name":"Portada","item":"https:\/\/ndpnoticias.com.mx\/"},{"@type":"ListItem","position":2,"name":"ATIZAP\u00c1N DE ZARAGOZA IMPULSA ADOPCIONES CON JORNADA REGIONAL DE CAPACITACI\u00d3N"}]},{"@type":"WebSite","@id":"https:\/\/ndpnoticias.com.mx\/#website","url":"https:\/\/ndpnoticias.com.mx\/","name":"NDP Noticias","description":"","publisher":{"@id":"https:\/\/ndpnoticias.com.mx\/#organization"},"potentialAction":[{"@type":"SearchAction","target":{"@type":"EntryPoint","urlTemplate":"https:\/\/ndpnoticias.com.mx\/?s={search_term_string}"},"query-input":"required name=search_term_string"}],"inLanguage":"es"},{"@type":"Organization","@id":"https:\/\/ndpnoticias.com.mx\/#organization","name":"NDP Noticias","url":"https:\/\/ndpnoticias.com.mx\/","logo":{"@type":"ImageObject","inLanguage":"es","@id":"https:\/\/ndpnoticias.com.mx\/#\/schema\/logo\/image\/","url":"https:\/\/ndpnoticias.com.mx\/wp-content\/uploads\/2024\/01\/cropped-IMG_3802-1.jpeg","contentUrl":"https:\/\/ndpnoticias.com.mx\/wp-content\/uploads\/2024\/01\/cropped-IMG_3802-1.jpeg","width":472,"height":80,"caption":"NDP Noticias"},"image":{"@id":"https:\/\/ndpnoticias.com.mx\/#\/schema\/logo\/image\/"}},{"@type":"Person","@id":"https:\/\/ndpnoticias.com.mx\/#\/schema\/person\/76f3f372c2bedd0bf44c0c3fb0adc6ca","name":"admin","image":{"@type":"ImageObject","inLanguage":"es","@id":"https:\/\/ndpnoticias.com.mx\/#\/schema\/person\/image\/","url":"https:\/\/secure.gravatar.com\/avatar\/76d7e481f585a42e41243c8312642a6f526d9b06cd67b616fc58155ca4786d1a?s=96&d=mm&r=g","contentUrl":"https:\/\/secure.gravatar.com\/avatar\/76d7e481f585a42e41243c8312642a6f526d9b06cd67b616fc58155ca4786d1a?s=96&d=mm&r=g","caption":"admin"},"sameAs":["https:\/\/ndpnoticias.com.mx"],"url":"https:\/\/ndpnoticias.com.mx\/?author=1"}]}},"_links":{"self":[{"href":"https:\/\/ndpnoticias.com.mx\/index.php?rest_route=\/wp\/v2\/posts\/11784","targetHints":{"allow":["GET"]}}],"collection":[{"href":"https:\/\/ndpnoticias.com.mx\/index.php?rest_route=\/wp\/v2\/posts"}],"about":[{"href":"https:\/\/ndpnoticias.com.mx\/index.php?rest_route=\/wp\/v2\/types\/post"}],"author":[{"embeddable":true,"href":"https:\/\/ndpnoticias.com.mx\/index.php?rest_route=\/wp\/v2\/users\/1"}],"replies":[{"embeddable":true,"href":"https:\/\/ndpnoticias.com.mx\/index.php?rest_route=%2Fwp%2Fv2%2Fcomments&post=11784"}],"version-history":[{"count":1,"href":"https:\/\/ndpnoticias.com.mx\/index.php?rest_route=\/wp\/v2\/posts\/11784\/revisions"}],"predecessor-version":[{"id":11786,"href":"https:\/\/ndpnoticias.com.mx\/index.php?rest_route=\/wp\/v2\/posts\/11784\/revisions\/11786"}],"wp:featuredmedia":[{"embeddable":true,"href":"https:\/\/ndpnoticias.com.mx\/index.php?rest_route=\/wp\/v2\/media\/11785"}],"wp:attachment":[{"href":"https:\/\/ndpnoticias.com.mx\/index.php?rest_route=%2Fwp%2Fv2%2Fmedia&parent=11784"}],"wp:term":[{"taxonomy":"category","embeddable":true,"href":"https:\/\/ndpnoticias.com.mx\/index.php?rest_route=%2Fwp%2Fv2%2Fcategories&post=11784"},{"taxonomy":"post_tag","embeddable":true,"href":"https:\/\/ndpnoticias.com.mx\/index.php?rest_route=%2Fwp%2Fv2%2Ftags&post=11784"}],"curies":[{"name":"wp","href":"https:\/\/api.w.org\/{rel}","templated":true}]}}