{"id":11739,"date":"2025-06-18T21:21:08","date_gmt":"2025-06-19T03:21:08","guid":{"rendered":"https:\/\/ndpnoticias.com.mx\/?p=11739"},"modified":"2025-06-18T21:21:10","modified_gmt":"2025-06-19T03:21:10","slug":"baja-la-delincuencia-en-ecatepec-gracias-a-coordinacion-interinstitucional","status":"publish","type":"post","link":"https:\/\/ndpnoticias.com.mx\/?p=11739","title":{"rendered":"BAJA LA DELINCUENCIA EN ECATEPEC GRACIAS A COORDINACI\u00d3N INTERINSTITUCIONAL"},"content":{"rendered":"\n<ul class=\"wp-block-list\">\n<li><strong><em>Reconoce el Sistema Estatal de Seguridad la efectividad de las mesas de paz y operativos conjuntos<\/em><\/strong><\/li>\n<\/ul>\n\n\n\n<p><strong>Ecatepec, M\u00e9x.- En tan solo cuatro meses de administraci\u00f3n, Ecatepec ha logrado una disminuci\u00f3n del 13.9% en la incidencia delictiva, en comparaci\u00f3n con el mismo periodo del a\u00f1o anterior. As\u00ed lo confirman las cifras del Secretariado Ejecutivo del Sistema Estatal de Seguridad P\u00fablica, que reconocen los avances alcanzados gracias a una estrecha colaboraci\u00f3n entre los tres niveles de gobierno.<\/strong><\/p>\n\n\n\n<p><strong>Durante la segunda sesi\u00f3n del Consejo Intermunicipal de Seguridad P\u00fablica Regi\u00f3n 5, la presidenta municipal Azucena Cisneros Coss subray\u00f3 que esta reducci\u00f3n es resultado del trabajo conjunto entre las polic\u00edas municipal y estatal, la Fiscal\u00eda General de Justicia del Estado de M\u00e9xico, as\u00ed como instancias federales como la Secretar\u00eda de Marina, la Guardia Nacional y la Secretar\u00eda de la Defensa Nacional.<\/strong><\/p>\n\n\n\n<p><strong>Entre los delitos que han registrado una baja significativa destacan el robo de veh\u00edculo particular, el robo a negocio y el robo a transportista, gracias a operativos focalizados y presencia t\u00e1ctica en zonas estrat\u00e9gicas.<\/strong><\/p>\n\n\n\n<p><strong>Actualmente, con base en las carpetas de investigaci\u00f3n reportadas por la Fiscal\u00eda estatal al Sistema Nacional de Seguridad P\u00fablica, Ecatepec ocupa el lugar 36 en incidencia delictiva por cada 10 mil habitantes, dentro de los 125 municipios mexiquenses.<\/strong><\/p>\n\n\n\n<p><strong>En la reuni\u00f3n estuvieron presentes autoridades clave en materia de seguridad, como el comisario municipal Edgar Machado Pe\u00f1a, funcionarios del C5, del Consejo de Seguridad P\u00fablica regional, del Centro de Control de Confianza C3 y representantes de la Universidad Mexiquense de Seguridad.<\/strong><\/p>\n\n\n\n<p><strong>Al clausurar la sesi\u00f3n, Faustino de la Cruz P\u00e9rez, secretario del Ayuntamiento, resalt\u00f3 que las mesas de paz, que operan diariamente en Ecatepec, han sido fundamentales para coordinar estrategias de territorio entre la polic\u00eda, la Fiscal\u00eda y organismos de derechos humanos, generando acciones m\u00e1s cercanas a la ciudadan\u00eda.<\/strong><\/p>\n\n\n\n<p><strong>Adem\u00e1s, se\u00f1al\u00f3 que implementar un enfoque de proximidad social dentro de las instituciones de justicia ser\u00e1 clave para seguir avanzando en la consolidaci\u00f3n de un Ecatepec m\u00e1s seguro para todos sus habitantes.<\/strong><\/p>\n","protected":false},"excerpt":{"rendered":"<p>Ecatepec, M\u00e9x.- En tan solo cuatro meses de administraci\u00f3n, Ecatepec ha logrado una disminuci\u00f3n del 13.9% en la incidencia delictiva, en comparaci\u00f3n con el mismo periodo del a\u00f1o anterior. As\u00ed&hellip; <\/p>\n","protected":false},"author":1,"featured_media":11740,"comment_status":"open","ping_status":"closed","sticky":false,"template":"","format":"standard","meta":{"footnotes":""},"categories":[39],"tags":[],"class_list":["post-11739","post","type-post","status-publish","format-standard","has-post-thumbnail","hentry","category-ecatepec"],"yoast_head":"<!-- This site is optimized with the Yoast SEO plugin v22.9 - https:\/\/yoast.com\/wordpress\/plugins\/seo\/ -->\n<title>BAJA LA DELINCUENCIA EN ECATEPEC GRACIAS A COORDINACI\u00d3N INTERINSTITUCIONAL - NDP Noticias<\/title>\n<meta name=\"robots\" content=\"index, follow, max-snippet:-1, max-image-preview:large, max-video-preview:-1\" \/>\n<link rel=\"canonical\" href=\"https:\/\/ndpnoticias.com.mx\/?p=11739\" \/>\n<meta property=\"og:locale\" content=\"es_ES\" \/>\n<meta property=\"og:type\" content=\"article\" \/>\n<meta property=\"og:title\" content=\"BAJA LA DELINCUENCIA EN ECATEPEC GRACIAS A COORDINACI\u00d3N INTERINSTITUCIONAL - NDP Noticias\" \/>\n<meta property=\"og:description\" content=\"Ecatepec, M\u00e9x.- En tan solo cuatro meses de administraci\u00f3n, Ecatepec ha logrado una disminuci\u00f3n del 13.9% en la incidencia delictiva, en comparaci\u00f3n con el mismo periodo del a\u00f1o anterior. As\u00ed&hellip;\" \/>\n<meta property=\"og:url\" content=\"https:\/\/ndpnoticias.com.mx\/?p=11739\" \/>\n<meta property=\"og:site_name\" content=\"NDP Noticias\" \/>\n<meta property=\"article:published_time\" content=\"2025-06-19T03:21:08+00:00\" \/>\n<meta property=\"article:modified_time\" content=\"2025-06-19T03:21:10+00:00\" \/>\n<meta property=\"og:image\" content=\"https:\/\/ndpnoticias.com.mx\/wp-content\/uploads\/2025\/06\/IMG_6630-scaled.jpeg\" \/>\n\t<meta property=\"og:image:width\" content=\"2560\" \/>\n\t<meta property=\"og:image:height\" content=\"1707\" \/>\n\t<meta property=\"og:image:type\" content=\"image\/jpeg\" \/>\n<meta name=\"author\" content=\"admin\" \/>\n<meta name=\"twitter:card\" content=\"summary_large_image\" \/>\n<meta name=\"twitter:label1\" content=\"Escrito por\" \/>\n\t<meta name=\"twitter:data1\" content=\"admin\" \/>\n\t<meta name=\"twitter:label2\" content=\"Tiempo de lectura\" \/>\n\t<meta name=\"twitter:data2\" content=\"2 minutos\" \/>\n<script type=\"application\/ld+json\" class=\"yoast-schema-graph\">{\"@context\":\"https:\/\/schema.org\",\"@graph\":[{\"@type\":\"Article\",\"@id\":\"https:\/\/ndpnoticias.com.mx\/?p=11739#article\",\"isPartOf\":{\"@id\":\"https:\/\/ndpnoticias.com.mx\/?p=11739\"},\"author\":{\"name\":\"admin\",\"@id\":\"https:\/\/ndpnoticias.com.mx\/#\/schema\/person\/76f3f372c2bedd0bf44c0c3fb0adc6ca\"},\"headline\":\"BAJA LA DELINCUENCIA EN ECATEPEC GRACIAS A COORDINACI\u00d3N INTERINSTITUCIONAL\",\"datePublished\":\"2025-06-19T03:21:08+00:00\",\"dateModified\":\"2025-06-19T03:21:10+00:00\",\"mainEntityOfPage\":{\"@id\":\"https:\/\/ndpnoticias.com.mx\/?p=11739\"},\"wordCount\":371,\"commentCount\":0,\"publisher\":{\"@id\":\"https:\/\/ndpnoticias.com.mx\/#organization\"},\"image\":{\"@id\":\"https:\/\/ndpnoticias.com.mx\/?p=11739#primaryimage\"},\"thumbnailUrl\":\"https:\/\/ndpnoticias.com.mx\/wp-content\/uploads\/2025\/06\/IMG_6630-scaled.jpeg\",\"articleSection\":[\"Ecatepec\"],\"inLanguage\":\"es\",\"potentialAction\":[{\"@type\":\"CommentAction\",\"name\":\"Comment\",\"target\":[\"https:\/\/ndpnoticias.com.mx\/?p=11739#respond\"]}]},{\"@type\":\"WebPage\",\"@id\":\"https:\/\/ndpnoticias.com.mx\/?p=11739\",\"url\":\"https:\/\/ndpnoticias.com.mx\/?p=11739\",\"name\":\"BAJA LA DELINCUENCIA EN ECATEPEC GRACIAS A COORDINACI\u00d3N INTERINSTITUCIONAL - NDP Noticias\",\"isPartOf\":{\"@id\":\"https:\/\/ndpnoticias.com.mx\/#website\"},\"primaryImageOfPage\":{\"@id\":\"https:\/\/ndpnoticias.com.mx\/?p=11739#primaryimage\"},\"image\":{\"@id\":\"https:\/\/ndpnoticias.com.mx\/?p=11739#primaryimage\"},\"thumbnailUrl\":\"https:\/\/ndpnoticias.com.mx\/wp-content\/uploads\/2025\/06\/IMG_6630-scaled.jpeg\",\"datePublished\":\"2025-06-19T03:21:08+00:00\",\"dateModified\":\"2025-06-19T03:21:10+00:00\",\"breadcrumb\":{\"@id\":\"https:\/\/ndpnoticias.com.mx\/?p=11739#breadcrumb\"},\"inLanguage\":\"es\",\"potentialAction\":[{\"@type\":\"ReadAction\",\"target\":[\"https:\/\/ndpnoticias.com.mx\/?p=11739\"]}]},{\"@type\":\"ImageObject\",\"inLanguage\":\"es\",\"@id\":\"https:\/\/ndpnoticias.com.mx\/?p=11739#primaryimage\",\"url\":\"https:\/\/ndpnoticias.com.mx\/wp-content\/uploads\/2025\/06\/IMG_6630-scaled.jpeg\",\"contentUrl\":\"https:\/\/ndpnoticias.com.mx\/wp-content\/uploads\/2025\/06\/IMG_6630-scaled.jpeg\",\"width\":2560,\"height\":1707},{\"@type\":\"BreadcrumbList\",\"@id\":\"https:\/\/ndpnoticias.com.mx\/?p=11739#breadcrumb\",\"itemListElement\":[{\"@type\":\"ListItem\",\"position\":1,\"name\":\"Portada\",\"item\":\"https:\/\/ndpnoticias.com.mx\/\"},{\"@type\":\"ListItem\",\"position\":2,\"name\":\"BAJA LA DELINCUENCIA EN ECATEPEC GRACIAS A COORDINACI\u00d3N INTERINSTITUCIONAL\"}]},{\"@type\":\"WebSite\",\"@id\":\"https:\/\/ndpnoticias.com.mx\/#website\",\"url\":\"https:\/\/ndpnoticias.com.mx\/\",\"name\":\"NDP Noticias\",\"description\":\"\",\"publisher\":{\"@id\":\"https:\/\/ndpnoticias.com.mx\/#organization\"},\"potentialAction\":[{\"@type\":\"SearchAction\",\"target\":{\"@type\":\"EntryPoint\",\"urlTemplate\":\"https:\/\/ndpnoticias.com.mx\/?s={search_term_string}\"},\"query-input\":\"required name=search_term_string\"}],\"inLanguage\":\"es\"},{\"@type\":\"Organization\",\"@id\":\"https:\/\/ndpnoticias.com.mx\/#organization\",\"name\":\"NDP Noticias\",\"url\":\"https:\/\/ndpnoticias.com.mx\/\",\"logo\":{\"@type\":\"ImageObject\",\"inLanguage\":\"es\",\"@id\":\"https:\/\/ndpnoticias.com.mx\/#\/schema\/logo\/image\/\",\"url\":\"https:\/\/ndpnoticias.com.mx\/wp-content\/uploads\/2024\/01\/cropped-IMG_3802-1.jpeg\",\"contentUrl\":\"https:\/\/ndpnoticias.com.mx\/wp-content\/uploads\/2024\/01\/cropped-IMG_3802-1.jpeg\",\"width\":472,\"height\":80,\"caption\":\"NDP Noticias\"},\"image\":{\"@id\":\"https:\/\/ndpnoticias.com.mx\/#\/schema\/logo\/image\/\"}},{\"@type\":\"Person\",\"@id\":\"https:\/\/ndpnoticias.com.mx\/#\/schema\/person\/76f3f372c2bedd0bf44c0c3fb0adc6ca\",\"name\":\"admin\",\"image\":{\"@type\":\"ImageObject\",\"inLanguage\":\"es\",\"@id\":\"https:\/\/ndpnoticias.com.mx\/#\/schema\/person\/image\/\",\"url\":\"https:\/\/secure.gravatar.com\/avatar\/76d7e481f585a42e41243c8312642a6f526d9b06cd67b616fc58155ca4786d1a?s=96&d=mm&r=g\",\"contentUrl\":\"https:\/\/secure.gravatar.com\/avatar\/76d7e481f585a42e41243c8312642a6f526d9b06cd67b616fc58155ca4786d1a?s=96&d=mm&r=g\",\"caption\":\"admin\"},\"sameAs\":[\"https:\/\/ndpnoticias.com.mx\"],\"url\":\"https:\/\/ndpnoticias.com.mx\/?author=1\"}]}<\/script>\n<!-- \/ Yoast SEO plugin. -->","yoast_head_json":{"title":"BAJA LA DELINCUENCIA EN ECATEPEC GRACIAS A COORDINACI\u00d3N INTERINSTITUCIONAL - NDP Noticias","robots":{"index":"index","follow":"follow","max-snippet":"max-snippet:-1","max-image-preview":"max-image-preview:large","max-video-preview":"max-video-preview:-1"},"canonical":"https:\/\/ndpnoticias.com.mx\/?p=11739","og_locale":"es_ES","og_type":"article","og_title":"BAJA LA DELINCUENCIA EN ECATEPEC GRACIAS A COORDINACI\u00d3N INTERINSTITUCIONAL - NDP Noticias","og_description":"Ecatepec, M\u00e9x.- En tan solo cuatro meses de administraci\u00f3n, Ecatepec ha logrado una disminuci\u00f3n del 13.9% en la incidencia delictiva, en comparaci\u00f3n con el mismo periodo del a\u00f1o anterior. As\u00ed&hellip;","og_url":"https:\/\/ndpnoticias.com.mx\/?p=11739","og_site_name":"NDP Noticias","article_published_time":"2025-06-19T03:21:08+00:00","article_modified_time":"2025-06-19T03:21:10+00:00","og_image":[{"width":2560,"height":1707,"url":"https:\/\/ndpnoticias.com.mx\/wp-content\/uploads\/2025\/06\/IMG_6630-scaled.jpeg","type":"image\/jpeg"}],"author":"admin","twitter_card":"summary_large_image","twitter_misc":{"Escrito por":"admin","Tiempo de lectura":"2 minutos"},"schema":{"@context":"https:\/\/schema.org","@graph":[{"@type":"Article","@id":"https:\/\/ndpnoticias.com.mx\/?p=11739#article","isPartOf":{"@id":"https:\/\/ndpnoticias.com.mx\/?p=11739"},"author":{"name":"admin","@id":"https:\/\/ndpnoticias.com.mx\/#\/schema\/person\/76f3f372c2bedd0bf44c0c3fb0adc6ca"},"headline":"BAJA LA DELINCUENCIA EN ECATEPEC GRACIAS A COORDINACI\u00d3N INTERINSTITUCIONAL","datePublished":"2025-06-19T03:21:08+00:00","dateModified":"2025-06-19T03:21:10+00:00","mainEntityOfPage":{"@id":"https:\/\/ndpnoticias.com.mx\/?p=11739"},"wordCount":371,"commentCount":0,"publisher":{"@id":"https:\/\/ndpnoticias.com.mx\/#organization"},"image":{"@id":"https:\/\/ndpnoticias.com.mx\/?p=11739#primaryimage"},"thumbnailUrl":"https:\/\/ndpnoticias.com.mx\/wp-content\/uploads\/2025\/06\/IMG_6630-scaled.jpeg","articleSection":["Ecatepec"],"inLanguage":"es","potentialAction":[{"@type":"CommentAction","name":"Comment","target":["https:\/\/ndpnoticias.com.mx\/?p=11739#respond"]}]},{"@type":"WebPage","@id":"https:\/\/ndpnoticias.com.mx\/?p=11739","url":"https:\/\/ndpnoticias.com.mx\/?p=11739","name":"BAJA LA DELINCUENCIA EN ECATEPEC GRACIAS A COORDINACI\u00d3N INTERINSTITUCIONAL - NDP Noticias","isPartOf":{"@id":"https:\/\/ndpnoticias.com.mx\/#website"},"primaryImageOfPage":{"@id":"https:\/\/ndpnoticias.com.mx\/?p=11739#primaryimage"},"image":{"@id":"https:\/\/ndpnoticias.com.mx\/?p=11739#primaryimage"},"thumbnailUrl":"https:\/\/ndpnoticias.com.mx\/wp-content\/uploads\/2025\/06\/IMG_6630-scaled.jpeg","datePublished":"2025-06-19T03:21:08+00:00","dateModified":"2025-06-19T03:21:10+00:00","breadcrumb":{"@id":"https:\/\/ndpnoticias.com.mx\/?p=11739#breadcrumb"},"inLanguage":"es","potentialAction":[{"@type":"ReadAction","target":["https:\/\/ndpnoticias.com.mx\/?p=11739"]}]},{"@type":"ImageObject","inLanguage":"es","@id":"https:\/\/ndpnoticias.com.mx\/?p=11739#primaryimage","url":"https:\/\/ndpnoticias.com.mx\/wp-content\/uploads\/2025\/06\/IMG_6630-scaled.jpeg","contentUrl":"https:\/\/ndpnoticias.com.mx\/wp-content\/uploads\/2025\/06\/IMG_6630-scaled.jpeg","width":2560,"height":1707},{"@type":"BreadcrumbList","@id":"https:\/\/ndpnoticias.com.mx\/?p=11739#breadcrumb","itemListElement":[{"@type":"ListItem","position":1,"name":"Portada","item":"https:\/\/ndpnoticias.com.mx\/"},{"@type":"ListItem","position":2,"name":"BAJA LA DELINCUENCIA EN ECATEPEC GRACIAS A COORDINACI\u00d3N INTERINSTITUCIONAL"}]},{"@type":"WebSite","@id":"https:\/\/ndpnoticias.com.mx\/#website","url":"https:\/\/ndpnoticias.com.mx\/","name":"NDP Noticias","description":"","publisher":{"@id":"https:\/\/ndpnoticias.com.mx\/#organization"},"potentialAction":[{"@type":"SearchAction","target":{"@type":"EntryPoint","urlTemplate":"https:\/\/ndpnoticias.com.mx\/?s={search_term_string}"},"query-input":"required name=search_term_string"}],"inLanguage":"es"},{"@type":"Organization","@id":"https:\/\/ndpnoticias.com.mx\/#organization","name":"NDP Noticias","url":"https:\/\/ndpnoticias.com.mx\/","logo":{"@type":"ImageObject","inLanguage":"es","@id":"https:\/\/ndpnoticias.com.mx\/#\/schema\/logo\/image\/","url":"https:\/\/ndpnoticias.com.mx\/wp-content\/uploads\/2024\/01\/cropped-IMG_3802-1.jpeg","contentUrl":"https:\/\/ndpnoticias.com.mx\/wp-content\/uploads\/2024\/01\/cropped-IMG_3802-1.jpeg","width":472,"height":80,"caption":"NDP Noticias"},"image":{"@id":"https:\/\/ndpnoticias.com.mx\/#\/schema\/logo\/image\/"}},{"@type":"Person","@id":"https:\/\/ndpnoticias.com.mx\/#\/schema\/person\/76f3f372c2bedd0bf44c0c3fb0adc6ca","name":"admin","image":{"@type":"ImageObject","inLanguage":"es","@id":"https:\/\/ndpnoticias.com.mx\/#\/schema\/person\/image\/","url":"https:\/\/secure.gravatar.com\/avatar\/76d7e481f585a42e41243c8312642a6f526d9b06cd67b616fc58155ca4786d1a?s=96&d=mm&r=g","contentUrl":"https:\/\/secure.gravatar.com\/avatar\/76d7e481f585a42e41243c8312642a6f526d9b06cd67b616fc58155ca4786d1a?s=96&d=mm&r=g","caption":"admin"},"sameAs":["https:\/\/ndpnoticias.com.mx"],"url":"https:\/\/ndpnoticias.com.mx\/?author=1"}]}},"_links":{"self":[{"href":"https:\/\/ndpnoticias.com.mx\/index.php?rest_route=\/wp\/v2\/posts\/11739","targetHints":{"allow":["GET"]}}],"collection":[{"href":"https:\/\/ndpnoticias.com.mx\/index.php?rest_route=\/wp\/v2\/posts"}],"about":[{"href":"https:\/\/ndpnoticias.com.mx\/index.php?rest_route=\/wp\/v2\/types\/post"}],"author":[{"embeddable":true,"href":"https:\/\/ndpnoticias.com.mx\/index.php?rest_route=\/wp\/v2\/users\/1"}],"replies":[{"embeddable":true,"href":"https:\/\/ndpnoticias.com.mx\/index.php?rest_route=%2Fwp%2Fv2%2Fcomments&post=11739"}],"version-history":[{"count":1,"href":"https:\/\/ndpnoticias.com.mx\/index.php?rest_route=\/wp\/v2\/posts\/11739\/revisions"}],"predecessor-version":[{"id":11741,"href":"https:\/\/ndpnoticias.com.mx\/index.php?rest_route=\/wp\/v2\/posts\/11739\/revisions\/11741"}],"wp:featuredmedia":[{"embeddable":true,"href":"https:\/\/ndpnoticias.com.mx\/index.php?rest_route=\/wp\/v2\/media\/11740"}],"wp:attachment":[{"href":"https:\/\/ndpnoticias.com.mx\/index.php?rest_route=%2Fwp%2Fv2%2Fmedia&parent=11739"}],"wp:term":[{"taxonomy":"category","embeddable":true,"href":"https:\/\/ndpnoticias.com.mx\/index.php?rest_route=%2Fwp%2Fv2%2Fcategories&post=11739"},{"taxonomy":"post_tag","embeddable":true,"href":"https:\/\/ndpnoticias.com.mx\/index.php?rest_route=%2Fwp%2Fv2%2Ftags&post=11739"}],"curies":[{"name":"wp","href":"https:\/\/api.w.org\/{rel}","templated":true}]}}